{"id":10073,"date":"2023-10-18T01:00:33","date_gmt":"2023-10-18T01:00:33","guid":{"rendered":"https:\/\/www.ametllerorigenwp.com\/?p=10073"},"modified":"2023-10-17T14:58:03","modified_gmt":"2023-10-17T14:58:03","slug":"el-persimon-una-fruita-clau-per-al-bon-funcionament-de-la-vista","status":"publish","type":"post","link":"https:\/\/www.ametllerorigenwp.com\/ca\/el-persimon-una-fruita-clau-per-al-bon-funcionament-de-la-vista\/","title":{"rendered":"El persimon, una fruita clau per al bon funcionament de la vista"},"content":{"rendered":"<p>De forma arrodonida i pell fina, <strong>el persimon \u00e9s una fruita que destaca per la seva caracter\u00edstica dol\u00e7or i les seves propietats beneficioses per a l\u2019organisme<\/strong>. En concret, el persimon \u00e9s molt ric en <strong>vitamina A<\/strong>, que ajuda al bon funcionament de la vista i, <strong>vitamina C<\/strong>, que interv\u00e9 en la formaci\u00f3 de col\u00b7lagen. Tanmateix, el persimon t\u00e9 quantitats significatives de <strong>potassi<\/strong>, necessari per a l\u2019activitat muscular normal i, a m\u00e9s, \u00e9s ric en <strong>fibra<\/strong>, que contribueix a millorar la microbiota intestinal.<\/p>\n<p>Gaudeix d\u2019aquesta fruita de temporada ara que es troba en promoci\u00f3 a la teva botiga habitual o a la <a href=\"https:\/\/www.ametllerorigen.com\/ca\/fruita\/pinya-coco-i-altres-fruites-tropicals\">botiga online<\/a>!<\/p>\n","protected":false},"excerpt":{"rendered":"<p>De forma arrodonida i pell fina, el persimon \u00e9s una fruita que destaca per la seva caracter\u00edstica dol\u00e7or i les seves propietats beneficioses per a l\u2019organisme. En concret, el persimon \u00e9s molt ric en vitamina A, que ajuda al bon funcionament de la vista i, vitamina C, que interv\u00e9 en la formaci\u00f3 de col\u00b7lagen. Tanmateix, &hellip; <a href=\"https:\/\/www.ametllerorigenwp.com\/ca\/el-persimon-una-fruita-clau-per-al-bon-funcionament-de-la-vista\/\" class=\"more-link\">Continua llegint <span class=\"screen-reader-text\">\u00abEl persimon, una fruita clau per al bon funcionament de la vista\u00bb<\/span><\/a><\/p>\n","protected":false},"author":5,"featured_media":10074,"comment_status":"closed","ping_status":"closed","sticky":false,"template":"","format":"standard","meta":{"_uag_custom_page_level_css":"","advgb_blocks_editor_width":"","advgb_blocks_columns_visual_guide":"","footnotes":""},"categories":[2],"tags":[],"class_list":["post-10073","post","type-post","status-publish","format-standard","has-post-thumbnail","hentry","category-noticies"],"author_meta":{"display_name":"Mireia Zaragoza","author_link":"https:\/\/www.ametllerorigenwp.com\/ca\/author\/mzaragoza\/"},"featured_img":"https:\/\/www.ametllerorigenwp.com\/wp-content\/uploads\/2023\/10\/Proyecto-nuevo-59-300x102.png","uagb_featured_image_src":{"full":["https:\/\/www.ametllerorigenwp.com\/wp-content\/uploads\/2023\/10\/Proyecto-nuevo-59.png",1000,340,false],"thumbnail":["https:\/\/www.ametllerorigenwp.com\/wp-content\/uploads\/2023\/10\/Proyecto-nuevo-59-150x150.png",150,150,true],"medium":["https:\/\/www.ametllerorigenwp.com\/wp-content\/uploads\/2023\/10\/Proyecto-nuevo-59-300x102.png",300,102,true],"medium_large":["https:\/\/www.ametllerorigenwp.com\/wp-content\/uploads\/2023\/10\/Proyecto-nuevo-59-768x261.png",768,261,true],"large":["https:\/\/www.ametllerorigenwp.com\/wp-content\/uploads\/2023\/10\/Proyecto-nuevo-59.png",840,286,false],"1536x1536":["https:\/\/www.ametllerorigenwp.com\/wp-content\/uploads\/2023\/10\/Proyecto-nuevo-59.png",1000,340,false],"2048x2048":["https:\/\/www.ametllerorigenwp.com\/wp-content\/uploads\/2023\/10\/Proyecto-nuevo-59.png",1000,340,false],"post-thumbnail":["https:\/\/www.ametllerorigenwp.com\/wp-content\/uploads\/2023\/10\/Proyecto-nuevo-59.png",1000,340,false]},"uagb_author_info":{"display_name":"Mireia Zaragoza","author_link":"https:\/\/www.ametllerorigenwp.com\/ca\/author\/mzaragoza\/"},"uagb_comment_info":0,"uagb_excerpt":"De forma arrodonida i pell fina, el persimon \u00e9s una fruita que destaca per la seva caracter\u00edstica dol\u00e7or i les seves propietats beneficioses per a l\u2019organisme. En concret, el persimon \u00e9s molt ric en vitamina A, que ajuda al bon funcionament de la vista i, vitamina C, que interv\u00e9 en la formaci\u00f3 de col\u00b7lagen. Tanmateix,&hellip;","coauthors":[],"tax_additional":{"categories":{"linked":["<a href=\"https:\/\/www.ametllerorigenwp.com\/ca\/category\/noticies\/\" class=\"advgb-post-tax-term\">Noticies<\/a>"],"unlinked":["<span class=\"advgb-post-tax-term\">Noticies<\/span>"]}},"comment_count":"0","relative_dates":{"created":"Posted 3 anys ago","modified":"Updated 3 anys ago"},"absolute_dates":{"created":"Posted on 18 d'octubre de 2023","modified":"Updated on 17 d'octubre de 2023"},"absolute_dates_time":{"created":"Posted on 18 d'octubre de 2023 01:00","modified":"Updated on 17 d'octubre de 2023 14:58"},"featured_img_caption":"","series_order":"","show_in_app":true,"fecha_inicio_destacado":null,"hora_inicio_visualizacion":null,"minutos_inicio_visualizacion":null,"fecha_final_destacado":null,"hora_final_visualizacion":null,"minutos_final_visualizacion":null,"posicion_visualizacion":null,"estado_destacado":null,"niveles_destacados":null,"url_del_enlace":null,"banner_destacado":null,"posicion_visualizacion_de_la_noticia":"01","estado_noticia":["Visible"],"fecha_de_inicio_de_visualizacion_del_tutorial":null,"hora_inicio_visualizacion_tutorial":null,"minutos_inicio_visualizacion_tutorial":null,"fecha_de_final_de_visualizacion_del_tutorial":null,"hora_final_visualizacion_tutorial":null,"minutos_final_visualizacion_tutorial":null,"numero_de_veces_visto":null,"numero_de_veces_total":null,"niveles_tutorial":null,"tutorial_recursos_castellano":null,"tutorial_recursos_catalan":null,"dias_disponibles":null,"dias_de_la_semana":null,"dias_del_mes":null,"other_lang_post_id":null,"lang":"ca","campanya_descripcion":null,"campanya_fecha_inicio":null,"campanya_fecha_fin":null,"campanya_legales":null,"campanya_imagen":null,"campanya_characteristics":null,"campanya_url":null,"campanya_posicion_visualizacion":null,"campanya_estado":null,"_links":{"self":[{"href":"https:\/\/www.ametllerorigenwp.com\/ca\/wp-json\/wp\/v2\/posts\/10073","targetHints":{"allow":["GET"]}}],"collection":[{"href":"https:\/\/www.ametllerorigenwp.com\/ca\/wp-json\/wp\/v2\/posts"}],"about":[{"href":"https:\/\/www.ametllerorigenwp.com\/ca\/wp-json\/wp\/v2\/types\/post"}],"author":[{"embeddable":true,"href":"https:\/\/www.ametllerorigenwp.com\/ca\/wp-json\/wp\/v2\/users\/5"}],"replies":[{"embeddable":true,"href":"https:\/\/www.ametllerorigenwp.com\/ca\/wp-json\/wp\/v2\/comments?post=10073"}],"version-history":[{"count":2,"href":"https:\/\/www.ametllerorigenwp.com\/ca\/wp-json\/wp\/v2\/posts\/10073\/revisions"}],"predecessor-version":[{"id":10081,"href":"https:\/\/www.ametllerorigenwp.com\/ca\/wp-json\/wp\/v2\/posts\/10073\/revisions\/10081"}],"wp:featuredmedia":[{"embeddable":true,"href":"https:\/\/www.ametllerorigenwp.com\/ca\/wp-json\/wp\/v2\/media\/10074"}],"wp:attachment":[{"href":"https:\/\/www.ametllerorigenwp.com\/ca\/wp-json\/wp\/v2\/media?parent=10073"}],"wp:term":[{"taxonomy":"category","embeddable":true,"href":"https:\/\/www.ametllerorigenwp.com\/ca\/wp-json\/wp\/v2\/categories?post=10073"},{"taxonomy":"post_tag","embeddable":true,"href":"https:\/\/www.ametllerorigenwp.com\/ca\/wp-json\/wp\/v2\/tags?post=10073"}],"curies":[{"name":"wp","href":"https:\/\/api.w.org\/{rel}","templated":true}]}}