{"id":10229,"date":"2023-11-06T01:00:55","date_gmt":"2023-11-06T01:00:55","guid":{"rendered":"https:\/\/www.ametllerorigenwp.com\/?p=10229"},"modified":"2023-11-03T09:22:23","modified_gmt":"2023-11-03T09:22:23","slug":"cultivem-de-manera-exclusiva-la-poma-redgold-pirineus-catalans-una-varietat-mes-dolca-i-cruixent","status":"publish","type":"post","link":"https:\/\/www.ametllerorigenwp.com\/ca\/cultivem-de-manera-exclusiva-la-poma-redgold-pirineus-catalans-una-varietat-mes-dolca-i-cruixent\/","title":{"rendered":"Cultivem de manera exclusiva la poma RedGold Pirineus Catalans, una varietat m\u00e9s dol\u00e7a i cruixent"},"content":{"rendered":"<p>A la comarca de la Noguera, enmig de la Serra del Montsec, entre boscos d\u2019alzines i pins <strong>es troba la Finca Fam\u00edlia Catal\u00e0, uns terrenys on cultivem diferents varietats de pomes Pirineus Catalans<\/strong>. Concretament, tenim <strong>132 hect\u00e0rees dedicades al cultiu de quatre varietats de poma Pirineus Catalans: la Golden<\/strong>, de color groc o daurat com el seu nom indica, <strong>la Gala<\/strong>, de color vermell brillant, <strong>la Fuji<\/strong>, vermell jaspiada amb groc, i la <strong>RedGold<\/strong>, una varietat exlusiva que nom\u00e9s podr\u00e0s trobar a les botigues Ametller Origen.<\/p>\n<p>Vols saber qu\u00e8 t\u00e9 d\u2019especial la varietat RedGold? Descobreix-ho en aquest article del <a href=\"https:\/\/www.ametllerorigen.com\/ca\/blog\/cultivem-de-manera-exclusiva-la-poma-redgold-pirineus-catalans-una-varietat-mes-dolca-i-cruixent\">blog<\/a>!<\/p>\n","protected":false},"excerpt":{"rendered":"<p>A la comarca de la Noguera, enmig de la Serra del Montsec, entre boscos d\u2019alzines i pins es troba la Finca Fam\u00edlia Catal\u00e0, uns terrenys on cultivem diferents varietats de pomes Pirineus Catalans. Concretament, tenim 132 hect\u00e0rees dedicades al cultiu de quatre varietats de poma Pirineus Catalans: la Golden, de color groc o daurat com &hellip; <a href=\"https:\/\/www.ametllerorigenwp.com\/ca\/cultivem-de-manera-exclusiva-la-poma-redgold-pirineus-catalans-una-varietat-mes-dolca-i-cruixent\/\" class=\"more-link\">Continua llegint <span class=\"screen-reader-text\">\u00abCultivem de manera exclusiva la poma RedGold Pirineus Catalans, una varietat m\u00e9s dol\u00e7a i cruixent\u00bb<\/span><\/a><\/p>\n","protected":false},"author":5,"featured_media":10227,"comment_status":"closed","ping_status":"closed","sticky":false,"template":"","format":"standard","meta":{"_uag_custom_page_level_css":"","advgb_blocks_editor_width":"","advgb_blocks_columns_visual_guide":"","footnotes":""},"categories":[2],"tags":[],"class_list":["post-10229","post","type-post","status-publish","format-standard","has-post-thumbnail","hentry","category-noticies"],"author_meta":{"display_name":"Mireia Zaragoza","author_link":"https:\/\/www.ametllerorigenwp.com\/ca\/author\/mzaragoza\/"},"featured_img":"https:\/\/www.ametllerorigenwp.com\/wp-content\/uploads\/2023\/11\/Proyecto-nuevo-15-300x102.jpg","uagb_featured_image_src":{"full":["https:\/\/www.ametllerorigenwp.com\/wp-content\/uploads\/2023\/11\/Proyecto-nuevo-15.jpg",1000,340,false],"thumbnail":["https:\/\/www.ametllerorigenwp.com\/wp-content\/uploads\/2023\/11\/Proyecto-nuevo-15-150x150.jpg",150,150,true],"medium":["https:\/\/www.ametllerorigenwp.com\/wp-content\/uploads\/2023\/11\/Proyecto-nuevo-15-300x102.jpg",300,102,true],"medium_large":["https:\/\/www.ametllerorigenwp.com\/wp-content\/uploads\/2023\/11\/Proyecto-nuevo-15-768x261.jpg",768,261,true],"large":["https:\/\/www.ametllerorigenwp.com\/wp-content\/uploads\/2023\/11\/Proyecto-nuevo-15.jpg",840,286,false],"1536x1536":["https:\/\/www.ametllerorigenwp.com\/wp-content\/uploads\/2023\/11\/Proyecto-nuevo-15.jpg",1000,340,false],"2048x2048":["https:\/\/www.ametllerorigenwp.com\/wp-content\/uploads\/2023\/11\/Proyecto-nuevo-15.jpg",1000,340,false],"post-thumbnail":["https:\/\/www.ametllerorigenwp.com\/wp-content\/uploads\/2023\/11\/Proyecto-nuevo-15.jpg",1000,340,false]},"uagb_author_info":{"display_name":"Mireia Zaragoza","author_link":"https:\/\/www.ametllerorigenwp.com\/ca\/author\/mzaragoza\/"},"uagb_comment_info":0,"uagb_excerpt":"A la comarca de la Noguera, enmig de la Serra del Montsec, entre boscos d\u2019alzines i pins es troba la Finca Fam\u00edlia Catal\u00e0, uns terrenys on cultivem diferents varietats de pomes Pirineus Catalans. Concretament, tenim 132 hect\u00e0rees dedicades al cultiu de quatre varietats de poma Pirineus Catalans: la Golden, de color groc o daurat com&hellip;","coauthors":[],"tax_additional":{"categories":{"linked":["<a href=\"https:\/\/www.ametllerorigenwp.com\/ca\/category\/noticies\/\" class=\"advgb-post-tax-term\">Noticies<\/a>"],"unlinked":["<span class=\"advgb-post-tax-term\">Noticies<\/span>"]}},"comment_count":"0","relative_dates":{"created":"Posted 2 anys ago","modified":"Updated 2 anys ago"},"absolute_dates":{"created":"Posted on 6 de novembre de 2023","modified":"Updated on 3 de novembre de 2023"},"absolute_dates_time":{"created":"Posted on 6 de novembre de 2023 01:00","modified":"Updated on 3 de novembre de 2023 09:22"},"featured_img_caption":"","series_order":"","show_in_app":true,"fecha_inicio_destacado":null,"hora_inicio_visualizacion":null,"minutos_inicio_visualizacion":null,"fecha_final_destacado":null,"hora_final_visualizacion":null,"minutos_final_visualizacion":null,"posicion_visualizacion":null,"estado_destacado":null,"niveles_destacados":null,"url_del_enlace":null,"banner_destacado":null,"posicion_visualizacion_de_la_noticia":"01","estado_noticia":["Visible"],"fecha_de_inicio_de_visualizacion_del_tutorial":null,"hora_inicio_visualizacion_tutorial":null,"minutos_inicio_visualizacion_tutorial":null,"fecha_de_final_de_visualizacion_del_tutorial":null,"hora_final_visualizacion_tutorial":null,"minutos_final_visualizacion_tutorial":null,"numero_de_veces_visto":null,"numero_de_veces_total":null,"niveles_tutorial":null,"tutorial_recursos_castellano":null,"tutorial_recursos_catalan":null,"dias_disponibles":null,"dias_de_la_semana":null,"dias_del_mes":null,"other_lang_post_id":null,"lang":"ca","campanya_descripcion":null,"campanya_fecha_inicio":null,"campanya_fecha_fin":null,"campanya_legales":null,"campanya_imagen":null,"campanya_characteristics":null,"campanya_url":null,"campanya_posicion_visualizacion":null,"campanya_estado":null,"_links":{"self":[{"href":"https:\/\/www.ametllerorigenwp.com\/ca\/wp-json\/wp\/v2\/posts\/10229","targetHints":{"allow":["GET"]}}],"collection":[{"href":"https:\/\/www.ametllerorigenwp.com\/ca\/wp-json\/wp\/v2\/posts"}],"about":[{"href":"https:\/\/www.ametllerorigenwp.com\/ca\/wp-json\/wp\/v2\/types\/post"}],"author":[{"embeddable":true,"href":"https:\/\/www.ametllerorigenwp.com\/ca\/wp-json\/wp\/v2\/users\/5"}],"replies":[{"embeddable":true,"href":"https:\/\/www.ametllerorigenwp.com\/ca\/wp-json\/wp\/v2\/comments?post=10229"}],"version-history":[{"count":1,"href":"https:\/\/www.ametllerorigenwp.com\/ca\/wp-json\/wp\/v2\/posts\/10229\/revisions"}],"predecessor-version":[{"id":10230,"href":"https:\/\/www.ametllerorigenwp.com\/ca\/wp-json\/wp\/v2\/posts\/10229\/revisions\/10230"}],"wp:featuredmedia":[{"embeddable":true,"href":"https:\/\/www.ametllerorigenwp.com\/ca\/wp-json\/wp\/v2\/media\/10227"}],"wp:attachment":[{"href":"https:\/\/www.ametllerorigenwp.com\/ca\/wp-json\/wp\/v2\/media?parent=10229"}],"wp:term":[{"taxonomy":"category","embeddable":true,"href":"https:\/\/www.ametllerorigenwp.com\/ca\/wp-json\/wp\/v2\/categories?post=10229"},{"taxonomy":"post_tag","embeddable":true,"href":"https:\/\/www.ametllerorigenwp.com\/ca\/wp-json\/wp\/v2\/tags?post=10229"}],"curies":[{"name":"wp","href":"https:\/\/api.w.org\/{rel}","templated":true}]}}