{"id":10296,"date":"2023-11-14T01:00:29","date_gmt":"2023-11-14T01:00:29","guid":{"rendered":"https:\/\/www.ametllerorigenwp.com\/?p=10296"},"modified":"2023-11-13T15:58:25","modified_gmt":"2023-11-13T15:58:25","slug":"la-papaia-una-fruita-que-destaca-pel-seu-contingut-en-vitamina-c","status":"publish","type":"post","link":"https:\/\/www.ametllerorigenwp.com\/ca\/la-papaia-una-fruita-que-destaca-pel-seu-contingut-en-vitamina-c\/","title":{"rendered":"La papaia, una fruita que destaca pel seu contingut en vitamina C"},"content":{"rendered":"<p>De color verd groguenc o ataronjat, amb llavors negres a l\u2019interior i de consist\u00e8ncia mantegosa, <strong>la papaia no nom\u00e9s \u00e9s una fruita ben dol\u00e7a i sucosa<\/strong> sin\u00f3 que tamb\u00e9 <strong>\u00e9s una de les fruites tropicals m\u00e9s beneficioses per a l\u2019organisme<\/strong>.<\/p>\n<p>M\u00e9s concretament, la papaia destaca pel seu contingut en <strong>vitamina C<\/strong>, que ajuda a protegir i millorar el sistema immunitari i, <strong>vitamina A<\/strong>, que ajuda a conservar la pell en bon estat. Tanmateix, t\u00e9 un <strong>alt contingut en fibra<\/strong>, que \u00e9s ideal per regular el tr\u00e0nsit intestinal i combatre el restrenyiment. Respecte als minerals, disposa de <strong>potassi<\/strong>, que ajuda a la contracci\u00f3 dels m\u00fasculs, i de <strong>magnesi<\/strong>, que contribueix al bon funcionament del sistema nervi\u00f3s.<\/p>\n<p>Gaudeix d\u2019aquesta fruita tan beneficiosa ara que es troba en promoci\u00f3 a la teva botiga habitual o a la <a href=\"https:\/\/www.ametllerorigen.com\/ca\/fruita\/pinya-coco-i-altres-fruites-tropicals\">botiga online<\/a>!<\/p>\n","protected":false},"excerpt":{"rendered":"<p>De color verd groguenc o ataronjat, amb llavors negres a l\u2019interior i de consist\u00e8ncia mantegosa, la papaia no nom\u00e9s \u00e9s una fruita ben dol\u00e7a i sucosa sin\u00f3 que tamb\u00e9 \u00e9s una de les fruites tropicals m\u00e9s beneficioses per a l\u2019organisme. M\u00e9s concretament, la papaia destaca pel seu contingut en vitamina C, que ajuda a protegir &hellip; <a href=\"https:\/\/www.ametllerorigenwp.com\/ca\/la-papaia-una-fruita-que-destaca-pel-seu-contingut-en-vitamina-c\/\" class=\"more-link\">Continua llegint <span class=\"screen-reader-text\">\u00abLa papaia, una fruita que destaca pel seu contingut en vitamina C\u00bb<\/span><\/a><\/p>\n","protected":false},"author":5,"featured_media":10297,"comment_status":"closed","ping_status":"closed","sticky":false,"template":"","format":"standard","meta":{"_uag_custom_page_level_css":"","advgb_blocks_editor_width":"","advgb_blocks_columns_visual_guide":"","footnotes":""},"categories":[2],"tags":[],"class_list":["post-10296","post","type-post","status-publish","format-standard","has-post-thumbnail","hentry","category-noticies"],"author_meta":{"display_name":"Mireia Zaragoza","author_link":"https:\/\/www.ametllerorigenwp.com\/ca\/author\/mzaragoza\/"},"featured_img":"https:\/\/www.ametllerorigenwp.com\/wp-content\/uploads\/2023\/11\/Proyecto-nuevo-19-300x102.jpg","uagb_featured_image_src":{"full":["https:\/\/www.ametllerorigenwp.com\/wp-content\/uploads\/2023\/11\/Proyecto-nuevo-19.jpg",1000,340,false],"thumbnail":["https:\/\/www.ametllerorigenwp.com\/wp-content\/uploads\/2023\/11\/Proyecto-nuevo-19-150x150.jpg",150,150,true],"medium":["https:\/\/www.ametllerorigenwp.com\/wp-content\/uploads\/2023\/11\/Proyecto-nuevo-19-300x102.jpg",300,102,true],"medium_large":["https:\/\/www.ametllerorigenwp.com\/wp-content\/uploads\/2023\/11\/Proyecto-nuevo-19-768x261.jpg",768,261,true],"large":["https:\/\/www.ametllerorigenwp.com\/wp-content\/uploads\/2023\/11\/Proyecto-nuevo-19.jpg",840,286,false],"1536x1536":["https:\/\/www.ametllerorigenwp.com\/wp-content\/uploads\/2023\/11\/Proyecto-nuevo-19.jpg",1000,340,false],"2048x2048":["https:\/\/www.ametllerorigenwp.com\/wp-content\/uploads\/2023\/11\/Proyecto-nuevo-19.jpg",1000,340,false],"post-thumbnail":["https:\/\/www.ametllerorigenwp.com\/wp-content\/uploads\/2023\/11\/Proyecto-nuevo-19.jpg",1000,340,false]},"uagb_author_info":{"display_name":"Mireia Zaragoza","author_link":"https:\/\/www.ametllerorigenwp.com\/ca\/author\/mzaragoza\/"},"uagb_comment_info":0,"uagb_excerpt":"De color verd groguenc o ataronjat, amb llavors negres a l\u2019interior i de consist\u00e8ncia mantegosa, la papaia no nom\u00e9s \u00e9s una fruita ben dol\u00e7a i sucosa sin\u00f3 que tamb\u00e9 \u00e9s una de les fruites tropicals m\u00e9s beneficioses per a l\u2019organisme. M\u00e9s concretament, la papaia destaca pel seu contingut en vitamina C, que ajuda a protegir&hellip;","coauthors":[],"tax_additional":{"categories":{"linked":["<a href=\"https:\/\/www.ametllerorigenwp.com\/ca\/category\/noticies\/\" class=\"advgb-post-tax-term\">Noticies<\/a>"],"unlinked":["<span class=\"advgb-post-tax-term\">Noticies<\/span>"]}},"comment_count":"0","relative_dates":{"created":"Posted 2 anys ago","modified":"Updated 2 anys ago"},"absolute_dates":{"created":"Posted on 14 de novembre de 2023","modified":"Updated on 13 de novembre de 2023"},"absolute_dates_time":{"created":"Posted on 14 de novembre de 2023 01:00","modified":"Updated on 13 de novembre de 2023 15:58"},"featured_img_caption":"","series_order":"","show_in_app":true,"fecha_inicio_destacado":null,"hora_inicio_visualizacion":null,"minutos_inicio_visualizacion":null,"fecha_final_destacado":null,"hora_final_visualizacion":null,"minutos_final_visualizacion":null,"posicion_visualizacion":null,"estado_destacado":null,"niveles_destacados":null,"url_del_enlace":null,"banner_destacado":null,"posicion_visualizacion_de_la_noticia":"01","estado_noticia":["Visible"],"fecha_de_inicio_de_visualizacion_del_tutorial":null,"hora_inicio_visualizacion_tutorial":null,"minutos_inicio_visualizacion_tutorial":null,"fecha_de_final_de_visualizacion_del_tutorial":null,"hora_final_visualizacion_tutorial":null,"minutos_final_visualizacion_tutorial":null,"numero_de_veces_visto":null,"numero_de_veces_total":null,"niveles_tutorial":null,"tutorial_recursos_castellano":null,"tutorial_recursos_catalan":null,"dias_disponibles":null,"dias_de_la_semana":null,"dias_del_mes":null,"other_lang_post_id":null,"lang":"ca","campanya_descripcion":null,"campanya_fecha_inicio":null,"campanya_fecha_fin":null,"campanya_legales":null,"campanya_imagen":null,"campanya_characteristics":null,"campanya_url":null,"campanya_posicion_visualizacion":null,"campanya_estado":null,"_links":{"self":[{"href":"https:\/\/www.ametllerorigenwp.com\/ca\/wp-json\/wp\/v2\/posts\/10296","targetHints":{"allow":["GET"]}}],"collection":[{"href":"https:\/\/www.ametllerorigenwp.com\/ca\/wp-json\/wp\/v2\/posts"}],"about":[{"href":"https:\/\/www.ametllerorigenwp.com\/ca\/wp-json\/wp\/v2\/types\/post"}],"author":[{"embeddable":true,"href":"https:\/\/www.ametllerorigenwp.com\/ca\/wp-json\/wp\/v2\/users\/5"}],"replies":[{"embeddable":true,"href":"https:\/\/www.ametllerorigenwp.com\/ca\/wp-json\/wp\/v2\/comments?post=10296"}],"version-history":[{"count":1,"href":"https:\/\/www.ametllerorigenwp.com\/ca\/wp-json\/wp\/v2\/posts\/10296\/revisions"}],"predecessor-version":[{"id":10299,"href":"https:\/\/www.ametllerorigenwp.com\/ca\/wp-json\/wp\/v2\/posts\/10296\/revisions\/10299"}],"wp:featuredmedia":[{"embeddable":true,"href":"https:\/\/www.ametllerorigenwp.com\/ca\/wp-json\/wp\/v2\/media\/10297"}],"wp:attachment":[{"href":"https:\/\/www.ametllerorigenwp.com\/ca\/wp-json\/wp\/v2\/media?parent=10296"}],"wp:term":[{"taxonomy":"category","embeddable":true,"href":"https:\/\/www.ametllerorigenwp.com\/ca\/wp-json\/wp\/v2\/categories?post=10296"},{"taxonomy":"post_tag","embeddable":true,"href":"https:\/\/www.ametllerorigenwp.com\/ca\/wp-json\/wp\/v2\/tags?post=10296"}],"curies":[{"name":"wp","href":"https:\/\/api.w.org\/{rel}","templated":true}]}}