{"id":1032,"date":"2021-03-04T10:30:47","date_gmt":"2021-03-04T10:30:47","guid":{"rendered":"https:\/\/www.ametllerorigenwp.com\/?p=1032"},"modified":"2021-03-04T16:54:26","modified_gmt":"2021-03-04T16:54:26","slug":"dia-mundial-de-leficiencia-energetica-apostem-per-lenergia-verda","status":"publish","type":"post","link":"https:\/\/www.ametllerorigenwp.com\/ca\/dia-mundial-de-leficiencia-energetica-apostem-per-lenergia-verda\/","title":{"rendered":"Dia Mundial de l\u2019Efici\u00e8ncia Energ\u00e8tica: apostem per l\u2019energia verda"},"content":{"rendered":"\n<p>Avui es commemora el <strong>Dia Mundial de l\u2019Efici\u00e8ncia Energ\u00e8tica, una data per recordar la import\u00e0ncia d\u2019apostar per l\u2019energia sostenible<\/strong> i evitar, d\u2019aquesta forma, l\u2019augment de la temperatura global del planeta.<strong>&nbsp; <\/strong>Des d\u2019Ametller Origen estem compromesos a reduir l\u2019impacte de la nostra activitat en el medi ambient, per aix\u00f2, des del gener de 2018, el <strong>100% de l\u2019energia el\u00e8ctrica que utilitzem a les nostres botigues, a oficines i a la planta d\u2019elaborats \u00e9s energia el\u00e8ctrica certificada verda<\/strong>, \u00e9s a dir, prov\u00e9 de fonts renovables. Aix\u00f2 suposa zero emissions de CO2 per consum d\u2019energia el\u00e8ctrica.<\/p>\n\n\n\n<p>Tanmateix, en aquesta l\u00ednia, hem plantat ja m\u00e9s de 90 llavors que es corresponen a accions de millora en l\u2019\u00e0mbit de la sostenibilitat:<\/p>\n\n\n\n<p><strong>Llavor #1 <\/strong>Calculem les emissions de CO2 i GEH (Gas d\u2019Efecte Hivernacle) del grup i apliquem un pla de mesures de reducci\u00f3 i compensaci\u00f3 per evitar el canvi clim\u00e0tic. Des del 2015, certifiquem anualment el c\u00e0lcul de la nostra petjada i la implantaci\u00f3 de mesures per reduir les emissions de CO2 a les nostres botigues, oficines i a la planta d\u2019elaborats.<\/p>\n\n\n\n<p><strong>Llavor #2 <\/strong>Instal\u00b7laci\u00f3 de portes en els murals de fred per reduir el consum energ\u00e8tic i les emissions de CO2 i millorar la conservaci\u00f3 dels productes.<\/p>\n\n\n\n<p><strong>Llavor #7 i #9&nbsp; <\/strong>Des del 2019, reciclem el 100% del pl\u00e0stic i cartr\u00f3 que generem a log\u00edstica. Amb aquesta llavor hem recuperat i reciclat un total de 43 tones de pl\u00e0stic i 1.648 tones de cartr\u00f3.<\/p>\n\n\n\n<p><strong>Uneix-te al moviment a <a href=\"https:\/\/www.femcami.org\/ca\/\">Femcam\u00ed.org<\/a>!<\/strong><\/p>\n","protected":false},"excerpt":{"rendered":"<p>Avui es commemora el Dia Mundial de l\u2019Efici\u00e8ncia Energ\u00e8tica, una data per recordar la import\u00e0ncia d\u2019apostar per l\u2019energia sostenible i evitar, d\u2019aquesta forma, l\u2019augment de la temperatura global del planeta.&nbsp; Des d\u2019Ametller Origen estem compromesos a reduir l\u2019impacte de la nostra activitat en el medi ambient, per aix\u00f2, des del gener de 2018, el 100% &hellip; <a href=\"https:\/\/www.ametllerorigenwp.com\/ca\/dia-mundial-de-leficiencia-energetica-apostem-per-lenergia-verda\/\" class=\"more-link\">Continua llegint <span class=\"screen-reader-text\">\u00abDia Mundial de l\u2019Efici\u00e8ncia Energ\u00e8tica: apostem per l\u2019energia verda\u00bb<\/span><\/a><\/p>\n","protected":false},"author":5,"featured_media":1044,"comment_status":"open","ping_status":"open","sticky":false,"template":"","format":"standard","meta":{"_uag_custom_page_level_css":"","advgb_blocks_editor_width":"","advgb_blocks_columns_visual_guide":"","footnotes":""},"categories":[2],"tags":[],"class_list":["post-1032","post","type-post","status-publish","format-standard","has-post-thumbnail","hentry","category-noticies"],"author_meta":{"display_name":"Mireia Zaragoza","author_link":"https:\/\/www.ametllerorigenwp.com\/ca\/author\/mzaragoza\/"},"featured_img":"https:\/\/www.ametllerorigenwp.com\/wp-content\/uploads\/2021\/03\/eficiencia_1-w-300x200.jpg","uagb_featured_image_src":{"full":["https:\/\/www.ametllerorigenwp.com\/wp-content\/uploads\/2021\/03\/eficiencia_1-w.jpg",1200,800,false],"thumbnail":["https:\/\/www.ametllerorigenwp.com\/wp-content\/uploads\/2021\/03\/eficiencia_1-w-150x150.jpg",150,150,true],"medium":["https:\/\/www.ametllerorigenwp.com\/wp-content\/uploads\/2021\/03\/eficiencia_1-w-300x200.jpg",300,200,true],"medium_large":["https:\/\/www.ametllerorigenwp.com\/wp-content\/uploads\/2021\/03\/eficiencia_1-w-768x512.jpg",768,512,true],"large":["https:\/\/www.ametllerorigenwp.com\/wp-content\/uploads\/2021\/03\/eficiencia_1-w-1024x683.jpg",840,560,true],"1536x1536":["https:\/\/www.ametllerorigenwp.com\/wp-content\/uploads\/2021\/03\/eficiencia_1-w.jpg",1200,800,false],"2048x2048":["https:\/\/www.ametllerorigenwp.com\/wp-content\/uploads\/2021\/03\/eficiencia_1-w.jpg",1200,800,false],"post-thumbnail":["https:\/\/www.ametllerorigenwp.com\/wp-content\/uploads\/2021\/03\/eficiencia_1-w.jpg",1200,800,false]},"uagb_author_info":{"display_name":"Mireia Zaragoza","author_link":"https:\/\/www.ametllerorigenwp.com\/ca\/author\/mzaragoza\/"},"uagb_comment_info":0,"uagb_excerpt":"Avui es commemora el Dia Mundial de l\u2019Efici\u00e8ncia Energ\u00e8tica, una data per recordar la import\u00e0ncia d\u2019apostar per l\u2019energia sostenible i evitar, d\u2019aquesta forma, l\u2019augment de la temperatura global del planeta.&nbsp; Des d\u2019Ametller Origen estem compromesos a reduir l\u2019impacte de la nostra activitat en el medi ambient, per aix\u00f2, des del gener de 2018, el 100%&hellip;","coauthors":[],"tax_additional":{"categories":{"linked":["<a href=\"https:\/\/www.ametllerorigenwp.com\/ca\/category\/noticies\/\" class=\"advgb-post-tax-term\">Noticies<\/a>"],"unlinked":["<span class=\"advgb-post-tax-term\">Noticies<\/span>"]}},"comment_count":"0","relative_dates":{"created":"Posted 5 anys ago","modified":"Updated 5 anys ago"},"absolute_dates":{"created":"Posted on 4 de mar\u00e7 de 2021","modified":"Updated on 4 de mar\u00e7 de 2021"},"absolute_dates_time":{"created":"Posted on 4 de mar\u00e7 de 2021 10:30","modified":"Updated on 4 de mar\u00e7 de 2021 16:54"},"featured_img_caption":"","series_order":"","show_in_app":true,"fecha_inicio_destacado":null,"hora_inicio_visualizacion":null,"minutos_inicio_visualizacion":null,"fecha_final_destacado":null,"hora_final_visualizacion":null,"minutos_final_visualizacion":null,"posicion_visualizacion":null,"estado_destacado":null,"niveles_destacados":null,"url_del_enlace":null,"banner_destacado":null,"posicion_visualizacion_de_la_noticia":null,"estado_noticia":null,"fecha_de_inicio_de_visualizacion_del_tutorial":null,"hora_inicio_visualizacion_tutorial":null,"minutos_inicio_visualizacion_tutorial":null,"fecha_de_final_de_visualizacion_del_tutorial":null,"hora_final_visualizacion_tutorial":null,"minutos_final_visualizacion_tutorial":null,"numero_de_veces_visto":null,"numero_de_veces_total":null,"niveles_tutorial":null,"tutorial_recursos_castellano":null,"tutorial_recursos_catalan":null,"dias_disponibles":null,"dias_de_la_semana":null,"dias_del_mes":null,"other_lang_post_id":null,"lang":"ca","campanya_descripcion":null,"campanya_fecha_inicio":null,"campanya_fecha_fin":null,"campanya_legales":null,"campanya_imagen":null,"campanya_characteristics":null,"campanya_url":null,"campanya_posicion_visualizacion":null,"campanya_estado":null,"_links":{"self":[{"href":"https:\/\/www.ametllerorigenwp.com\/ca\/wp-json\/wp\/v2\/posts\/1032","targetHints":{"allow":["GET"]}}],"collection":[{"href":"https:\/\/www.ametllerorigenwp.com\/ca\/wp-json\/wp\/v2\/posts"}],"about":[{"href":"https:\/\/www.ametllerorigenwp.com\/ca\/wp-json\/wp\/v2\/types\/post"}],"author":[{"embeddable":true,"href":"https:\/\/www.ametllerorigenwp.com\/ca\/wp-json\/wp\/v2\/users\/5"}],"replies":[{"embeddable":true,"href":"https:\/\/www.ametllerorigenwp.com\/ca\/wp-json\/wp\/v2\/comments?post=1032"}],"version-history":[{"count":1,"href":"https:\/\/www.ametllerorigenwp.com\/ca\/wp-json\/wp\/v2\/posts\/1032\/revisions"}],"predecessor-version":[{"id":1037,"href":"https:\/\/www.ametllerorigenwp.com\/ca\/wp-json\/wp\/v2\/posts\/1032\/revisions\/1037"}],"wp:featuredmedia":[{"embeddable":true,"href":"https:\/\/www.ametllerorigenwp.com\/ca\/wp-json\/wp\/v2\/media\/1044"}],"wp:attachment":[{"href":"https:\/\/www.ametllerorigenwp.com\/ca\/wp-json\/wp\/v2\/media?parent=1032"}],"wp:term":[{"taxonomy":"category","embeddable":true,"href":"https:\/\/www.ametllerorigenwp.com\/ca\/wp-json\/wp\/v2\/categories?post=1032"},{"taxonomy":"post_tag","embeddable":true,"href":"https:\/\/www.ametllerorigenwp.com\/ca\/wp-json\/wp\/v2\/tags?post=1032"}],"curies":[{"name":"wp","href":"https:\/\/api.w.org\/{rel}","templated":true}]}}