{"id":10343,"date":"2023-11-21T01:00:32","date_gmt":"2023-11-21T01:00:32","guid":{"rendered":"https:\/\/www.ametllerorigenwp.com\/?p=10343"},"modified":"2023-11-20T17:14:16","modified_gmt":"2023-11-20T17:14:16","slug":"cultivem-8-hectarees-per-oferir-te-diferents-varietats-de-pebrots","status":"publish","type":"post","link":"https:\/\/www.ametllerorigenwp.com\/ca\/cultivem-8-hectarees-per-oferir-te-diferents-varietats-de-pebrots\/","title":{"rendered":"Cultivem 8 hect\u00e0rees per oferir-te diferents varietats de pebrots"},"content":{"rendered":"<p>De color vermell o verd, forma arrodonida o allargada, dol\u00e7 o picant, <strong>el pebrot \u00e9s una hortalissa molt vers\u00e0til i apreciada a casa nostra<\/strong>. Actualment, <strong>tenim camps de pebrots al Maresme, en un total de 3 hect\u00e0rees,<\/strong> on vam iniciar la recol\u00b7lecci\u00f3 a primers de juliol i ha durat fins a principis de novembre i <strong>a M\u00farcia, on tenim 5 hect\u00e0rees<\/strong>, i on ara estan creixent pebrots que collirem a finals de febrer.<\/p>\n<p>Concretament, <strong>al Maresme tenim plantacions del pebrot itali\u00e0<\/strong>, <strong>una varietat allargada i de color verd que s\u2019utilitza<\/strong>, principalment, <strong>per fregir<\/strong>, <strong>mentre que a M\u00farcia cultivem el pebrot vermell que \u00e9s el que despr\u00e9s s\u2019utilitza per menjar cru<\/strong> i, sobretot, <strong>per fer escalivada<\/strong>.<\/p>\n<p>Vols saber <strong>el secret dels nostres pagesos per cultivar i collir els pebrots<\/strong>? Te\u2019ls expliquem en aquest <a href=\"https:\/\/www.ametllerorigen.com\/ca\/blog\/cultivem-8-hectarees-per-oferir-te-diferents-varietats-de-pebrots\">article del blog<\/a>!<\/p>\n","protected":false},"excerpt":{"rendered":"<p>De color vermell o verd, forma arrodonida o allargada, dol\u00e7 o picant, el pebrot \u00e9s una hortalissa molt vers\u00e0til i apreciada a casa nostra. Actualment, tenim camps de pebrots al Maresme, en un total de 3 hect\u00e0rees, on vam iniciar la recol\u00b7lecci\u00f3 a primers de juliol i ha durat fins a principis de novembre i &hellip; <a href=\"https:\/\/www.ametllerorigenwp.com\/ca\/cultivem-8-hectarees-per-oferir-te-diferents-varietats-de-pebrots\/\" class=\"more-link\">Continua llegint <span class=\"screen-reader-text\">\u00abCultivem 8 hect\u00e0rees per oferir-te diferents varietats de pebrots\u00bb<\/span><\/a><\/p>\n","protected":false},"author":5,"featured_media":10344,"comment_status":"closed","ping_status":"closed","sticky":false,"template":"","format":"standard","meta":{"_uag_custom_page_level_css":"","advgb_blocks_editor_width":"","advgb_blocks_columns_visual_guide":"","footnotes":""},"categories":[2],"tags":[],"class_list":["post-10343","post","type-post","status-publish","format-standard","has-post-thumbnail","hentry","category-noticies"],"author_meta":{"display_name":"Mireia Zaragoza","author_link":"https:\/\/www.ametllerorigenwp.com\/ca\/author\/mzaragoza\/"},"featured_img":"https:\/\/www.ametllerorigenwp.com\/wp-content\/uploads\/2023\/11\/Proyecto-nuevo-60-300x102.jpg","uagb_featured_image_src":{"full":["https:\/\/www.ametllerorigenwp.com\/wp-content\/uploads\/2023\/11\/Proyecto-nuevo-60.jpg",1000,340,false],"thumbnail":["https:\/\/www.ametllerorigenwp.com\/wp-content\/uploads\/2023\/11\/Proyecto-nuevo-60-150x150.jpg",150,150,true],"medium":["https:\/\/www.ametllerorigenwp.com\/wp-content\/uploads\/2023\/11\/Proyecto-nuevo-60-300x102.jpg",300,102,true],"medium_large":["https:\/\/www.ametllerorigenwp.com\/wp-content\/uploads\/2023\/11\/Proyecto-nuevo-60-768x261.jpg",768,261,true],"large":["https:\/\/www.ametllerorigenwp.com\/wp-content\/uploads\/2023\/11\/Proyecto-nuevo-60.jpg",840,286,false],"1536x1536":["https:\/\/www.ametllerorigenwp.com\/wp-content\/uploads\/2023\/11\/Proyecto-nuevo-60.jpg",1000,340,false],"2048x2048":["https:\/\/www.ametllerorigenwp.com\/wp-content\/uploads\/2023\/11\/Proyecto-nuevo-60.jpg",1000,340,false],"post-thumbnail":["https:\/\/www.ametllerorigenwp.com\/wp-content\/uploads\/2023\/11\/Proyecto-nuevo-60.jpg",1000,340,false]},"uagb_author_info":{"display_name":"Mireia Zaragoza","author_link":"https:\/\/www.ametllerorigenwp.com\/ca\/author\/mzaragoza\/"},"uagb_comment_info":0,"uagb_excerpt":"De color vermell o verd, forma arrodonida o allargada, dol\u00e7 o picant, el pebrot \u00e9s una hortalissa molt vers\u00e0til i apreciada a casa nostra. Actualment, tenim camps de pebrots al Maresme, en un total de 3 hect\u00e0rees, on vam iniciar la recol\u00b7lecci\u00f3 a primers de juliol i ha durat fins a principis de novembre i&hellip;","coauthors":[],"tax_additional":{"categories":{"linked":["<a href=\"https:\/\/www.ametllerorigenwp.com\/ca\/category\/noticies\/\" class=\"advgb-post-tax-term\">Noticies<\/a>"],"unlinked":["<span class=\"advgb-post-tax-term\">Noticies<\/span>"]}},"comment_count":"0","relative_dates":{"created":"Posted 2 anys ago","modified":"Updated 2 anys ago"},"absolute_dates":{"created":"Posted on 21 de novembre de 2023","modified":"Updated on 20 de novembre de 2023"},"absolute_dates_time":{"created":"Posted on 21 de novembre de 2023 01:00","modified":"Updated on 20 de novembre de 2023 17:14"},"featured_img_caption":"","series_order":"","show_in_app":true,"fecha_inicio_destacado":null,"hora_inicio_visualizacion":null,"minutos_inicio_visualizacion":null,"fecha_final_destacado":null,"hora_final_visualizacion":null,"minutos_final_visualizacion":null,"posicion_visualizacion":null,"estado_destacado":null,"niveles_destacados":null,"url_del_enlace":null,"banner_destacado":null,"posicion_visualizacion_de_la_noticia":"01","estado_noticia":["Visible"],"fecha_de_inicio_de_visualizacion_del_tutorial":null,"hora_inicio_visualizacion_tutorial":null,"minutos_inicio_visualizacion_tutorial":null,"fecha_de_final_de_visualizacion_del_tutorial":null,"hora_final_visualizacion_tutorial":null,"minutos_final_visualizacion_tutorial":null,"numero_de_veces_visto":null,"numero_de_veces_total":null,"niveles_tutorial":null,"tutorial_recursos_castellano":null,"tutorial_recursos_catalan":null,"dias_disponibles":null,"dias_de_la_semana":null,"dias_del_mes":null,"other_lang_post_id":null,"lang":"ca","campanya_descripcion":null,"campanya_fecha_inicio":null,"campanya_fecha_fin":null,"campanya_legales":null,"campanya_imagen":null,"campanya_characteristics":null,"campanya_url":null,"campanya_posicion_visualizacion":null,"campanya_estado":null,"_links":{"self":[{"href":"https:\/\/www.ametllerorigenwp.com\/ca\/wp-json\/wp\/v2\/posts\/10343","targetHints":{"allow":["GET"]}}],"collection":[{"href":"https:\/\/www.ametllerorigenwp.com\/ca\/wp-json\/wp\/v2\/posts"}],"about":[{"href":"https:\/\/www.ametllerorigenwp.com\/ca\/wp-json\/wp\/v2\/types\/post"}],"author":[{"embeddable":true,"href":"https:\/\/www.ametllerorigenwp.com\/ca\/wp-json\/wp\/v2\/users\/5"}],"replies":[{"embeddable":true,"href":"https:\/\/www.ametllerorigenwp.com\/ca\/wp-json\/wp\/v2\/comments?post=10343"}],"version-history":[{"count":1,"href":"https:\/\/www.ametllerorigenwp.com\/ca\/wp-json\/wp\/v2\/posts\/10343\/revisions"}],"predecessor-version":[{"id":10346,"href":"https:\/\/www.ametllerorigenwp.com\/ca\/wp-json\/wp\/v2\/posts\/10343\/revisions\/10346"}],"wp:featuredmedia":[{"embeddable":true,"href":"https:\/\/www.ametllerorigenwp.com\/ca\/wp-json\/wp\/v2\/media\/10344"}],"wp:attachment":[{"href":"https:\/\/www.ametllerorigenwp.com\/ca\/wp-json\/wp\/v2\/media?parent=10343"}],"wp:term":[{"taxonomy":"category","embeddable":true,"href":"https:\/\/www.ametllerorigenwp.com\/ca\/wp-json\/wp\/v2\/categories?post=10343"},{"taxonomy":"post_tag","embeddable":true,"href":"https:\/\/www.ametllerorigenwp.com\/ca\/wp-json\/wp\/v2\/tags?post=10343"}],"curies":[{"name":"wp","href":"https:\/\/api.w.org\/{rel}","templated":true}]}}