{"id":10400,"date":"2023-11-28T01:00:28","date_gmt":"2023-11-28T01:00:28","guid":{"rendered":"https:\/\/www.ametllerorigenwp.com\/?p=10400"},"modified":"2023-11-27T15:40:13","modified_gmt":"2023-11-27T15:40:13","slug":"descobreix-la-nostra-manera-de-fer-amb-llucia-ferrer","status":"publish","type":"post","link":"https:\/\/www.ametllerorigenwp.com\/ca\/descobreix-la-nostra-manera-de-fer-amb-llucia-ferrer\/","title":{"rendered":"Descobreix la nostra manera de fer amb Lluci\u00e0 Ferrer"},"content":{"rendered":"<p>Un amfitri\u00f3, el Lluci\u00e0 Ferrer, tres convidats -la Marta Torn\u00e9, la Carol Rovira i el Jos\u00e9 Corbacho- i tres productes estrella. Aquests s\u00f3n els ingredients de la nova campanya de marca <strong><a href=\"https:\/\/corp.ametllerorigen.com\/ca\/una-manera-de-fer\/llucia-ferrer\/\">\u2018Una manera de fer amb Lluci\u00e0 Ferrer\u2019<\/a><\/strong><strong> on la Carol Rovira, el Jos\u00e9 Corbacho i la Marta Torn\u00e9 posen a prova al Lluci\u00e0 per descobrir el secret dels productes que els han enamorat: el gaspatxo, les truites i els iogurts<\/strong>. Un periple pels camps i l\u2019obrador on no faltar\u00e0 l\u2019humor!<\/p>\n<p>Gaudeix de l\u2019estrena <a href=\"https:\/\/www.instagram.com\/reel\/C0HWXx7o3OO\/?igshid=ZjI0YTZmZTMwMg%3D%3D\">aqu\u00ed<\/a>!<\/p>\n","protected":false},"excerpt":{"rendered":"<p>Un amfitri\u00f3, el Lluci\u00e0 Ferrer, tres convidats -la Marta Torn\u00e9, la Carol Rovira i el Jos\u00e9 Corbacho- i tres productes estrella. Aquests s\u00f3n els ingredients de la nova campanya de marca \u2018Una manera de fer amb Lluci\u00e0 Ferrer\u2019 on la Carol Rovira, el Jos\u00e9 Corbacho i la Marta Torn\u00e9 posen a prova al Lluci\u00e0 per &hellip; <a href=\"https:\/\/www.ametllerorigenwp.com\/ca\/descobreix-la-nostra-manera-de-fer-amb-llucia-ferrer\/\" class=\"more-link\">Continua llegint <span class=\"screen-reader-text\">\u00abDescobreix la nostra manera de fer amb Lluci\u00e0 Ferrer\u00bb<\/span><\/a><\/p>\n","protected":false},"author":5,"featured_media":10401,"comment_status":"closed","ping_status":"closed","sticky":false,"template":"","format":"standard","meta":{"_uag_custom_page_level_css":"","advgb_blocks_editor_width":"","advgb_blocks_columns_visual_guide":"","footnotes":""},"categories":[2],"tags":[],"class_list":["post-10400","post","type-post","status-publish","format-standard","has-post-thumbnail","hentry","category-noticies"],"author_meta":{"display_name":"Mireia Zaragoza","author_link":"https:\/\/www.ametllerorigenwp.com\/ca\/author\/mzaragoza\/"},"featured_img":"https:\/\/www.ametllerorigenwp.com\/wp-content\/uploads\/2023\/11\/Proyecto-nuevo-25-300x102.jpg","uagb_featured_image_src":{"full":["https:\/\/www.ametllerorigenwp.com\/wp-content\/uploads\/2023\/11\/Proyecto-nuevo-25.jpg",1000,340,false],"thumbnail":["https:\/\/www.ametllerorigenwp.com\/wp-content\/uploads\/2023\/11\/Proyecto-nuevo-25-150x150.jpg",150,150,true],"medium":["https:\/\/www.ametllerorigenwp.com\/wp-content\/uploads\/2023\/11\/Proyecto-nuevo-25-300x102.jpg",300,102,true],"medium_large":["https:\/\/www.ametllerorigenwp.com\/wp-content\/uploads\/2023\/11\/Proyecto-nuevo-25-768x261.jpg",768,261,true],"large":["https:\/\/www.ametllerorigenwp.com\/wp-content\/uploads\/2023\/11\/Proyecto-nuevo-25.jpg",840,286,false],"1536x1536":["https:\/\/www.ametllerorigenwp.com\/wp-content\/uploads\/2023\/11\/Proyecto-nuevo-25.jpg",1000,340,false],"2048x2048":["https:\/\/www.ametllerorigenwp.com\/wp-content\/uploads\/2023\/11\/Proyecto-nuevo-25.jpg",1000,340,false],"post-thumbnail":["https:\/\/www.ametllerorigenwp.com\/wp-content\/uploads\/2023\/11\/Proyecto-nuevo-25.jpg",1000,340,false]},"uagb_author_info":{"display_name":"Mireia Zaragoza","author_link":"https:\/\/www.ametllerorigenwp.com\/ca\/author\/mzaragoza\/"},"uagb_comment_info":0,"uagb_excerpt":"Un amfitri\u00f3, el Lluci\u00e0 Ferrer, tres convidats -la Marta Torn\u00e9, la Carol Rovira i el Jos\u00e9 Corbacho- i tres productes estrella. Aquests s\u00f3n els ingredients de la nova campanya de marca \u2018Una manera de fer amb Lluci\u00e0 Ferrer\u2019 on la Carol Rovira, el Jos\u00e9 Corbacho i la Marta Torn\u00e9 posen a prova al Lluci\u00e0 per&hellip;","coauthors":[],"tax_additional":{"categories":{"linked":["<a href=\"https:\/\/www.ametllerorigenwp.com\/ca\/category\/noticies\/\" class=\"advgb-post-tax-term\">Noticies<\/a>"],"unlinked":["<span class=\"advgb-post-tax-term\">Noticies<\/span>"]}},"comment_count":"0","relative_dates":{"created":"Posted 2 anys ago","modified":"Updated 2 anys ago"},"absolute_dates":{"created":"Posted on 28 de novembre de 2023","modified":"Updated on 27 de novembre de 2023"},"absolute_dates_time":{"created":"Posted on 28 de novembre de 2023 01:00","modified":"Updated on 27 de novembre de 2023 15:40"},"featured_img_caption":"","series_order":"","show_in_app":true,"fecha_inicio_destacado":null,"hora_inicio_visualizacion":null,"minutos_inicio_visualizacion":null,"fecha_final_destacado":null,"hora_final_visualizacion":null,"minutos_final_visualizacion":null,"posicion_visualizacion":null,"estado_destacado":null,"niveles_destacados":null,"url_del_enlace":null,"banner_destacado":null,"posicion_visualizacion_de_la_noticia":"01","estado_noticia":["Visible"],"fecha_de_inicio_de_visualizacion_del_tutorial":null,"hora_inicio_visualizacion_tutorial":null,"minutos_inicio_visualizacion_tutorial":null,"fecha_de_final_de_visualizacion_del_tutorial":null,"hora_final_visualizacion_tutorial":null,"minutos_final_visualizacion_tutorial":null,"numero_de_veces_visto":null,"numero_de_veces_total":null,"niveles_tutorial":null,"tutorial_recursos_castellano":null,"tutorial_recursos_catalan":null,"dias_disponibles":null,"dias_de_la_semana":null,"dias_del_mes":null,"other_lang_post_id":null,"lang":"ca","campanya_descripcion":null,"campanya_fecha_inicio":null,"campanya_fecha_fin":null,"campanya_legales":null,"campanya_imagen":null,"campanya_characteristics":null,"campanya_url":null,"campanya_posicion_visualizacion":null,"campanya_estado":null,"_links":{"self":[{"href":"https:\/\/www.ametllerorigenwp.com\/ca\/wp-json\/wp\/v2\/posts\/10400","targetHints":{"allow":["GET"]}}],"collection":[{"href":"https:\/\/www.ametllerorigenwp.com\/ca\/wp-json\/wp\/v2\/posts"}],"about":[{"href":"https:\/\/www.ametllerorigenwp.com\/ca\/wp-json\/wp\/v2\/types\/post"}],"author":[{"embeddable":true,"href":"https:\/\/www.ametllerorigenwp.com\/ca\/wp-json\/wp\/v2\/users\/5"}],"replies":[{"embeddable":true,"href":"https:\/\/www.ametllerorigenwp.com\/ca\/wp-json\/wp\/v2\/comments?post=10400"}],"version-history":[{"count":1,"href":"https:\/\/www.ametllerorigenwp.com\/ca\/wp-json\/wp\/v2\/posts\/10400\/revisions"}],"predecessor-version":[{"id":10403,"href":"https:\/\/www.ametllerorigenwp.com\/ca\/wp-json\/wp\/v2\/posts\/10400\/revisions\/10403"}],"wp:featuredmedia":[{"embeddable":true,"href":"https:\/\/www.ametllerorigenwp.com\/ca\/wp-json\/wp\/v2\/media\/10401"}],"wp:attachment":[{"href":"https:\/\/www.ametllerorigenwp.com\/ca\/wp-json\/wp\/v2\/media?parent=10400"}],"wp:term":[{"taxonomy":"category","embeddable":true,"href":"https:\/\/www.ametllerorigenwp.com\/ca\/wp-json\/wp\/v2\/categories?post=10400"},{"taxonomy":"post_tag","embeddable":true,"href":"https:\/\/www.ametllerorigenwp.com\/ca\/wp-json\/wp\/v2\/tags?post=10400"}],"curies":[{"name":"wp","href":"https:\/\/api.w.org\/{rel}","templated":true}]}}