{"id":10430,"date":"2023-12-02T01:00:55","date_gmt":"2023-12-02T01:00:55","guid":{"rendered":"https:\/\/www.ametllerorigenwp.com\/?p=10430"},"modified":"2023-11-28T15:27:30","modified_gmt":"2023-11-28T15:27:30","slug":"gaudeix-daquesta-lectura-de-nadal-sete-numero-de-la-revista-fem-cami","status":"publish","type":"post","link":"https:\/\/www.ametllerorigenwp.com\/ca\/gaudeix-daquesta-lectura-de-nadal-sete-numero-de-la-revista-fem-cami\/","title":{"rendered":"Gaudeix d\u2019aquesta lectura de Nadal: set\u00e8 n\u00famero de la revista Fem Cam\u00ed!"},"content":{"rendered":"<p>Aquestes vacances de Nadal et proposem una lectura especial: la nova edici\u00f3 de la revista Fem Cam\u00ed, que ja pots trobar a totes les nostres botigues f\u00edsiques i <a href=\"https:\/\/www.femcami.org\/ca\/revista-fem-cami\/fem-cami-novembre-2023\/\">online<\/a>!<\/p>\n<p>En aquest set\u00e8 n\u00famero <strong>podr\u00e0s con\u00e8ixer de primera m\u00e0 la nostra campanya \u201cUna manera de fer\u201d<\/strong> on t\u2019expliquem en m\u00e9s detall la nostra manera de fer genu\u00efna i aut\u00e8ntica, tant als nostres camps com a l\u2019obrador i a les botigues, fet que ens permet oferir-te aliments de qualitat i diferencials, amb el seu m\u00e0xim sabor i nutrients. Tanmateix, <strong>podr\u00e0s gaudir de l\u2019entrevista que li hem fet al xef amb Estrella Michelin, Estrella Verda i Sol Repsol, Vicent Guimer\u00e0<\/strong>.<\/p>\n<p>A m\u00e9s a m\u00e9s, trobar\u00e0s les receptes de temporada de la <strong>Carme Ruscalleda, l\u2019Ada Parellada i el Cintet<\/strong>, aix\u00ed com els <strong>articles del Dr. Carlos Casabona, el Pep Nogu\u00e9, el Tom\u00e0s Molina o el men\u00fa dels 30 aliments d\u2019origen vegetal o les tend\u00e8ncies aliment\u00e0ries que venen<\/strong>.<\/p>\n<p>Gaudeix de la revista i feli\u00e7 lectura!<\/p>\n","protected":false},"excerpt":{"rendered":"<p>Aquestes vacances de Nadal et proposem una lectura especial: la nova edici\u00f3 de la revista Fem Cam\u00ed, que ja pots trobar a totes les nostres botigues f\u00edsiques i online! En aquest set\u00e8 n\u00famero podr\u00e0s con\u00e8ixer de primera m\u00e0 la nostra campanya \u201cUna manera de fer\u201d on t\u2019expliquem en m\u00e9s detall la nostra manera de fer &hellip; <a href=\"https:\/\/www.ametllerorigenwp.com\/ca\/gaudeix-daquesta-lectura-de-nadal-sete-numero-de-la-revista-fem-cami\/\" class=\"more-link\">Continua llegint <span class=\"screen-reader-text\">\u00abGaudeix d\u2019aquesta lectura de Nadal: set\u00e8 n\u00famero de la revista Fem Cam\u00ed!\u00bb<\/span><\/a><\/p>\n","protected":false},"author":5,"featured_media":10431,"comment_status":"closed","ping_status":"closed","sticky":false,"template":"","format":"standard","meta":{"_uag_custom_page_level_css":"","advgb_blocks_editor_width":"","advgb_blocks_columns_visual_guide":"","footnotes":""},"categories":[2],"tags":[],"class_list":["post-10430","post","type-post","status-publish","format-standard","has-post-thumbnail","hentry","category-noticies"],"author_meta":{"display_name":"Mireia Zaragoza","author_link":"https:\/\/www.ametllerorigenwp.com\/ca\/author\/mzaragoza\/"},"featured_img":"https:\/\/www.ametllerorigenwp.com\/wp-content\/uploads\/2023\/11\/App_FC7_1000x340-1-300x102.jpg","uagb_featured_image_src":{"full":["https:\/\/www.ametllerorigenwp.com\/wp-content\/uploads\/2023\/11\/App_FC7_1000x340-1.jpg",1000,340,false],"thumbnail":["https:\/\/www.ametllerorigenwp.com\/wp-content\/uploads\/2023\/11\/App_FC7_1000x340-1-150x150.jpg",150,150,true],"medium":["https:\/\/www.ametllerorigenwp.com\/wp-content\/uploads\/2023\/11\/App_FC7_1000x340-1-300x102.jpg",300,102,true],"medium_large":["https:\/\/www.ametllerorigenwp.com\/wp-content\/uploads\/2023\/11\/App_FC7_1000x340-1-768x261.jpg",768,261,true],"large":["https:\/\/www.ametllerorigenwp.com\/wp-content\/uploads\/2023\/11\/App_FC7_1000x340-1.jpg",840,286,false],"1536x1536":["https:\/\/www.ametllerorigenwp.com\/wp-content\/uploads\/2023\/11\/App_FC7_1000x340-1.jpg",1000,340,false],"2048x2048":["https:\/\/www.ametllerorigenwp.com\/wp-content\/uploads\/2023\/11\/App_FC7_1000x340-1.jpg",1000,340,false],"post-thumbnail":["https:\/\/www.ametllerorigenwp.com\/wp-content\/uploads\/2023\/11\/App_FC7_1000x340-1.jpg",1000,340,false]},"uagb_author_info":{"display_name":"Mireia Zaragoza","author_link":"https:\/\/www.ametllerorigenwp.com\/ca\/author\/mzaragoza\/"},"uagb_comment_info":0,"uagb_excerpt":"Aquestes vacances de Nadal et proposem una lectura especial: la nova edici\u00f3 de la revista Fem Cam\u00ed, que ja pots trobar a totes les nostres botigues f\u00edsiques i online! En aquest set\u00e8 n\u00famero podr\u00e0s con\u00e8ixer de primera m\u00e0 la nostra campanya \u201cUna manera de fer\u201d on t\u2019expliquem en m\u00e9s detall la nostra manera de fer&hellip;","coauthors":[],"tax_additional":{"categories":{"linked":["<a href=\"https:\/\/www.ametllerorigenwp.com\/ca\/category\/noticies\/\" class=\"advgb-post-tax-term\">Noticies<\/a>"],"unlinked":["<span class=\"advgb-post-tax-term\">Noticies<\/span>"]}},"comment_count":"0","relative_dates":{"created":"Posted 2 anys ago","modified":"Updated 2 anys ago"},"absolute_dates":{"created":"Posted on 2 de desembre de 2023","modified":"Updated on 28 de novembre de 2023"},"absolute_dates_time":{"created":"Posted on 2 de desembre de 2023 01:00","modified":"Updated on 28 de novembre de 2023 15:27"},"featured_img_caption":"","series_order":"","show_in_app":true,"fecha_inicio_destacado":null,"hora_inicio_visualizacion":null,"minutos_inicio_visualizacion":null,"fecha_final_destacado":null,"hora_final_visualizacion":null,"minutos_final_visualizacion":null,"posicion_visualizacion":null,"estado_destacado":null,"niveles_destacados":null,"url_del_enlace":null,"banner_destacado":null,"posicion_visualizacion_de_la_noticia":"01","estado_noticia":["Visible"],"fecha_de_inicio_de_visualizacion_del_tutorial":null,"hora_inicio_visualizacion_tutorial":null,"minutos_inicio_visualizacion_tutorial":null,"fecha_de_final_de_visualizacion_del_tutorial":null,"hora_final_visualizacion_tutorial":null,"minutos_final_visualizacion_tutorial":null,"numero_de_veces_visto":null,"numero_de_veces_total":null,"niveles_tutorial":null,"tutorial_recursos_castellano":null,"tutorial_recursos_catalan":null,"dias_disponibles":null,"dias_de_la_semana":null,"dias_del_mes":null,"other_lang_post_id":null,"lang":"ca","campanya_descripcion":null,"campanya_fecha_inicio":null,"campanya_fecha_fin":null,"campanya_legales":null,"campanya_imagen":null,"campanya_characteristics":null,"campanya_url":null,"campanya_posicion_visualizacion":null,"campanya_estado":null,"_links":{"self":[{"href":"https:\/\/www.ametllerorigenwp.com\/ca\/wp-json\/wp\/v2\/posts\/10430","targetHints":{"allow":["GET"]}}],"collection":[{"href":"https:\/\/www.ametllerorigenwp.com\/ca\/wp-json\/wp\/v2\/posts"}],"about":[{"href":"https:\/\/www.ametllerorigenwp.com\/ca\/wp-json\/wp\/v2\/types\/post"}],"author":[{"embeddable":true,"href":"https:\/\/www.ametllerorigenwp.com\/ca\/wp-json\/wp\/v2\/users\/5"}],"replies":[{"embeddable":true,"href":"https:\/\/www.ametllerorigenwp.com\/ca\/wp-json\/wp\/v2\/comments?post=10430"}],"version-history":[{"count":1,"href":"https:\/\/www.ametllerorigenwp.com\/ca\/wp-json\/wp\/v2\/posts\/10430\/revisions"}],"predecessor-version":[{"id":10433,"href":"https:\/\/www.ametllerorigenwp.com\/ca\/wp-json\/wp\/v2\/posts\/10430\/revisions\/10433"}],"wp:featuredmedia":[{"embeddable":true,"href":"https:\/\/www.ametllerorigenwp.com\/ca\/wp-json\/wp\/v2\/media\/10431"}],"wp:attachment":[{"href":"https:\/\/www.ametllerorigenwp.com\/ca\/wp-json\/wp\/v2\/media?parent=10430"}],"wp:term":[{"taxonomy":"category","embeddable":true,"href":"https:\/\/www.ametllerorigenwp.com\/ca\/wp-json\/wp\/v2\/categories?post=10430"},{"taxonomy":"post_tag","embeddable":true,"href":"https:\/\/www.ametllerorigenwp.com\/ca\/wp-json\/wp\/v2\/tags?post=10430"}],"curies":[{"name":"wp","href":"https:\/\/api.w.org\/{rel}","templated":true}]}}