{"id":10446,"date":"2023-12-07T01:00:00","date_gmt":"2023-12-07T01:00:00","guid":{"rendered":"https:\/\/www.ametllerorigenwp.com\/?p=10446"},"modified":"2023-11-28T15:31:54","modified_gmt":"2023-11-28T15:31:54","slug":"gaudeix-del-primer-capitol-duna-manera-de-fer-amb-llucia-ferrer-el-vi-inesperat-de-la-carol-rovira","status":"publish","type":"post","link":"https:\/\/www.ametllerorigenwp.com\/ca\/gaudeix-del-primer-capitol-duna-manera-de-fer-amb-llucia-ferrer-el-vi-inesperat-de-la-carol-rovira\/","title":{"rendered":"Gaudeix del primer cap\u00edtol d\u2019\u2019Una manera de fer amb Lluci\u00e0 Ferrer\u2019: El \u2018vi\u2019 inesperat de la Carol Rovira"},"content":{"rendered":"<p>Despr\u00e9s del llan\u00e7ament de la nova campanya \u201cUna manera de fer amb Lluci\u00e0 Ferrer\u201d, <strong>et presentem el primer cap\u00edtol \u201cEl \u2018vi\u2019 inesperat de la Carol Rovira\u201d<\/strong>: el Lluci\u00e0 esperava rebre un bon vi, per\u00f2 la Carol Rovira t\u00e9 un gust m\u00e9s exquisit.<\/p>\n<p><strong>Qu\u00e8 ha portat la convidada al dinar que ha deixat bocabadat a l\u2019amfitri\u00f3?<\/strong> Descobreix-ho en aquest <a href=\"https:\/\/corp.ametllerorigen.com\/ca\/una-manera-de-fer\/llucia-ferrer\/\">v\u00eddeo<\/a>!<\/p>\n","protected":false},"excerpt":{"rendered":"<p>Despr\u00e9s del llan\u00e7ament de la nova campanya \u201cUna manera de fer amb Lluci\u00e0 Ferrer\u201d, et presentem el primer cap\u00edtol \u201cEl \u2018vi\u2019 inesperat de la Carol Rovira\u201d: el Lluci\u00e0 esperava rebre un bon vi, per\u00f2 la Carol Rovira t\u00e9 un gust m\u00e9s exquisit. Qu\u00e8 ha portat la convidada al dinar que ha deixat bocabadat a l\u2019amfitri\u00f3? &hellip; <a href=\"https:\/\/www.ametllerorigenwp.com\/ca\/gaudeix-del-primer-capitol-duna-manera-de-fer-amb-llucia-ferrer-el-vi-inesperat-de-la-carol-rovira\/\" class=\"more-link\">Continua llegint <span class=\"screen-reader-text\">\u00abGaudeix del primer cap\u00edtol d\u2019\u2019Una manera de fer amb Lluci\u00e0 Ferrer\u2019: El \u2018vi\u2019 inesperat de la Carol Rovira\u00bb<\/span><\/a><\/p>\n","protected":false},"author":5,"featured_media":10447,"comment_status":"closed","ping_status":"closed","sticky":false,"template":"","format":"standard","meta":{"_uag_custom_page_level_css":"","advgb_blocks_editor_width":"","advgb_blocks_columns_visual_guide":"","footnotes":""},"categories":[2],"tags":[],"class_list":["post-10446","post","type-post","status-publish","format-standard","has-post-thumbnail","hentry","category-noticies"],"author_meta":{"display_name":"Mireia Zaragoza","author_link":"https:\/\/www.ametllerorigenwp.com\/ca\/author\/mzaragoza\/"},"featured_img":"https:\/\/www.ametllerorigenwp.com\/wp-content\/uploads\/2023\/11\/Carol-1-300x102.jpg","uagb_featured_image_src":{"full":["https:\/\/www.ametllerorigenwp.com\/wp-content\/uploads\/2023\/11\/Carol-1.jpg",1000,340,false],"thumbnail":["https:\/\/www.ametllerorigenwp.com\/wp-content\/uploads\/2023\/11\/Carol-1-150x150.jpg",150,150,true],"medium":["https:\/\/www.ametllerorigenwp.com\/wp-content\/uploads\/2023\/11\/Carol-1-300x102.jpg",300,102,true],"medium_large":["https:\/\/www.ametllerorigenwp.com\/wp-content\/uploads\/2023\/11\/Carol-1-768x261.jpg",768,261,true],"large":["https:\/\/www.ametllerorigenwp.com\/wp-content\/uploads\/2023\/11\/Carol-1.jpg",840,286,false],"1536x1536":["https:\/\/www.ametllerorigenwp.com\/wp-content\/uploads\/2023\/11\/Carol-1.jpg",1000,340,false],"2048x2048":["https:\/\/www.ametllerorigenwp.com\/wp-content\/uploads\/2023\/11\/Carol-1.jpg",1000,340,false],"post-thumbnail":["https:\/\/www.ametllerorigenwp.com\/wp-content\/uploads\/2023\/11\/Carol-1.jpg",1000,340,false]},"uagb_author_info":{"display_name":"Mireia Zaragoza","author_link":"https:\/\/www.ametllerorigenwp.com\/ca\/author\/mzaragoza\/"},"uagb_comment_info":0,"uagb_excerpt":"Despr\u00e9s del llan\u00e7ament de la nova campanya \u201cUna manera de fer amb Lluci\u00e0 Ferrer\u201d, et presentem el primer cap\u00edtol \u201cEl \u2018vi\u2019 inesperat de la Carol Rovira\u201d: el Lluci\u00e0 esperava rebre un bon vi, per\u00f2 la Carol Rovira t\u00e9 un gust m\u00e9s exquisit. Qu\u00e8 ha portat la convidada al dinar que ha deixat bocabadat a l\u2019amfitri\u00f3?&hellip;","coauthors":[],"tax_additional":{"categories":{"linked":["<a href=\"https:\/\/www.ametllerorigenwp.com\/ca\/category\/noticies\/\" class=\"advgb-post-tax-term\">Noticies<\/a>"],"unlinked":["<span class=\"advgb-post-tax-term\">Noticies<\/span>"]}},"comment_count":"0","relative_dates":{"created":"Posted 2 anys ago","modified":"Updated 2 anys ago"},"absolute_dates":{"created":"Posted on 7 de desembre de 2023","modified":"Updated on 28 de novembre de 2023"},"absolute_dates_time":{"created":"Posted on 7 de desembre de 2023 01:00","modified":"Updated on 28 de novembre de 2023 15:31"},"featured_img_caption":"","series_order":"","show_in_app":true,"fecha_inicio_destacado":null,"hora_inicio_visualizacion":null,"minutos_inicio_visualizacion":null,"fecha_final_destacado":null,"hora_final_visualizacion":null,"minutos_final_visualizacion":null,"posicion_visualizacion":null,"estado_destacado":null,"niveles_destacados":null,"url_del_enlace":null,"banner_destacado":null,"posicion_visualizacion_de_la_noticia":"01","estado_noticia":["Visible"],"fecha_de_inicio_de_visualizacion_del_tutorial":null,"hora_inicio_visualizacion_tutorial":null,"minutos_inicio_visualizacion_tutorial":null,"fecha_de_final_de_visualizacion_del_tutorial":null,"hora_final_visualizacion_tutorial":null,"minutos_final_visualizacion_tutorial":null,"numero_de_veces_visto":null,"numero_de_veces_total":null,"niveles_tutorial":null,"tutorial_recursos_castellano":null,"tutorial_recursos_catalan":null,"dias_disponibles":null,"dias_de_la_semana":null,"dias_del_mes":null,"other_lang_post_id":null,"lang":"ca","campanya_descripcion":null,"campanya_fecha_inicio":null,"campanya_fecha_fin":null,"campanya_legales":null,"campanya_imagen":null,"campanya_characteristics":null,"campanya_url":null,"campanya_posicion_visualizacion":null,"campanya_estado":null,"_links":{"self":[{"href":"https:\/\/www.ametllerorigenwp.com\/ca\/wp-json\/wp\/v2\/posts\/10446","targetHints":{"allow":["GET"]}}],"collection":[{"href":"https:\/\/www.ametllerorigenwp.com\/ca\/wp-json\/wp\/v2\/posts"}],"about":[{"href":"https:\/\/www.ametllerorigenwp.com\/ca\/wp-json\/wp\/v2\/types\/post"}],"author":[{"embeddable":true,"href":"https:\/\/www.ametllerorigenwp.com\/ca\/wp-json\/wp\/v2\/users\/5"}],"replies":[{"embeddable":true,"href":"https:\/\/www.ametllerorigenwp.com\/ca\/wp-json\/wp\/v2\/comments?post=10446"}],"version-history":[{"count":1,"href":"https:\/\/www.ametllerorigenwp.com\/ca\/wp-json\/wp\/v2\/posts\/10446\/revisions"}],"predecessor-version":[{"id":10449,"href":"https:\/\/www.ametllerorigenwp.com\/ca\/wp-json\/wp\/v2\/posts\/10446\/revisions\/10449"}],"wp:featuredmedia":[{"embeddable":true,"href":"https:\/\/www.ametllerorigenwp.com\/ca\/wp-json\/wp\/v2\/media\/10447"}],"wp:attachment":[{"href":"https:\/\/www.ametllerorigenwp.com\/ca\/wp-json\/wp\/v2\/media?parent=10446"}],"wp:term":[{"taxonomy":"category","embeddable":true,"href":"https:\/\/www.ametllerorigenwp.com\/ca\/wp-json\/wp\/v2\/categories?post=10446"},{"taxonomy":"post_tag","embeddable":true,"href":"https:\/\/www.ametllerorigenwp.com\/ca\/wp-json\/wp\/v2\/tags?post=10446"}],"curies":[{"name":"wp","href":"https:\/\/api.w.org\/{rel}","templated":true}]}}