{"id":10642,"date":"2024-01-03T01:00:37","date_gmt":"2024-01-03T01:00:37","guid":{"rendered":"https:\/\/www.ametllerorigenwp.com\/?p=10642"},"modified":"2024-01-02T13:05:30","modified_gmt":"2024-01-02T13:05:30","slug":"carxofes-petonejades-les-mes-dolces","status":"publish","type":"post","link":"https:\/\/www.ametllerorigenwp.com\/ca\/carxofes-petonejades-les-mes-dolces\/","title":{"rendered":"Carxofes petonejades, les m\u00e9s dolces"},"content":{"rendered":"<div dir=\"auto\">Estem d&#8217;enhorabona! I \u00e9s que <strong>per fi ha arribat el fred que ha petonejat les carxofes dels nostres camps de Camarles<\/strong>!<\/div>\n<div dir=\"auto\"><\/div>\n<div dir=\"auto\">Aquestes carxofes, que presenten unes taques blanquinoses a la pell com si alg\u00fa les hagu\u00e9s petonejat, s\u00f3n molt especials perqu\u00e8 tenen un sabor \u00fanic! I \u00e9s que <strong>amb el fred, els vegetals activen un mecanisme d\u2019autoprotecci\u00f3 que fa que els sucres, que contenen de forma natural, es trenquin i s\u2019alliberin<\/strong>. Per aix\u00f2, quan ens els mengem notem que el seu sabor \u00e9s molt m\u00e9s dol\u00e7!<\/div>\n<div dir=\"auto\"><\/div>\n<div dir=\"auto\">Quan tastis les carxofes &#8216;petonejades&#8217; pel fred, entendr\u00e0s perqu\u00e8 s\u00f3n \u00faniques! Troba-les ja a la teva botiga habitual.<\/div>\n","protected":false},"excerpt":{"rendered":"<p>Estem d&#8217;enhorabona! I \u00e9s que per fi ha arribat el fred que ha petonejat les carxofes dels nostres camps de Camarles! Aquestes carxofes, que presenten unes taques blanquinoses a la pell com si alg\u00fa les hagu\u00e9s petonejat, s\u00f3n molt especials perqu\u00e8 tenen un sabor \u00fanic! I \u00e9s que amb el fred, els vegetals activen un &hellip; <a href=\"https:\/\/www.ametllerorigenwp.com\/ca\/carxofes-petonejades-les-mes-dolces\/\" class=\"more-link\">Continua llegint <span class=\"screen-reader-text\">\u00abCarxofes petonejades, les m\u00e9s dolces\u00bb<\/span><\/a><\/p>\n","protected":false},"author":5,"featured_media":10643,"comment_status":"closed","ping_status":"closed","sticky":false,"template":"","format":"standard","meta":{"_uag_custom_page_level_css":"","advgb_blocks_editor_width":"","advgb_blocks_columns_visual_guide":"","footnotes":""},"categories":[2],"tags":[],"class_list":["post-10642","post","type-post","status-publish","format-standard","has-post-thumbnail","hentry","category-noticies"],"author_meta":{"display_name":"Mireia Zaragoza","author_link":"https:\/\/www.ametllerorigenwp.com\/ca\/author\/mzaragoza\/"},"featured_img":"https:\/\/www.ametllerorigenwp.com\/wp-content\/uploads\/2024\/01\/Proyecto-nuevo-44-300x102.jpg","uagb_featured_image_src":{"full":["https:\/\/www.ametllerorigenwp.com\/wp-content\/uploads\/2024\/01\/Proyecto-nuevo-44.jpg",1000,340,false],"thumbnail":["https:\/\/www.ametllerorigenwp.com\/wp-content\/uploads\/2024\/01\/Proyecto-nuevo-44-150x150.jpg",150,150,true],"medium":["https:\/\/www.ametllerorigenwp.com\/wp-content\/uploads\/2024\/01\/Proyecto-nuevo-44-300x102.jpg",300,102,true],"medium_large":["https:\/\/www.ametllerorigenwp.com\/wp-content\/uploads\/2024\/01\/Proyecto-nuevo-44-768x261.jpg",768,261,true],"large":["https:\/\/www.ametllerorigenwp.com\/wp-content\/uploads\/2024\/01\/Proyecto-nuevo-44.jpg",840,286,false],"1536x1536":["https:\/\/www.ametllerorigenwp.com\/wp-content\/uploads\/2024\/01\/Proyecto-nuevo-44.jpg",1000,340,false],"2048x2048":["https:\/\/www.ametllerorigenwp.com\/wp-content\/uploads\/2024\/01\/Proyecto-nuevo-44.jpg",1000,340,false],"post-thumbnail":["https:\/\/www.ametllerorigenwp.com\/wp-content\/uploads\/2024\/01\/Proyecto-nuevo-44.jpg",1000,340,false]},"uagb_author_info":{"display_name":"Mireia Zaragoza","author_link":"https:\/\/www.ametllerorigenwp.com\/ca\/author\/mzaragoza\/"},"uagb_comment_info":0,"uagb_excerpt":"Estem d&#8217;enhorabona! I \u00e9s que per fi ha arribat el fred que ha petonejat les carxofes dels nostres camps de Camarles! Aquestes carxofes, que presenten unes taques blanquinoses a la pell com si alg\u00fa les hagu\u00e9s petonejat, s\u00f3n molt especials perqu\u00e8 tenen un sabor \u00fanic! I \u00e9s que amb el fred, els vegetals activen un&hellip;","coauthors":[],"tax_additional":{"categories":{"linked":["<a href=\"https:\/\/www.ametllerorigenwp.com\/ca\/category\/noticies\/\" class=\"advgb-post-tax-term\">Noticies<\/a>"],"unlinked":["<span class=\"advgb-post-tax-term\">Noticies<\/span>"]}},"comment_count":"0","relative_dates":{"created":"Posted 2 anys ago","modified":"Updated 2 anys ago"},"absolute_dates":{"created":"Posted on 3 de gener de 2024","modified":"Updated on 2 de gener de 2024"},"absolute_dates_time":{"created":"Posted on 3 de gener de 2024 01:00","modified":"Updated on 2 de gener de 2024 13:05"},"featured_img_caption":"","series_order":"","show_in_app":true,"fecha_inicio_destacado":null,"hora_inicio_visualizacion":null,"minutos_inicio_visualizacion":null,"fecha_final_destacado":null,"hora_final_visualizacion":null,"minutos_final_visualizacion":null,"posicion_visualizacion":null,"estado_destacado":null,"niveles_destacados":null,"url_del_enlace":null,"banner_destacado":null,"posicion_visualizacion_de_la_noticia":"01","estado_noticia":["Visible"],"fecha_de_inicio_de_visualizacion_del_tutorial":null,"hora_inicio_visualizacion_tutorial":null,"minutos_inicio_visualizacion_tutorial":null,"fecha_de_final_de_visualizacion_del_tutorial":null,"hora_final_visualizacion_tutorial":null,"minutos_final_visualizacion_tutorial":null,"numero_de_veces_visto":null,"numero_de_veces_total":null,"niveles_tutorial":null,"tutorial_recursos_castellano":null,"tutorial_recursos_catalan":null,"dias_disponibles":null,"dias_de_la_semana":null,"dias_del_mes":null,"other_lang_post_id":null,"lang":"ca","campanya_descripcion":null,"campanya_fecha_inicio":null,"campanya_fecha_fin":null,"campanya_legales":null,"campanya_imagen":null,"campanya_characteristics":null,"campanya_url":null,"campanya_posicion_visualizacion":null,"campanya_estado":null,"_links":{"self":[{"href":"https:\/\/www.ametllerorigenwp.com\/ca\/wp-json\/wp\/v2\/posts\/10642","targetHints":{"allow":["GET"]}}],"collection":[{"href":"https:\/\/www.ametllerorigenwp.com\/ca\/wp-json\/wp\/v2\/posts"}],"about":[{"href":"https:\/\/www.ametllerorigenwp.com\/ca\/wp-json\/wp\/v2\/types\/post"}],"author":[{"embeddable":true,"href":"https:\/\/www.ametllerorigenwp.com\/ca\/wp-json\/wp\/v2\/users\/5"}],"replies":[{"embeddable":true,"href":"https:\/\/www.ametllerorigenwp.com\/ca\/wp-json\/wp\/v2\/comments?post=10642"}],"version-history":[{"count":1,"href":"https:\/\/www.ametllerorigenwp.com\/ca\/wp-json\/wp\/v2\/posts\/10642\/revisions"}],"predecessor-version":[{"id":10645,"href":"https:\/\/www.ametllerorigenwp.com\/ca\/wp-json\/wp\/v2\/posts\/10642\/revisions\/10645"}],"wp:featuredmedia":[{"embeddable":true,"href":"https:\/\/www.ametllerorigenwp.com\/ca\/wp-json\/wp\/v2\/media\/10643"}],"wp:attachment":[{"href":"https:\/\/www.ametllerorigenwp.com\/ca\/wp-json\/wp\/v2\/media?parent=10642"}],"wp:term":[{"taxonomy":"category","embeddable":true,"href":"https:\/\/www.ametllerorigenwp.com\/ca\/wp-json\/wp\/v2\/categories?post=10642"},{"taxonomy":"post_tag","embeddable":true,"href":"https:\/\/www.ametllerorigenwp.com\/ca\/wp-json\/wp\/v2\/tags?post=10642"}],"curies":[{"name":"wp","href":"https:\/\/api.w.org\/{rel}","templated":true}]}}