{"id":10778,"date":"2024-01-19T01:00:14","date_gmt":"2024-01-19T01:00:14","guid":{"rendered":"https:\/\/www.ametllerorigenwp.com\/?p=10778"},"modified":"2024-01-17T14:25:43","modified_gmt":"2024-01-17T14:25:43","slug":"desmuntem-mites-sobre-el-suc-de-taronja-natural","status":"publish","type":"post","link":"https:\/\/www.ametllerorigenwp.com\/ca\/desmuntem-mites-sobre-el-suc-de-taronja-natural\/","title":{"rendered":"Desmuntem mites sobre el suc de taronja natural"},"content":{"rendered":"<p>Penses que <strong>al suc de taronja natural se li\u2019n van les vitamines si no el prens immediatament? Doncs t\u2019hem de dir que est\u00e0s equivocat!<\/strong><\/p>\n<p>Descobreix en aquest <a href=\"https:\/\/www.instagram.com\/reel\/C2IjBakJYwb\/?igsh=OWZ5MDN6cjg0Zzhx\">v\u00eddeo<\/a> com desmuntem aquest fals mite tan popular i est\u00e8s a totes les cases.<\/p>\n","protected":false},"excerpt":{"rendered":"<p>Penses que al suc de taronja natural se li\u2019n van les vitamines si no el prens immediatament? Doncs t\u2019hem de dir que est\u00e0s equivocat! Descobreix en aquest v\u00eddeo com desmuntem aquest fals mite tan popular i est\u00e8s a totes les cases.<\/p>\n","protected":false},"author":5,"featured_media":10776,"comment_status":"closed","ping_status":"closed","sticky":false,"template":"","format":"standard","meta":{"_uag_custom_page_level_css":"","advgb_blocks_editor_width":"","advgb_blocks_columns_visual_guide":"","footnotes":""},"categories":[2],"tags":[],"class_list":["post-10778","post","type-post","status-publish","format-standard","has-post-thumbnail","hentry","category-noticies"],"author_meta":{"display_name":"Mireia Zaragoza","author_link":"https:\/\/www.ametllerorigenwp.com\/ca\/author\/mzaragoza\/"},"featured_img":"https:\/\/www.ametllerorigenwp.com\/wp-content\/uploads\/2024\/01\/Proyecto-nuevo-78-300x102.png","uagb_featured_image_src":{"full":["https:\/\/www.ametllerorigenwp.com\/wp-content\/uploads\/2024\/01\/Proyecto-nuevo-78.png",1000,340,false],"thumbnail":["https:\/\/www.ametllerorigenwp.com\/wp-content\/uploads\/2024\/01\/Proyecto-nuevo-78-150x150.png",150,150,true],"medium":["https:\/\/www.ametllerorigenwp.com\/wp-content\/uploads\/2024\/01\/Proyecto-nuevo-78-300x102.png",300,102,true],"medium_large":["https:\/\/www.ametllerorigenwp.com\/wp-content\/uploads\/2024\/01\/Proyecto-nuevo-78-768x261.png",768,261,true],"large":["https:\/\/www.ametllerorigenwp.com\/wp-content\/uploads\/2024\/01\/Proyecto-nuevo-78.png",840,286,false],"1536x1536":["https:\/\/www.ametllerorigenwp.com\/wp-content\/uploads\/2024\/01\/Proyecto-nuevo-78.png",1000,340,false],"2048x2048":["https:\/\/www.ametllerorigenwp.com\/wp-content\/uploads\/2024\/01\/Proyecto-nuevo-78.png",1000,340,false],"post-thumbnail":["https:\/\/www.ametllerorigenwp.com\/wp-content\/uploads\/2024\/01\/Proyecto-nuevo-78.png",1000,340,false]},"uagb_author_info":{"display_name":"Mireia Zaragoza","author_link":"https:\/\/www.ametllerorigenwp.com\/ca\/author\/mzaragoza\/"},"uagb_comment_info":0,"uagb_excerpt":"Penses que al suc de taronja natural se li\u2019n van les vitamines si no el prens immediatament? Doncs t\u2019hem de dir que est\u00e0s equivocat! Descobreix en aquest v\u00eddeo com desmuntem aquest fals mite tan popular i est\u00e8s a totes les cases.","coauthors":[],"tax_additional":{"categories":{"linked":["<a href=\"https:\/\/www.ametllerorigenwp.com\/ca\/category\/noticies\/\" class=\"advgb-post-tax-term\">Noticies<\/a>"],"unlinked":["<span class=\"advgb-post-tax-term\">Noticies<\/span>"]}},"comment_count":"0","relative_dates":{"created":"Posted 2 anys ago","modified":"Updated 2 anys ago"},"absolute_dates":{"created":"Posted on 19 de gener de 2024","modified":"Updated on 17 de gener de 2024"},"absolute_dates_time":{"created":"Posted on 19 de gener de 2024 01:00","modified":"Updated on 17 de gener de 2024 14:25"},"featured_img_caption":"","series_order":"","show_in_app":true,"fecha_inicio_destacado":null,"hora_inicio_visualizacion":null,"minutos_inicio_visualizacion":null,"fecha_final_destacado":null,"hora_final_visualizacion":null,"minutos_final_visualizacion":null,"posicion_visualizacion":null,"estado_destacado":null,"niveles_destacados":null,"url_del_enlace":null,"banner_destacado":null,"posicion_visualizacion_de_la_noticia":"01","estado_noticia":["Visible"],"fecha_de_inicio_de_visualizacion_del_tutorial":null,"hora_inicio_visualizacion_tutorial":null,"minutos_inicio_visualizacion_tutorial":null,"fecha_de_final_de_visualizacion_del_tutorial":null,"hora_final_visualizacion_tutorial":null,"minutos_final_visualizacion_tutorial":null,"numero_de_veces_visto":null,"numero_de_veces_total":null,"niveles_tutorial":null,"tutorial_recursos_castellano":null,"tutorial_recursos_catalan":null,"dias_disponibles":null,"dias_de_la_semana":null,"dias_del_mes":null,"other_lang_post_id":null,"lang":"ca","campanya_descripcion":null,"campanya_fecha_inicio":null,"campanya_fecha_fin":null,"campanya_legales":null,"campanya_imagen":null,"campanya_characteristics":null,"campanya_url":null,"campanya_posicion_visualizacion":null,"campanya_estado":null,"_links":{"self":[{"href":"https:\/\/www.ametllerorigenwp.com\/ca\/wp-json\/wp\/v2\/posts\/10778","targetHints":{"allow":["GET"]}}],"collection":[{"href":"https:\/\/www.ametllerorigenwp.com\/ca\/wp-json\/wp\/v2\/posts"}],"about":[{"href":"https:\/\/www.ametllerorigenwp.com\/ca\/wp-json\/wp\/v2\/types\/post"}],"author":[{"embeddable":true,"href":"https:\/\/www.ametllerorigenwp.com\/ca\/wp-json\/wp\/v2\/users\/5"}],"replies":[{"embeddable":true,"href":"https:\/\/www.ametllerorigenwp.com\/ca\/wp-json\/wp\/v2\/comments?post=10778"}],"version-history":[{"count":1,"href":"https:\/\/www.ametllerorigenwp.com\/ca\/wp-json\/wp\/v2\/posts\/10778\/revisions"}],"predecessor-version":[{"id":10779,"href":"https:\/\/www.ametllerorigenwp.com\/ca\/wp-json\/wp\/v2\/posts\/10778\/revisions\/10779"}],"wp:featuredmedia":[{"embeddable":true,"href":"https:\/\/www.ametllerorigenwp.com\/ca\/wp-json\/wp\/v2\/media\/10776"}],"wp:attachment":[{"href":"https:\/\/www.ametllerorigenwp.com\/ca\/wp-json\/wp\/v2\/media?parent=10778"}],"wp:term":[{"taxonomy":"category","embeddable":true,"href":"https:\/\/www.ametllerorigenwp.com\/ca\/wp-json\/wp\/v2\/categories?post=10778"},{"taxonomy":"post_tag","embeddable":true,"href":"https:\/\/www.ametllerorigenwp.com\/ca\/wp-json\/wp\/v2\/tags?post=10778"}],"curies":[{"name":"wp","href":"https:\/\/api.w.org\/{rel}","templated":true}]}}