{"id":10809,"date":"2024-01-23T01:00:06","date_gmt":"2024-01-23T01:00:06","guid":{"rendered":"https:\/\/www.ametllerorigenwp.com\/?p=10809"},"modified":"2024-01-22T16:28:09","modified_gmt":"2024-01-22T16:28:09","slug":"fan-de-les-pomes-en-tenim-una-per-a-cada-ocasio","status":"publish","type":"post","link":"https:\/\/www.ametllerorigenwp.com\/ca\/fan-de-les-pomes-en-tenim-una-per-a-cada-ocasio\/","title":{"rendered":"Fan de les pomes, en tenim una per a cada ocasi\u00f3!"},"content":{"rendered":"<p>Ja has tastat totes les varietats de pomes dels Pirineus Catalans? <strong>S\u00f3n tan saboroses i cruixents perqu\u00e8 es cultiven enmig de muntanyes i boscos de pins i alzines<\/strong>, aproximadament a 500 m d\u2019altitud al nord de la comarca de la Noguera, al cor del Montsec.<\/p>\n<p>Aprofita ara que es troben en el seu punt \u00f2ptim de sabor i gaudeix d\u2019<a href=\"https:\/\/www.instagram.com\/ametllerorigen\/reel\/C1zTgzcxjzj\/\">una poma per a cada ocasi\u00f3<\/a>!<\/p>\n","protected":false},"excerpt":{"rendered":"<p>Ja has tastat totes les varietats de pomes dels Pirineus Catalans? S\u00f3n tan saboroses i cruixents perqu\u00e8 es cultiven enmig de muntanyes i boscos de pins i alzines, aproximadament a 500 m d\u2019altitud al nord de la comarca de la Noguera, al cor del Montsec. Aprofita ara que es troben en el seu punt \u00f2ptim &hellip; <a href=\"https:\/\/www.ametllerorigenwp.com\/ca\/fan-de-les-pomes-en-tenim-una-per-a-cada-ocasio\/\" class=\"more-link\">Continua llegint <span class=\"screen-reader-text\">\u00abFan de les pomes, en tenim una per a cada ocasi\u00f3!\u00bb<\/span><\/a><\/p>\n","protected":false},"author":5,"featured_media":10810,"comment_status":"closed","ping_status":"closed","sticky":false,"template":"","format":"standard","meta":{"_uag_custom_page_level_css":"","advgb_blocks_editor_width":"","advgb_blocks_columns_visual_guide":"","footnotes":""},"categories":[2],"tags":[],"class_list":["post-10809","post","type-post","status-publish","format-standard","has-post-thumbnail","hentry","category-noticies"],"author_meta":{"display_name":"Mireia Zaragoza","author_link":"https:\/\/www.ametllerorigenwp.com\/ca\/author\/mzaragoza\/"},"featured_img":"https:\/\/www.ametllerorigenwp.com\/wp-content\/uploads\/2024\/01\/COMMS_FOTO_NOTI_APP_POMES_-300x102.jpg","uagb_featured_image_src":{"full":["https:\/\/www.ametllerorigenwp.com\/wp-content\/uploads\/2024\/01\/COMMS_FOTO_NOTI_APP_POMES_.jpg",1000,340,false],"thumbnail":["https:\/\/www.ametllerorigenwp.com\/wp-content\/uploads\/2024\/01\/COMMS_FOTO_NOTI_APP_POMES_-150x150.jpg",150,150,true],"medium":["https:\/\/www.ametllerorigenwp.com\/wp-content\/uploads\/2024\/01\/COMMS_FOTO_NOTI_APP_POMES_-300x102.jpg",300,102,true],"medium_large":["https:\/\/www.ametllerorigenwp.com\/wp-content\/uploads\/2024\/01\/COMMS_FOTO_NOTI_APP_POMES_-768x261.jpg",768,261,true],"large":["https:\/\/www.ametllerorigenwp.com\/wp-content\/uploads\/2024\/01\/COMMS_FOTO_NOTI_APP_POMES_.jpg",840,286,false],"1536x1536":["https:\/\/www.ametllerorigenwp.com\/wp-content\/uploads\/2024\/01\/COMMS_FOTO_NOTI_APP_POMES_.jpg",1000,340,false],"2048x2048":["https:\/\/www.ametllerorigenwp.com\/wp-content\/uploads\/2024\/01\/COMMS_FOTO_NOTI_APP_POMES_.jpg",1000,340,false],"post-thumbnail":["https:\/\/www.ametllerorigenwp.com\/wp-content\/uploads\/2024\/01\/COMMS_FOTO_NOTI_APP_POMES_.jpg",1000,340,false]},"uagb_author_info":{"display_name":"Mireia Zaragoza","author_link":"https:\/\/www.ametllerorigenwp.com\/ca\/author\/mzaragoza\/"},"uagb_comment_info":0,"uagb_excerpt":"Ja has tastat totes les varietats de pomes dels Pirineus Catalans? S\u00f3n tan saboroses i cruixents perqu\u00e8 es cultiven enmig de muntanyes i boscos de pins i alzines, aproximadament a 500 m d\u2019altitud al nord de la comarca de la Noguera, al cor del Montsec. Aprofita ara que es troben en el seu punt \u00f2ptim&hellip;","coauthors":[],"tax_additional":{"categories":{"linked":["<a href=\"https:\/\/www.ametllerorigenwp.com\/ca\/category\/noticies\/\" class=\"advgb-post-tax-term\">Noticies<\/a>"],"unlinked":["<span class=\"advgb-post-tax-term\">Noticies<\/span>"]}},"comment_count":"0","relative_dates":{"created":"Posted 2 anys ago","modified":"Updated 2 anys ago"},"absolute_dates":{"created":"Posted on 23 de gener de 2024","modified":"Updated on 22 de gener de 2024"},"absolute_dates_time":{"created":"Posted on 23 de gener de 2024 01:00","modified":"Updated on 22 de gener de 2024 16:28"},"featured_img_caption":"","series_order":"","show_in_app":true,"fecha_inicio_destacado":null,"hora_inicio_visualizacion":null,"minutos_inicio_visualizacion":null,"fecha_final_destacado":null,"hora_final_visualizacion":null,"minutos_final_visualizacion":null,"posicion_visualizacion":null,"estado_destacado":null,"niveles_destacados":null,"url_del_enlace":null,"banner_destacado":null,"posicion_visualizacion_de_la_noticia":"01","estado_noticia":["Visible"],"fecha_de_inicio_de_visualizacion_del_tutorial":null,"hora_inicio_visualizacion_tutorial":null,"minutos_inicio_visualizacion_tutorial":null,"fecha_de_final_de_visualizacion_del_tutorial":null,"hora_final_visualizacion_tutorial":null,"minutos_final_visualizacion_tutorial":null,"numero_de_veces_visto":null,"numero_de_veces_total":null,"niveles_tutorial":null,"tutorial_recursos_castellano":null,"tutorial_recursos_catalan":null,"dias_disponibles":null,"dias_de_la_semana":null,"dias_del_mes":null,"other_lang_post_id":null,"lang":"ca","campanya_descripcion":null,"campanya_fecha_inicio":null,"campanya_fecha_fin":null,"campanya_legales":null,"campanya_imagen":null,"campanya_characteristics":null,"campanya_url":null,"campanya_posicion_visualizacion":null,"campanya_estado":null,"_links":{"self":[{"href":"https:\/\/www.ametllerorigenwp.com\/ca\/wp-json\/wp\/v2\/posts\/10809","targetHints":{"allow":["GET"]}}],"collection":[{"href":"https:\/\/www.ametllerorigenwp.com\/ca\/wp-json\/wp\/v2\/posts"}],"about":[{"href":"https:\/\/www.ametllerorigenwp.com\/ca\/wp-json\/wp\/v2\/types\/post"}],"author":[{"embeddable":true,"href":"https:\/\/www.ametllerorigenwp.com\/ca\/wp-json\/wp\/v2\/users\/5"}],"replies":[{"embeddable":true,"href":"https:\/\/www.ametllerorigenwp.com\/ca\/wp-json\/wp\/v2\/comments?post=10809"}],"version-history":[{"count":1,"href":"https:\/\/www.ametllerorigenwp.com\/ca\/wp-json\/wp\/v2\/posts\/10809\/revisions"}],"predecessor-version":[{"id":10812,"href":"https:\/\/www.ametllerorigenwp.com\/ca\/wp-json\/wp\/v2\/posts\/10809\/revisions\/10812"}],"wp:featuredmedia":[{"embeddable":true,"href":"https:\/\/www.ametllerorigenwp.com\/ca\/wp-json\/wp\/v2\/media\/10810"}],"wp:attachment":[{"href":"https:\/\/www.ametllerorigenwp.com\/ca\/wp-json\/wp\/v2\/media?parent=10809"}],"wp:term":[{"taxonomy":"category","embeddable":true,"href":"https:\/\/www.ametllerorigenwp.com\/ca\/wp-json\/wp\/v2\/categories?post=10809"},{"taxonomy":"post_tag","embeddable":true,"href":"https:\/\/www.ametllerorigenwp.com\/ca\/wp-json\/wp\/v2\/tags?post=10809"}],"curies":[{"name":"wp","href":"https:\/\/api.w.org\/{rel}","templated":true}]}}