{"id":10840,"date":"2024-01-26T01:00:38","date_gmt":"2024-01-26T01:00:38","guid":{"rendered":"https:\/\/www.ametllerorigenwp.com\/?p=10840"},"modified":"2024-01-26T11:46:29","modified_gmt":"2024-01-26T11:46:29","slug":"amant-dels-calcots-es-temporada-de-fer-bones-calcotades","status":"publish","type":"post","link":"https:\/\/www.ametllerorigenwp.com\/ca\/amant-dels-calcots-es-temporada-de-fer-bones-calcotades\/","title":{"rendered":"Amant dels cal\u00e7ots: \u00e9s temporada de fer bones cal\u00e7otades!"},"content":{"rendered":"<p><strong>Saps qu\u00e8 s\u00f3n els cal\u00e7ots, com els cultivem o quina \u00e9s la seva temporalitat?<\/strong> Avui t\u2019ho expliquem en aquest<a href=\"https:\/\/www.instagram.com\/reel\/C2NxS3WoWxh\/?igsh=bGNmazF5cTVjZjl3\"> v\u00eddeo<\/a> on el <strong>Cintet et porta als nostres camps de Bellv\u00eds, al Pla d\u2019Urgell<\/strong>, que estan plens d\u2019aquesta joia gastron\u00f2mica.<\/p>\n<p>I tu, ja has fet la primera cal\u00e7otada de l\u2019any?<\/p>\n","protected":false},"excerpt":{"rendered":"<p>Saps qu\u00e8 s\u00f3n els cal\u00e7ots, com els cultivem o quina \u00e9s la seva temporalitat? Avui t\u2019ho expliquem en aquest v\u00eddeo on el Cintet et porta als nostres camps de Bellv\u00eds, al Pla d\u2019Urgell, que estan plens d\u2019aquesta joia gastron\u00f2mica. I tu, ja has fet la primera cal\u00e7otada de l\u2019any?<\/p>\n","protected":false},"author":5,"featured_media":10841,"comment_status":"closed","ping_status":"closed","sticky":false,"template":"","format":"standard","meta":{"_uag_custom_page_level_css":"","advgb_blocks_editor_width":"","advgb_blocks_columns_visual_guide":"","footnotes":""},"categories":[2],"tags":[],"class_list":["post-10840","post","type-post","status-publish","format-standard","has-post-thumbnail","hentry","category-noticies"],"author_meta":{"display_name":"Mireia Zaragoza","author_link":"https:\/\/www.ametllerorigenwp.com\/ca\/author\/mzaragoza\/"},"featured_img":"https:\/\/www.ametllerorigenwp.com\/wp-content\/uploads\/2024\/01\/App_calcots1_100x340-300x102.jpg","uagb_featured_image_src":{"full":["https:\/\/www.ametllerorigenwp.com\/wp-content\/uploads\/2024\/01\/App_calcots1_100x340.jpg",1000,340,false],"thumbnail":["https:\/\/www.ametllerorigenwp.com\/wp-content\/uploads\/2024\/01\/App_calcots1_100x340-150x150.jpg",150,150,true],"medium":["https:\/\/www.ametllerorigenwp.com\/wp-content\/uploads\/2024\/01\/App_calcots1_100x340-300x102.jpg",300,102,true],"medium_large":["https:\/\/www.ametllerorigenwp.com\/wp-content\/uploads\/2024\/01\/App_calcots1_100x340-768x261.jpg",768,261,true],"large":["https:\/\/www.ametllerorigenwp.com\/wp-content\/uploads\/2024\/01\/App_calcots1_100x340.jpg",840,286,false],"1536x1536":["https:\/\/www.ametllerorigenwp.com\/wp-content\/uploads\/2024\/01\/App_calcots1_100x340.jpg",1000,340,false],"2048x2048":["https:\/\/www.ametllerorigenwp.com\/wp-content\/uploads\/2024\/01\/App_calcots1_100x340.jpg",1000,340,false],"post-thumbnail":["https:\/\/www.ametllerorigenwp.com\/wp-content\/uploads\/2024\/01\/App_calcots1_100x340.jpg",1000,340,false]},"uagb_author_info":{"display_name":"Mireia Zaragoza","author_link":"https:\/\/www.ametllerorigenwp.com\/ca\/author\/mzaragoza\/"},"uagb_comment_info":0,"uagb_excerpt":"Saps qu\u00e8 s\u00f3n els cal\u00e7ots, com els cultivem o quina \u00e9s la seva temporalitat? Avui t\u2019ho expliquem en aquest v\u00eddeo on el Cintet et porta als nostres camps de Bellv\u00eds, al Pla d\u2019Urgell, que estan plens d\u2019aquesta joia gastron\u00f2mica. I tu, ja has fet la primera cal\u00e7otada de l\u2019any?","coauthors":[],"tax_additional":{"categories":{"linked":["<a href=\"https:\/\/www.ametllerorigenwp.com\/ca\/category\/noticies\/\" class=\"advgb-post-tax-term\">Noticies<\/a>"],"unlinked":["<span class=\"advgb-post-tax-term\">Noticies<\/span>"]}},"comment_count":"0","relative_dates":{"created":"Posted 2 anys ago","modified":"Updated 2 anys ago"},"absolute_dates":{"created":"Posted on 26 de gener de 2024","modified":"Updated on 26 de gener de 2024"},"absolute_dates_time":{"created":"Posted on 26 de gener de 2024 01:00","modified":"Updated on 26 de gener de 2024 11:46"},"featured_img_caption":"","series_order":"","show_in_app":true,"fecha_inicio_destacado":null,"hora_inicio_visualizacion":null,"minutos_inicio_visualizacion":null,"fecha_final_destacado":null,"hora_final_visualizacion":null,"minutos_final_visualizacion":null,"posicion_visualizacion":null,"estado_destacado":null,"niveles_destacados":null,"url_del_enlace":null,"banner_destacado":null,"posicion_visualizacion_de_la_noticia":"01","estado_noticia":["Visible"],"fecha_de_inicio_de_visualizacion_del_tutorial":null,"hora_inicio_visualizacion_tutorial":null,"minutos_inicio_visualizacion_tutorial":null,"fecha_de_final_de_visualizacion_del_tutorial":null,"hora_final_visualizacion_tutorial":null,"minutos_final_visualizacion_tutorial":null,"numero_de_veces_visto":null,"numero_de_veces_total":null,"niveles_tutorial":null,"tutorial_recursos_castellano":null,"tutorial_recursos_catalan":null,"dias_disponibles":null,"dias_de_la_semana":null,"dias_del_mes":null,"other_lang_post_id":null,"lang":"ca","campanya_descripcion":null,"campanya_fecha_inicio":null,"campanya_fecha_fin":null,"campanya_legales":null,"campanya_imagen":null,"campanya_characteristics":null,"campanya_url":null,"campanya_posicion_visualizacion":null,"campanya_estado":null,"_links":{"self":[{"href":"https:\/\/www.ametllerorigenwp.com\/ca\/wp-json\/wp\/v2\/posts\/10840","targetHints":{"allow":["GET"]}}],"collection":[{"href":"https:\/\/www.ametllerorigenwp.com\/ca\/wp-json\/wp\/v2\/posts"}],"about":[{"href":"https:\/\/www.ametllerorigenwp.com\/ca\/wp-json\/wp\/v2\/types\/post"}],"author":[{"embeddable":true,"href":"https:\/\/www.ametllerorigenwp.com\/ca\/wp-json\/wp\/v2\/users\/5"}],"replies":[{"embeddable":true,"href":"https:\/\/www.ametllerorigenwp.com\/ca\/wp-json\/wp\/v2\/comments?post=10840"}],"version-history":[{"count":1,"href":"https:\/\/www.ametllerorigenwp.com\/ca\/wp-json\/wp\/v2\/posts\/10840\/revisions"}],"predecessor-version":[{"id":10843,"href":"https:\/\/www.ametllerorigenwp.com\/ca\/wp-json\/wp\/v2\/posts\/10840\/revisions\/10843"}],"wp:featuredmedia":[{"embeddable":true,"href":"https:\/\/www.ametllerorigenwp.com\/ca\/wp-json\/wp\/v2\/media\/10841"}],"wp:attachment":[{"href":"https:\/\/www.ametllerorigenwp.com\/ca\/wp-json\/wp\/v2\/media?parent=10840"}],"wp:term":[{"taxonomy":"category","embeddable":true,"href":"https:\/\/www.ametllerorigenwp.com\/ca\/wp-json\/wp\/v2\/categories?post=10840"},{"taxonomy":"post_tag","embeddable":true,"href":"https:\/\/www.ametllerorigenwp.com\/ca\/wp-json\/wp\/v2\/tags?post=10840"}],"curies":[{"name":"wp","href":"https:\/\/api.w.org\/{rel}","templated":true}]}}