{"id":1086,"date":"2021-03-08T17:10:56","date_gmt":"2021-03-08T17:10:56","guid":{"rendered":"https:\/\/www.ametllerorigenwp.com\/?p=1086"},"modified":"2021-03-08T17:11:00","modified_gmt":"2021-03-08T17:11:00","slug":"sumat-al-sopar-de-la-fam-de-mans-unides","status":"publish","type":"post","link":"https:\/\/www.ametllerorigenwp.com\/ca\/sumat-al-sopar-de-la-fam-de-mans-unides\/","title":{"rendered":"Suma\u2019t al Sopar de la Fam de Mans Unides!"},"content":{"rendered":"\n<p><strong>Mans Unides Barcelona organitza una nova edici\u00f3 del Sopar de la Fam<\/strong>, un sopar solidari amb el qual vol fer prendre consci\u00e8ncia de la fam al m\u00f3n i recaptar fons solidaris que es destinaran \u00edntegrament al projecte d\u2019agricultura sostenible de Mayurbhanjad a l\u2019\u00cdndia.<\/p>\n\n\n\n<p>Des <strong>d\u2019Ametller Origen ens hem sumat a aquesta iniciativa solid\u00e0ria amb la donaci\u00f3 del seg\u00fcent lot<\/strong> <strong>que s\u2019entregar\u00e0 a totes les persones que s\u2019apuntin al Sopar de la Fam: una crema de verdures, una truita de patata i ceba, quatre mandarines i una bossa exclusiva de roba femcami.org<\/strong>.<\/p>\n\n\n\n<p>Per participar-hi cal que:<\/p>\n\n\n\n<ol class=\"wp-block-list\" type=\"1\"><li><strong>Facis el teu donatiu<\/strong> (10 \u20ac) al compte de Mans Unides ES06 2100 3291 9125 0004 4484 o per Bizum al 00051.<\/li><li><strong>Truca al 686 724 356 \/ 934 877 878<\/strong> i <strong>et donarem un codi que haur\u00e0s d\u2019introduir a l\u2019App d\u2019Ametller Origen<\/strong>.<\/li><li>Un cop hagis <strong>validat el codi a l\u2019App<\/strong>, <strong>podr\u00e0s recollir el teu sopar solidari a la botiga Ametller Origen Mercat d\u2019Autors<\/strong> (Carrer Num\u00e0ncia, 47).<\/li><\/ol>\n\n\n\n<p>Aporta el teu granet de sorra per lluitar contra la fam! <strong>Tens temps fins aquest dijous 11 de mar\u00e7 per participar-hi<\/strong>.<\/p>\n","protected":false},"excerpt":{"rendered":"<p>Mans Unides Barcelona organitza una nova edici\u00f3 del Sopar de la Fam, un sopar solidari amb el qual vol fer prendre consci\u00e8ncia de la fam al m\u00f3n i recaptar fons solidaris que es destinaran \u00edntegrament al projecte d\u2019agricultura sostenible de Mayurbhanjad a l\u2019\u00cdndia. Des d\u2019Ametller Origen ens hem sumat a aquesta iniciativa solid\u00e0ria amb la &hellip; <a href=\"https:\/\/www.ametllerorigenwp.com\/ca\/sumat-al-sopar-de-la-fam-de-mans-unides\/\" class=\"more-link\">Continua llegint <span class=\"screen-reader-text\">\u00abSuma\u2019t al Sopar de la Fam de Mans Unides!\u00bb<\/span><\/a><\/p>\n","protected":false},"author":5,"featured_media":1096,"comment_status":"open","ping_status":"open","sticky":false,"template":"","format":"standard","meta":{"_uag_custom_page_level_css":"","advgb_blocks_editor_width":"","advgb_blocks_columns_visual_guide":"","footnotes":""},"categories":[2],"tags":[],"class_list":["post-1086","post","type-post","status-publish","format-standard","has-post-thumbnail","hentry","category-noticies"],"author_meta":{"display_name":"Mireia Zaragoza","author_link":"https:\/\/www.ametllerorigenwp.com\/ca\/author\/mzaragoza\/"},"featured_img":"https:\/\/www.ametllerorigenwp.com\/wp-content\/uploads\/2021\/03\/Captura_de_pantalla_2021-02-26_a_las_11.45.35-300x200.png","uagb_featured_image_src":{"full":["https:\/\/www.ametllerorigenwp.com\/wp-content\/uploads\/2021\/03\/Captura_de_pantalla_2021-02-26_a_las_11.45.35.png",2224,1484,false],"thumbnail":["https:\/\/www.ametllerorigenwp.com\/wp-content\/uploads\/2021\/03\/Captura_de_pantalla_2021-02-26_a_las_11.45.35-150x150.png",150,150,true],"medium":["https:\/\/www.ametllerorigenwp.com\/wp-content\/uploads\/2021\/03\/Captura_de_pantalla_2021-02-26_a_las_11.45.35-300x200.png",300,200,true],"medium_large":["https:\/\/www.ametllerorigenwp.com\/wp-content\/uploads\/2021\/03\/Captura_de_pantalla_2021-02-26_a_las_11.45.35-768x512.png",768,512,true],"large":["https:\/\/www.ametllerorigenwp.com\/wp-content\/uploads\/2021\/03\/Captura_de_pantalla_2021-02-26_a_las_11.45.35-1024x683.png",840,560,true],"1536x1536":["https:\/\/www.ametllerorigenwp.com\/wp-content\/uploads\/2021\/03\/Captura_de_pantalla_2021-02-26_a_las_11.45.35-1536x1025.png",1536,1025,true],"2048x2048":["https:\/\/www.ametllerorigenwp.com\/wp-content\/uploads\/2021\/03\/Captura_de_pantalla_2021-02-26_a_las_11.45.35-2048x1367.png",2048,1367,true],"post-thumbnail":["https:\/\/www.ametllerorigenwp.com\/wp-content\/uploads\/2021\/03\/Captura_de_pantalla_2021-02-26_a_las_11.45.35-1200x801.png",1200,801,true]},"uagb_author_info":{"display_name":"Mireia Zaragoza","author_link":"https:\/\/www.ametllerorigenwp.com\/ca\/author\/mzaragoza\/"},"uagb_comment_info":0,"uagb_excerpt":"Mans Unides Barcelona organitza una nova edici\u00f3 del Sopar de la Fam, un sopar solidari amb el qual vol fer prendre consci\u00e8ncia de la fam al m\u00f3n i recaptar fons solidaris que es destinaran \u00edntegrament al projecte d\u2019agricultura sostenible de Mayurbhanjad a l\u2019\u00cdndia. Des d\u2019Ametller Origen ens hem sumat a aquesta iniciativa solid\u00e0ria amb la&hellip;","coauthors":[],"tax_additional":{"categories":{"linked":["<a href=\"https:\/\/www.ametllerorigenwp.com\/ca\/category\/noticies\/\" class=\"advgb-post-tax-term\">Noticies<\/a>"],"unlinked":["<span class=\"advgb-post-tax-term\">Noticies<\/span>"]}},"comment_count":"0","relative_dates":{"created":"Posted 5 anys ago","modified":"Updated 5 anys ago"},"absolute_dates":{"created":"Posted on 8 de mar\u00e7 de 2021","modified":"Updated on 8 de mar\u00e7 de 2021"},"absolute_dates_time":{"created":"Posted on 8 de mar\u00e7 de 2021 17:10","modified":"Updated on 8 de mar\u00e7 de 2021 17:11"},"featured_img_caption":"","series_order":"","show_in_app":true,"fecha_inicio_destacado":null,"hora_inicio_visualizacion":null,"minutos_inicio_visualizacion":null,"fecha_final_destacado":null,"hora_final_visualizacion":null,"minutos_final_visualizacion":null,"posicion_visualizacion":null,"estado_destacado":null,"niveles_destacados":null,"url_del_enlace":null,"banner_destacado":null,"posicion_visualizacion_de_la_noticia":null,"estado_noticia":null,"fecha_de_inicio_de_visualizacion_del_tutorial":null,"hora_inicio_visualizacion_tutorial":null,"minutos_inicio_visualizacion_tutorial":null,"fecha_de_final_de_visualizacion_del_tutorial":null,"hora_final_visualizacion_tutorial":null,"minutos_final_visualizacion_tutorial":null,"numero_de_veces_visto":null,"numero_de_veces_total":null,"niveles_tutorial":null,"tutorial_recursos_castellano":null,"tutorial_recursos_catalan":null,"dias_disponibles":null,"dias_de_la_semana":null,"dias_del_mes":null,"other_lang_post_id":null,"lang":"ca","campanya_descripcion":null,"campanya_fecha_inicio":null,"campanya_fecha_fin":null,"campanya_legales":null,"campanya_imagen":null,"campanya_characteristics":null,"campanya_url":null,"campanya_posicion_visualizacion":null,"campanya_estado":null,"_links":{"self":[{"href":"https:\/\/www.ametllerorigenwp.com\/ca\/wp-json\/wp\/v2\/posts\/1086","targetHints":{"allow":["GET"]}}],"collection":[{"href":"https:\/\/www.ametllerorigenwp.com\/ca\/wp-json\/wp\/v2\/posts"}],"about":[{"href":"https:\/\/www.ametllerorigenwp.com\/ca\/wp-json\/wp\/v2\/types\/post"}],"author":[{"embeddable":true,"href":"https:\/\/www.ametllerorigenwp.com\/ca\/wp-json\/wp\/v2\/users\/5"}],"replies":[{"embeddable":true,"href":"https:\/\/www.ametllerorigenwp.com\/ca\/wp-json\/wp\/v2\/comments?post=1086"}],"version-history":[{"count":3,"href":"https:\/\/www.ametllerorigenwp.com\/ca\/wp-json\/wp\/v2\/posts\/1086\/revisions"}],"predecessor-version":[{"id":1100,"href":"https:\/\/www.ametllerorigenwp.com\/ca\/wp-json\/wp\/v2\/posts\/1086\/revisions\/1100"}],"wp:featuredmedia":[{"embeddable":true,"href":"https:\/\/www.ametllerorigenwp.com\/ca\/wp-json\/wp\/v2\/media\/1096"}],"wp:attachment":[{"href":"https:\/\/www.ametllerorigenwp.com\/ca\/wp-json\/wp\/v2\/media?parent=1086"}],"wp:term":[{"taxonomy":"category","embeddable":true,"href":"https:\/\/www.ametllerorigenwp.com\/ca\/wp-json\/wp\/v2\/categories?post=1086"},{"taxonomy":"post_tag","embeddable":true,"href":"https:\/\/www.ametllerorigenwp.com\/ca\/wp-json\/wp\/v2\/tags?post=1086"}],"curies":[{"name":"wp","href":"https:\/\/api.w.org\/{rel}","templated":true}]}}