{"id":10924,"date":"2024-02-06T01:00:27","date_gmt":"2024-02-06T01:00:27","guid":{"rendered":"https:\/\/www.ametllerorigenwp.com\/?p=10924"},"modified":"2024-02-05T14:52:09","modified_gmt":"2024-02-05T14:52:09","slug":"apuntat-tots-els-esdeveniments-importants-amb-el-calendari-2024","status":"publish","type":"post","link":"https:\/\/www.ametllerorigenwp.com\/ca\/apuntat-tots-els-esdeveniments-importants-amb-el-calendari-2024\/","title":{"rendered":"Apunta\u2019t tots els esdeveniments importants amb el calendari 2024"},"content":{"rendered":"<p>Aquest any no tens excusa per oblidar els compromisos m\u00e9s importants! <strong>Amb el nostre calendari mensual i organitzador setmanal, dissenyat per l\u2019il\u00b7lustrador Javier Royo, t\u2019ho posem f\u00e0cil per anotar tot all\u00f2 que necessitis i recordar els dies mundials i festivitats destacades<\/strong>. Tanmateix, trobar\u00e0s <strong>informaci\u00f3 relacionada amb la nostra manera de fer<\/strong>.<\/p>\n<p><strong>Aquest mes de febrer destaquem que la clau de la nostra fruita d\u2019hivern<\/strong> \u00e9s que totes les cares de l\u2019arbre rebin les mateixes hores de sol i llum. A m\u00e9s, fem una poda exhaustiva i passem fins a quatre vegades per recol\u00b7lectar la fruita en el punt \u00f2ptim de maduraci\u00f3.<\/p>\n<p>Descarrega-te\u2019l <a href=\"https:\/\/corp.ametllerorigen.com\/calendari_2024\/\">aqu\u00ed<\/a>!<\/p>\n","protected":false},"excerpt":{"rendered":"<p>Aquest any no tens excusa per oblidar els compromisos m\u00e9s importants! Amb el nostre calendari mensual i organitzador setmanal, dissenyat per l\u2019il\u00b7lustrador Javier Royo, t\u2019ho posem f\u00e0cil per anotar tot all\u00f2 que necessitis i recordar els dies mundials i festivitats destacades. Tanmateix, trobar\u00e0s informaci\u00f3 relacionada amb la nostra manera de fer. Aquest mes de febrer &hellip; <a href=\"https:\/\/www.ametllerorigenwp.com\/ca\/apuntat-tots-els-esdeveniments-importants-amb-el-calendari-2024\/\" class=\"more-link\">Continua llegint <span class=\"screen-reader-text\">\u00abApunta\u2019t tots els esdeveniments importants amb el calendari 2024\u00bb<\/span><\/a><\/p>\n","protected":false},"author":5,"featured_media":10925,"comment_status":"closed","ping_status":"closed","sticky":false,"template":"","format":"standard","meta":{"_uag_custom_page_level_css":"","advgb_blocks_editor_width":"","advgb_blocks_columns_visual_guide":"","footnotes":""},"categories":[2],"tags":[],"class_list":["post-10924","post","type-post","status-publish","format-standard","has-post-thumbnail","hentry","category-noticies"],"author_meta":{"display_name":"Mireia Zaragoza","author_link":"https:\/\/www.ametllerorigenwp.com\/ca\/author\/mzaragoza\/"},"featured_img":"https:\/\/www.ametllerorigenwp.com\/wp-content\/uploads\/2024\/02\/IM_APP_CALENDARI_DESCARREGABLE-300x102.jpg","uagb_featured_image_src":{"full":["https:\/\/www.ametllerorigenwp.com\/wp-content\/uploads\/2024\/02\/IM_APP_CALENDARI_DESCARREGABLE.jpg",1000,340,false],"thumbnail":["https:\/\/www.ametllerorigenwp.com\/wp-content\/uploads\/2024\/02\/IM_APP_CALENDARI_DESCARREGABLE-150x150.jpg",150,150,true],"medium":["https:\/\/www.ametllerorigenwp.com\/wp-content\/uploads\/2024\/02\/IM_APP_CALENDARI_DESCARREGABLE-300x102.jpg",300,102,true],"medium_large":["https:\/\/www.ametllerorigenwp.com\/wp-content\/uploads\/2024\/02\/IM_APP_CALENDARI_DESCARREGABLE-768x261.jpg",768,261,true],"large":["https:\/\/www.ametllerorigenwp.com\/wp-content\/uploads\/2024\/02\/IM_APP_CALENDARI_DESCARREGABLE.jpg",840,286,false],"1536x1536":["https:\/\/www.ametllerorigenwp.com\/wp-content\/uploads\/2024\/02\/IM_APP_CALENDARI_DESCARREGABLE.jpg",1000,340,false],"2048x2048":["https:\/\/www.ametllerorigenwp.com\/wp-content\/uploads\/2024\/02\/IM_APP_CALENDARI_DESCARREGABLE.jpg",1000,340,false],"post-thumbnail":["https:\/\/www.ametllerorigenwp.com\/wp-content\/uploads\/2024\/02\/IM_APP_CALENDARI_DESCARREGABLE.jpg",1000,340,false]},"uagb_author_info":{"display_name":"Mireia Zaragoza","author_link":"https:\/\/www.ametllerorigenwp.com\/ca\/author\/mzaragoza\/"},"uagb_comment_info":0,"uagb_excerpt":"Aquest any no tens excusa per oblidar els compromisos m\u00e9s importants! Amb el nostre calendari mensual i organitzador setmanal, dissenyat per l\u2019il\u00b7lustrador Javier Royo, t\u2019ho posem f\u00e0cil per anotar tot all\u00f2 que necessitis i recordar els dies mundials i festivitats destacades. Tanmateix, trobar\u00e0s informaci\u00f3 relacionada amb la nostra manera de fer. Aquest mes de febrer&hellip;","coauthors":[],"tax_additional":{"categories":{"linked":["<a href=\"https:\/\/www.ametllerorigenwp.com\/ca\/category\/noticies\/\" class=\"advgb-post-tax-term\">Noticies<\/a>"],"unlinked":["<span class=\"advgb-post-tax-term\">Noticies<\/span>"]}},"comment_count":"0","relative_dates":{"created":"Posted 2 anys ago","modified":"Updated 2 anys ago"},"absolute_dates":{"created":"Posted on 6 de febrer de 2024","modified":"Updated on 5 de febrer de 2024"},"absolute_dates_time":{"created":"Posted on 6 de febrer de 2024 01:00","modified":"Updated on 5 de febrer de 2024 14:52"},"featured_img_caption":"","series_order":"","show_in_app":true,"fecha_inicio_destacado":null,"hora_inicio_visualizacion":null,"minutos_inicio_visualizacion":null,"fecha_final_destacado":null,"hora_final_visualizacion":null,"minutos_final_visualizacion":null,"posicion_visualizacion":null,"estado_destacado":null,"niveles_destacados":null,"url_del_enlace":null,"banner_destacado":null,"posicion_visualizacion_de_la_noticia":"01","estado_noticia":["Visible"],"fecha_de_inicio_de_visualizacion_del_tutorial":null,"hora_inicio_visualizacion_tutorial":null,"minutos_inicio_visualizacion_tutorial":null,"fecha_de_final_de_visualizacion_del_tutorial":null,"hora_final_visualizacion_tutorial":null,"minutos_final_visualizacion_tutorial":null,"numero_de_veces_visto":null,"numero_de_veces_total":null,"niveles_tutorial":null,"tutorial_recursos_castellano":null,"tutorial_recursos_catalan":null,"dias_disponibles":null,"dias_de_la_semana":null,"dias_del_mes":null,"other_lang_post_id":null,"lang":"ca","campanya_descripcion":null,"campanya_fecha_inicio":null,"campanya_fecha_fin":null,"campanya_legales":null,"campanya_imagen":null,"campanya_characteristics":null,"campanya_url":null,"campanya_posicion_visualizacion":null,"campanya_estado":null,"_links":{"self":[{"href":"https:\/\/www.ametllerorigenwp.com\/ca\/wp-json\/wp\/v2\/posts\/10924","targetHints":{"allow":["GET"]}}],"collection":[{"href":"https:\/\/www.ametllerorigenwp.com\/ca\/wp-json\/wp\/v2\/posts"}],"about":[{"href":"https:\/\/www.ametllerorigenwp.com\/ca\/wp-json\/wp\/v2\/types\/post"}],"author":[{"embeddable":true,"href":"https:\/\/www.ametllerorigenwp.com\/ca\/wp-json\/wp\/v2\/users\/5"}],"replies":[{"embeddable":true,"href":"https:\/\/www.ametllerorigenwp.com\/ca\/wp-json\/wp\/v2\/comments?post=10924"}],"version-history":[{"count":1,"href":"https:\/\/www.ametllerorigenwp.com\/ca\/wp-json\/wp\/v2\/posts\/10924\/revisions"}],"predecessor-version":[{"id":10927,"href":"https:\/\/www.ametllerorigenwp.com\/ca\/wp-json\/wp\/v2\/posts\/10924\/revisions\/10927"}],"wp:featuredmedia":[{"embeddable":true,"href":"https:\/\/www.ametllerorigenwp.com\/ca\/wp-json\/wp\/v2\/media\/10925"}],"wp:attachment":[{"href":"https:\/\/www.ametllerorigenwp.com\/ca\/wp-json\/wp\/v2\/media?parent=10924"}],"wp:term":[{"taxonomy":"category","embeddable":true,"href":"https:\/\/www.ametllerorigenwp.com\/ca\/wp-json\/wp\/v2\/categories?post=10924"},{"taxonomy":"post_tag","embeddable":true,"href":"https:\/\/www.ametllerorigenwp.com\/ca\/wp-json\/wp\/v2\/tags?post=10924"}],"curies":[{"name":"wp","href":"https:\/\/api.w.org\/{rel}","templated":true}]}}