{"id":11062,"date":"2024-02-24T01:00:18","date_gmt":"2024-02-24T01:00:18","guid":{"rendered":"https:\/\/www.ametllerorigenwp.com\/?p=11062"},"modified":"2024-02-22T12:22:07","modified_gmt":"2024-02-22T12:22:07","slug":"quines-propietats-te-la-carn-de-conill","status":"publish","type":"post","link":"https:\/\/www.ametllerorigenwp.com\/ca\/quines-propietats-te-la-carn-de-conill\/","title":{"rendered":"Quines propietats t\u00e9 la carn de conill?"},"content":{"rendered":"<p><strong>La carn de conill \u00e9s molt saludable i ideal per a totes les edats<\/strong>. Sovint, \u00e9s una carn una mica oblidada dins de les carns blanques, perqu\u00e8 ens decantem m\u00e9s pel pollastre o el gall dindi. Per\u00f2, saps per qu\u00e8 \u00e9s tan bona la carn de conill? T\u2019ho expliquem a continuaci\u00f3!<\/p>\n<ol>\n<li><strong>Contingut elevat de prote\u00efnes d\u2019alt valor biol\u00f2gic<\/strong>, superior al de la mitjana de les altres carns, i de gran qualitat.<\/li>\n<li><strong>Font de vitamines<\/strong> del grup B (niacina i B12).<\/li>\n<li>\u00c9s una de les carns amb <strong>menor contingut de greix<\/strong>.<\/li>\n<li><strong>Font de minerals<\/strong> com el f\u00f2sfor i el seleni.<\/li>\n<\/ol>\n<p>Aix\u00ed que ja ho saps, <strong>incorpora la carn de conill en el teu men\u00fa diari<\/strong> i gaudeix al m\u00e0xim de totes les propietats!<\/p>\n","protected":false},"excerpt":{"rendered":"<p>La carn de conill \u00e9s molt saludable i ideal per a totes les edats. Sovint, \u00e9s una carn una mica oblidada dins de les carns blanques, perqu\u00e8 ens decantem m\u00e9s pel pollastre o el gall dindi. Per\u00f2, saps per qu\u00e8 \u00e9s tan bona la carn de conill? T\u2019ho expliquem a continuaci\u00f3! Contingut elevat de prote\u00efnes &hellip; <a href=\"https:\/\/www.ametllerorigenwp.com\/ca\/quines-propietats-te-la-carn-de-conill\/\" class=\"more-link\">Continua llegint <span class=\"screen-reader-text\">\u00abQuines propietats t\u00e9 la carn de conill?\u00bb<\/span><\/a><\/p>\n","protected":false},"author":5,"featured_media":11063,"comment_status":"closed","ping_status":"closed","sticky":false,"template":"","format":"standard","meta":{"_uag_custom_page_level_css":"","advgb_blocks_editor_width":"","advgb_blocks_columns_visual_guide":"","footnotes":""},"categories":[2],"tags":[],"class_list":["post-11062","post","type-post","status-publish","format-standard","has-post-thumbnail","hentry","category-noticies"],"author_meta":{"display_name":"Mireia Zaragoza","author_link":"https:\/\/www.ametllerorigenwp.com\/ca\/author\/mzaragoza\/"},"featured_img":"https:\/\/www.ametllerorigenwp.com\/wp-content\/uploads\/2024\/02\/Proyecto-nuevo-84-300x102.png","uagb_featured_image_src":{"full":["https:\/\/www.ametllerorigenwp.com\/wp-content\/uploads\/2024\/02\/Proyecto-nuevo-84.png",1000,340,false],"thumbnail":["https:\/\/www.ametllerorigenwp.com\/wp-content\/uploads\/2024\/02\/Proyecto-nuevo-84-150x150.png",150,150,true],"medium":["https:\/\/www.ametllerorigenwp.com\/wp-content\/uploads\/2024\/02\/Proyecto-nuevo-84-300x102.png",300,102,true],"medium_large":["https:\/\/www.ametllerorigenwp.com\/wp-content\/uploads\/2024\/02\/Proyecto-nuevo-84-768x261.png",768,261,true],"large":["https:\/\/www.ametllerorigenwp.com\/wp-content\/uploads\/2024\/02\/Proyecto-nuevo-84.png",840,286,false],"1536x1536":["https:\/\/www.ametllerorigenwp.com\/wp-content\/uploads\/2024\/02\/Proyecto-nuevo-84.png",1000,340,false],"2048x2048":["https:\/\/www.ametllerorigenwp.com\/wp-content\/uploads\/2024\/02\/Proyecto-nuevo-84.png",1000,340,false],"post-thumbnail":["https:\/\/www.ametllerorigenwp.com\/wp-content\/uploads\/2024\/02\/Proyecto-nuevo-84.png",1000,340,false]},"uagb_author_info":{"display_name":"Mireia Zaragoza","author_link":"https:\/\/www.ametllerorigenwp.com\/ca\/author\/mzaragoza\/"},"uagb_comment_info":0,"uagb_excerpt":"La carn de conill \u00e9s molt saludable i ideal per a totes les edats. Sovint, \u00e9s una carn una mica oblidada dins de les carns blanques, perqu\u00e8 ens decantem m\u00e9s pel pollastre o el gall dindi. Per\u00f2, saps per qu\u00e8 \u00e9s tan bona la carn de conill? T\u2019ho expliquem a continuaci\u00f3! Contingut elevat de prote\u00efnes&hellip;","coauthors":[],"tax_additional":{"categories":{"linked":["<a href=\"https:\/\/www.ametllerorigenwp.com\/ca\/category\/noticies\/\" class=\"advgb-post-tax-term\">Noticies<\/a>"],"unlinked":["<span class=\"advgb-post-tax-term\">Noticies<\/span>"]}},"comment_count":"0","relative_dates":{"created":"Posted 2 anys ago","modified":"Updated 2 anys ago"},"absolute_dates":{"created":"Posted on 24 de febrer de 2024","modified":"Updated on 22 de febrer de 2024"},"absolute_dates_time":{"created":"Posted on 24 de febrer de 2024 01:00","modified":"Updated on 22 de febrer de 2024 12:22"},"featured_img_caption":"","series_order":"","show_in_app":true,"fecha_inicio_destacado":null,"hora_inicio_visualizacion":null,"minutos_inicio_visualizacion":null,"fecha_final_destacado":null,"hora_final_visualizacion":null,"minutos_final_visualizacion":null,"posicion_visualizacion":null,"estado_destacado":null,"niveles_destacados":null,"url_del_enlace":null,"banner_destacado":null,"posicion_visualizacion_de_la_noticia":"01","estado_noticia":["Visible"],"fecha_de_inicio_de_visualizacion_del_tutorial":null,"hora_inicio_visualizacion_tutorial":null,"minutos_inicio_visualizacion_tutorial":null,"fecha_de_final_de_visualizacion_del_tutorial":null,"hora_final_visualizacion_tutorial":null,"minutos_final_visualizacion_tutorial":null,"numero_de_veces_visto":null,"numero_de_veces_total":null,"niveles_tutorial":null,"tutorial_recursos_castellano":null,"tutorial_recursos_catalan":null,"dias_disponibles":null,"dias_de_la_semana":null,"dias_del_mes":null,"other_lang_post_id":null,"lang":"ca","campanya_descripcion":null,"campanya_fecha_inicio":null,"campanya_fecha_fin":null,"campanya_legales":null,"campanya_imagen":null,"campanya_characteristics":null,"campanya_url":null,"campanya_posicion_visualizacion":null,"campanya_estado":null,"_links":{"self":[{"href":"https:\/\/www.ametllerorigenwp.com\/ca\/wp-json\/wp\/v2\/posts\/11062","targetHints":{"allow":["GET"]}}],"collection":[{"href":"https:\/\/www.ametllerorigenwp.com\/ca\/wp-json\/wp\/v2\/posts"}],"about":[{"href":"https:\/\/www.ametllerorigenwp.com\/ca\/wp-json\/wp\/v2\/types\/post"}],"author":[{"embeddable":true,"href":"https:\/\/www.ametllerorigenwp.com\/ca\/wp-json\/wp\/v2\/users\/5"}],"replies":[{"embeddable":true,"href":"https:\/\/www.ametllerorigenwp.com\/ca\/wp-json\/wp\/v2\/comments?post=11062"}],"version-history":[{"count":1,"href":"https:\/\/www.ametllerorigenwp.com\/ca\/wp-json\/wp\/v2\/posts\/11062\/revisions"}],"predecessor-version":[{"id":11065,"href":"https:\/\/www.ametllerorigenwp.com\/ca\/wp-json\/wp\/v2\/posts\/11062\/revisions\/11065"}],"wp:featuredmedia":[{"embeddable":true,"href":"https:\/\/www.ametllerorigenwp.com\/ca\/wp-json\/wp\/v2\/media\/11063"}],"wp:attachment":[{"href":"https:\/\/www.ametllerorigenwp.com\/ca\/wp-json\/wp\/v2\/media?parent=11062"}],"wp:term":[{"taxonomy":"category","embeddable":true,"href":"https:\/\/www.ametllerorigenwp.com\/ca\/wp-json\/wp\/v2\/categories?post=11062"},{"taxonomy":"post_tag","embeddable":true,"href":"https:\/\/www.ametllerorigenwp.com\/ca\/wp-json\/wp\/v2\/tags?post=11062"}],"curies":[{"name":"wp","href":"https:\/\/api.w.org\/{rel}","templated":true}]}}