{"id":11566,"date":"2024-04-26T01:00:51","date_gmt":"2024-04-26T01:00:51","guid":{"rendered":"https:\/\/www.ametllerorigenwp.com\/?p=11566"},"modified":"2024-04-24T11:04:51","modified_gmt":"2024-04-24T11:04:51","slug":"prepara-lagenda-amb-els-nous-tallers-de-maig-2","status":"publish","type":"post","link":"https:\/\/www.ametllerorigenwp.com\/ca\/prepara-lagenda-amb-els-nous-tallers-de-maig-2\/","title":{"rendered":"Prepara l\u2019agenda amb els nous tallers de maig!"},"content":{"rendered":"<p>Vols passar una tarda divertida i entretinguda? Consulta el nostre <a href=\"https:\/\/mercat-autors.ametllerorigen.com\/\">calendari<\/a> i gaudeix dels millors <strong>showcookings de Como Como Foods amb N\u00faria Coll<\/strong> i el de<strong> receptes antimalbaratament es-Imperfect amb la xef Ada Parellada<\/strong>, del taller de <strong>cuina r\u00e0pida amb la instagramer @albitrips<\/strong> o del <strong>taller amb el carn\u00f2leg Sebas per preparar un t\u00e0rtar de carn<\/strong>. <strong>Amb el Cintet<\/strong>, aprendr\u00e0s a preparar <strong>receptes de cuina tradicional catalana<\/strong> i elaborar\u00e0s <strong>plats complets saludables<\/strong>.<\/p>\n<p>Tanmateix, si el que busques s\u00f3n tasts i maridatges, et proposem gaudir del <strong>maridatge de vins i caves amb formatges amb el sommelier Xavier Bassa <\/strong>o si el que vols \u00e9s fer una tarda de cinema, de la m\u00e0 de DocsBarcelona, <strong>gaudeix de la pel\u00b7l\u00edcula Mambar Pierrette de la directora Rosine Mbakam<\/strong>. I aix\u00f2 no \u00e9s tot: <strong>els m\u00e9s petits de la casa<\/strong> tamb\u00e9 podran gaudir d\u2019un <strong>taller de berenars divertits i saludables.<\/strong><\/p>\n<p>Anima\u2019t!<\/p>\n","protected":false},"excerpt":{"rendered":"<p>Vols passar una tarda divertida i entretinguda? Consulta el nostre calendari i gaudeix dels millors showcookings de Como Como Foods amb N\u00faria Coll i el de receptes antimalbaratament es-Imperfect amb la xef Ada Parellada, del taller de cuina r\u00e0pida amb la instagramer @albitrips o del taller amb el carn\u00f2leg Sebas per preparar un t\u00e0rtar de &hellip; <a href=\"https:\/\/www.ametllerorigenwp.com\/ca\/prepara-lagenda-amb-els-nous-tallers-de-maig-2\/\" class=\"more-link\">Continua llegint <span class=\"screen-reader-text\">\u00abPrepara l\u2019agenda amb els nous tallers de maig!\u00bb<\/span><\/a><\/p>\n","protected":false},"author":5,"featured_media":11567,"comment_status":"closed","ping_status":"closed","sticky":false,"template":"","format":"standard","meta":{"_uag_custom_page_level_css":"","advgb_blocks_editor_width":"","advgb_blocks_columns_visual_guide":"","footnotes":""},"categories":[2],"tags":[],"class_list":["post-11566","post","type-post","status-publish","format-standard","has-post-thumbnail","hentry","category-noticies"],"author_meta":{"display_name":"Mireia Zaragoza","author_link":"https:\/\/www.ametllerorigenwp.com\/ca\/author\/mzaragoza\/"},"featured_img":"https:\/\/www.ametllerorigenwp.com\/wp-content\/uploads\/2024\/04\/Captura-de-pantalla-2024-04-19-a-les-11.20.28-300x102.png","uagb_featured_image_src":{"full":["https:\/\/www.ametllerorigenwp.com\/wp-content\/uploads\/2024\/04\/Captura-de-pantalla-2024-04-19-a-les-11.20.28.png",1508,514,false],"thumbnail":["https:\/\/www.ametllerorigenwp.com\/wp-content\/uploads\/2024\/04\/Captura-de-pantalla-2024-04-19-a-les-11.20.28-150x150.png",150,150,true],"medium":["https:\/\/www.ametllerorigenwp.com\/wp-content\/uploads\/2024\/04\/Captura-de-pantalla-2024-04-19-a-les-11.20.28-300x102.png",300,102,true],"medium_large":["https:\/\/www.ametllerorigenwp.com\/wp-content\/uploads\/2024\/04\/Captura-de-pantalla-2024-04-19-a-les-11.20.28-768x262.png",768,262,true],"large":["https:\/\/www.ametllerorigenwp.com\/wp-content\/uploads\/2024\/04\/Captura-de-pantalla-2024-04-19-a-les-11.20.28-1024x349.png",840,286,true],"1536x1536":["https:\/\/www.ametllerorigenwp.com\/wp-content\/uploads\/2024\/04\/Captura-de-pantalla-2024-04-19-a-les-11.20.28.png",1508,514,false],"2048x2048":["https:\/\/www.ametllerorigenwp.com\/wp-content\/uploads\/2024\/04\/Captura-de-pantalla-2024-04-19-a-les-11.20.28.png",1508,514,false],"post-thumbnail":["https:\/\/www.ametllerorigenwp.com\/wp-content\/uploads\/2024\/04\/Captura-de-pantalla-2024-04-19-a-les-11.20.28-1200x409.png",1200,409,true]},"uagb_author_info":{"display_name":"Mireia Zaragoza","author_link":"https:\/\/www.ametllerorigenwp.com\/ca\/author\/mzaragoza\/"},"uagb_comment_info":0,"uagb_excerpt":"Vols passar una tarda divertida i entretinguda? Consulta el nostre calendari i gaudeix dels millors showcookings de Como Como Foods amb N\u00faria Coll i el de receptes antimalbaratament es-Imperfect amb la xef Ada Parellada, del taller de cuina r\u00e0pida amb la instagramer @albitrips o del taller amb el carn\u00f2leg Sebas per preparar un t\u00e0rtar de&hellip;","coauthors":[],"tax_additional":{"categories":{"linked":["<a href=\"https:\/\/www.ametllerorigenwp.com\/ca\/category\/noticies\/\" class=\"advgb-post-tax-term\">Noticies<\/a>"],"unlinked":["<span class=\"advgb-post-tax-term\">Noticies<\/span>"]}},"comment_count":"0","relative_dates":{"created":"Posted 2 anys ago","modified":"Updated 2 anys ago"},"absolute_dates":{"created":"Posted on 26 d'abril de 2024","modified":"Updated on 24 d'abril de 2024"},"absolute_dates_time":{"created":"Posted on 26 d'abril de 2024 01:00","modified":"Updated on 24 d'abril de 2024 11:04"},"featured_img_caption":"","series_order":"","show_in_app":true,"fecha_inicio_destacado":null,"hora_inicio_visualizacion":null,"minutos_inicio_visualizacion":null,"fecha_final_destacado":null,"hora_final_visualizacion":null,"minutos_final_visualizacion":null,"posicion_visualizacion":null,"estado_destacado":null,"niveles_destacados":null,"url_del_enlace":null,"banner_destacado":null,"posicion_visualizacion_de_la_noticia":"01","estado_noticia":["Visible"],"fecha_de_inicio_de_visualizacion_del_tutorial":null,"hora_inicio_visualizacion_tutorial":null,"minutos_inicio_visualizacion_tutorial":null,"fecha_de_final_de_visualizacion_del_tutorial":null,"hora_final_visualizacion_tutorial":null,"minutos_final_visualizacion_tutorial":null,"numero_de_veces_visto":null,"numero_de_veces_total":null,"niveles_tutorial":null,"tutorial_recursos_castellano":null,"tutorial_recursos_catalan":null,"dias_disponibles":null,"dias_de_la_semana":null,"dias_del_mes":null,"other_lang_post_id":null,"lang":"ca","campanya_descripcion":null,"campanya_fecha_inicio":null,"campanya_fecha_fin":null,"campanya_legales":null,"campanya_imagen":null,"campanya_characteristics":null,"campanya_url":null,"campanya_posicion_visualizacion":null,"campanya_estado":null,"_links":{"self":[{"href":"https:\/\/www.ametllerorigenwp.com\/ca\/wp-json\/wp\/v2\/posts\/11566","targetHints":{"allow":["GET"]}}],"collection":[{"href":"https:\/\/www.ametllerorigenwp.com\/ca\/wp-json\/wp\/v2\/posts"}],"about":[{"href":"https:\/\/www.ametllerorigenwp.com\/ca\/wp-json\/wp\/v2\/types\/post"}],"author":[{"embeddable":true,"href":"https:\/\/www.ametllerorigenwp.com\/ca\/wp-json\/wp\/v2\/users\/5"}],"replies":[{"embeddable":true,"href":"https:\/\/www.ametllerorigenwp.com\/ca\/wp-json\/wp\/v2\/comments?post=11566"}],"version-history":[{"count":1,"href":"https:\/\/www.ametllerorigenwp.com\/ca\/wp-json\/wp\/v2\/posts\/11566\/revisions"}],"predecessor-version":[{"id":11569,"href":"https:\/\/www.ametllerorigenwp.com\/ca\/wp-json\/wp\/v2\/posts\/11566\/revisions\/11569"}],"wp:featuredmedia":[{"embeddable":true,"href":"https:\/\/www.ametllerorigenwp.com\/ca\/wp-json\/wp\/v2\/media\/11567"}],"wp:attachment":[{"href":"https:\/\/www.ametllerorigenwp.com\/ca\/wp-json\/wp\/v2\/media?parent=11566"}],"wp:term":[{"taxonomy":"category","embeddable":true,"href":"https:\/\/www.ametllerorigenwp.com\/ca\/wp-json\/wp\/v2\/categories?post=11566"},{"taxonomy":"post_tag","embeddable":true,"href":"https:\/\/www.ametllerorigenwp.com\/ca\/wp-json\/wp\/v2\/tags?post=11566"}],"curies":[{"name":"wp","href":"https:\/\/api.w.org\/{rel}","templated":true}]}}