{"id":1169,"date":"2021-03-12T08:41:01","date_gmt":"2021-03-12T08:41:01","guid":{"rendered":"https:\/\/www.ametllerorigenwp.com\/?p=1169"},"modified":"2021-03-12T08:41:07","modified_gmt":"2021-03-12T08:41:07","slug":"gracies-a-tots-hem-recaptat-200-000-kg-de-fruita-i-verdura-en-la-primera-edicio-del-frescapte","status":"publish","type":"post","link":"https:\/\/www.ametllerorigenwp.com\/ca\/gracies-a-tots-hem-recaptat-200-000-kg-de-fruita-i-verdura-en-la-primera-edicio-del-frescapte\/","title":{"rendered":"Gr\u00e0cies a tots! Hem recaptat 200.000 kg de fruita i verdura en la primera edici\u00f3 del Frescapte"},"content":{"rendered":"\n<p>Gr\u00e0cies a la vostra solidaritat, <strong>m\u00e9s de 40.000 fam\u00edlies en risc d\u2019exclusi\u00f3 social han rebut, durant els mesos de febrer i mar\u00e7, 200.000 kg de fruita i verdura!<\/strong> <strong>La<\/strong> <strong>primera edici\u00f3 del Frescapte, que vam posar en marxa de la m\u00e0 de Creu Roja, ha estat un \u00e8xit<\/strong>, <strong>i diferents fam\u00edlies poden gaudir de manera recurrent d\u2019aquests productes frescos, els menys freq\u00fcents en les donacions<\/strong>, que els aporten vitamines i antioxidants necessaris per al bon funcionament del sistema immunitari.<\/p>\n\n\n\n<p>Sota l\u2019esl\u00f2gan \u201cAquest partit el guanyarem junts! Posa\u2019t la polsera\u201d s\u2019han venut en un mes, <strong>un total de 40.000 polseres solid\u00e0ries <\/strong>a trav\u00e9s de les nostres botigues f\u00edsiques i a trav\u00e9s de la botiga online. <strong>Cada polsera, valorada en 5 \u20ac s\u2019ha destinat \u00edntegrament a la compra de 5 kg de fruites i verdures en benefici d\u2019una fam\u00edlia amb risc de vulnerabilitat<\/strong>.<\/p>\n\n\n\n<p>Des d\u2019Ametller Origen hem fet <strong>una aportaci\u00f3 extra del 10% de tot el que s\u2019ha aconseguit durant la campanya del Frescapte, el que suposa 20.000 kg m\u00e9s de fruita i verdura fresca<\/strong>.<\/p>\n\n\n\n<p>Descobreix en aquest <strong><a href=\"https:\/\/www.youtube.com\/watch?v=d85MVsFRXzY\">v\u00eddeo<\/a> <\/strong>com ha estat la campanya del Frescapte, des de la compra de la polsera fins a l\u2019entrega de la fruita i verdura a les fam\u00edlies.<\/p>\n","protected":false},"excerpt":{"rendered":"<p>Gr\u00e0cies a la vostra solidaritat, m\u00e9s de 40.000 fam\u00edlies en risc d\u2019exclusi\u00f3 social han rebut, durant els mesos de febrer i mar\u00e7, 200.000 kg de fruita i verdura! La primera edici\u00f3 del Frescapte, que vam posar en marxa de la m\u00e0 de Creu Roja, ha estat un \u00e8xit, i diferents fam\u00edlies poden gaudir de manera &hellip; <a href=\"https:\/\/www.ametllerorigenwp.com\/ca\/gracies-a-tots-hem-recaptat-200-000-kg-de-fruita-i-verdura-en-la-primera-edicio-del-frescapte\/\" class=\"more-link\">Continua llegint <span class=\"screen-reader-text\">\u00abGr\u00e0cies a tots! Hem recaptat 200.000 kg de fruita i verdura en la primera edici\u00f3 del Frescapte\u00bb<\/span><\/a><\/p>\n","protected":false},"author":5,"featured_media":1170,"comment_status":"open","ping_status":"open","sticky":false,"template":"","format":"standard","meta":{"_uag_custom_page_level_css":"","advgb_blocks_editor_width":"","advgb_blocks_columns_visual_guide":"","footnotes":""},"categories":[2],"tags":[],"class_list":["post-1169","post","type-post","status-publish","format-standard","has-post-thumbnail","hentry","category-noticies"],"author_meta":{"display_name":"Mireia Zaragoza","author_link":"https:\/\/www.ametllerorigenwp.com\/ca\/author\/mzaragoza\/"},"featured_img":"https:\/\/www.ametllerorigenwp.com\/wp-content\/uploads\/2021\/03\/fescapte-1-300x200.jpg","uagb_featured_image_src":{"full":["https:\/\/www.ametllerorigenwp.com\/wp-content\/uploads\/2021\/03\/fescapte-1.jpg",1200,800,false],"thumbnail":["https:\/\/www.ametllerorigenwp.com\/wp-content\/uploads\/2021\/03\/fescapte-1-150x150.jpg",150,150,true],"medium":["https:\/\/www.ametllerorigenwp.com\/wp-content\/uploads\/2021\/03\/fescapte-1-300x200.jpg",300,200,true],"medium_large":["https:\/\/www.ametllerorigenwp.com\/wp-content\/uploads\/2021\/03\/fescapte-1-768x512.jpg",768,512,true],"large":["https:\/\/www.ametllerorigenwp.com\/wp-content\/uploads\/2021\/03\/fescapte-1-1024x683.jpg",840,560,true],"1536x1536":["https:\/\/www.ametllerorigenwp.com\/wp-content\/uploads\/2021\/03\/fescapte-1.jpg",1200,800,false],"2048x2048":["https:\/\/www.ametllerorigenwp.com\/wp-content\/uploads\/2021\/03\/fescapte-1.jpg",1200,800,false],"post-thumbnail":["https:\/\/www.ametllerorigenwp.com\/wp-content\/uploads\/2021\/03\/fescapte-1.jpg",1200,800,false]},"uagb_author_info":{"display_name":"Mireia Zaragoza","author_link":"https:\/\/www.ametllerorigenwp.com\/ca\/author\/mzaragoza\/"},"uagb_comment_info":0,"uagb_excerpt":"Gr\u00e0cies a la vostra solidaritat, m\u00e9s de 40.000 fam\u00edlies en risc d\u2019exclusi\u00f3 social han rebut, durant els mesos de febrer i mar\u00e7, 200.000 kg de fruita i verdura! La primera edici\u00f3 del Frescapte, que vam posar en marxa de la m\u00e0 de Creu Roja, ha estat un \u00e8xit, i diferents fam\u00edlies poden gaudir de manera&hellip;","coauthors":[],"tax_additional":{"categories":{"linked":["<a href=\"https:\/\/www.ametllerorigenwp.com\/ca\/category\/noticies\/\" class=\"advgb-post-tax-term\">Noticies<\/a>"],"unlinked":["<span class=\"advgb-post-tax-term\">Noticies<\/span>"]}},"comment_count":"0","relative_dates":{"created":"Posted 5 anys ago","modified":"Updated 5 anys ago"},"absolute_dates":{"created":"Posted on 12 de mar\u00e7 de 2021","modified":"Updated on 12 de mar\u00e7 de 2021"},"absolute_dates_time":{"created":"Posted on 12 de mar\u00e7 de 2021 08:41","modified":"Updated on 12 de mar\u00e7 de 2021 08:41"},"featured_img_caption":"","series_order":"","show_in_app":true,"fecha_inicio_destacado":null,"hora_inicio_visualizacion":null,"minutos_inicio_visualizacion":null,"fecha_final_destacado":null,"hora_final_visualizacion":null,"minutos_final_visualizacion":null,"posicion_visualizacion":null,"estado_destacado":null,"niveles_destacados":null,"url_del_enlace":null,"banner_destacado":null,"posicion_visualizacion_de_la_noticia":null,"estado_noticia":null,"fecha_de_inicio_de_visualizacion_del_tutorial":null,"hora_inicio_visualizacion_tutorial":null,"minutos_inicio_visualizacion_tutorial":null,"fecha_de_final_de_visualizacion_del_tutorial":null,"hora_final_visualizacion_tutorial":null,"minutos_final_visualizacion_tutorial":null,"numero_de_veces_visto":null,"numero_de_veces_total":null,"niveles_tutorial":null,"tutorial_recursos_castellano":null,"tutorial_recursos_catalan":null,"dias_disponibles":null,"dias_de_la_semana":null,"dias_del_mes":null,"other_lang_post_id":null,"lang":"ca","campanya_descripcion":null,"campanya_fecha_inicio":null,"campanya_fecha_fin":null,"campanya_legales":null,"campanya_imagen":null,"campanya_characteristics":null,"campanya_url":null,"campanya_posicion_visualizacion":null,"campanya_estado":null,"_links":{"self":[{"href":"https:\/\/www.ametllerorigenwp.com\/ca\/wp-json\/wp\/v2\/posts\/1169","targetHints":{"allow":["GET"]}}],"collection":[{"href":"https:\/\/www.ametllerorigenwp.com\/ca\/wp-json\/wp\/v2\/posts"}],"about":[{"href":"https:\/\/www.ametllerorigenwp.com\/ca\/wp-json\/wp\/v2\/types\/post"}],"author":[{"embeddable":true,"href":"https:\/\/www.ametllerorigenwp.com\/ca\/wp-json\/wp\/v2\/users\/5"}],"replies":[{"embeddable":true,"href":"https:\/\/www.ametllerorigenwp.com\/ca\/wp-json\/wp\/v2\/comments?post=1169"}],"version-history":[{"count":2,"href":"https:\/\/www.ametllerorigenwp.com\/ca\/wp-json\/wp\/v2\/posts\/1169\/revisions"}],"predecessor-version":[{"id":1173,"href":"https:\/\/www.ametllerorigenwp.com\/ca\/wp-json\/wp\/v2\/posts\/1169\/revisions\/1173"}],"wp:featuredmedia":[{"embeddable":true,"href":"https:\/\/www.ametllerorigenwp.com\/ca\/wp-json\/wp\/v2\/media\/1170"}],"wp:attachment":[{"href":"https:\/\/www.ametllerorigenwp.com\/ca\/wp-json\/wp\/v2\/media?parent=1169"}],"wp:term":[{"taxonomy":"category","embeddable":true,"href":"https:\/\/www.ametllerorigenwp.com\/ca\/wp-json\/wp\/v2\/categories?post=1169"},{"taxonomy":"post_tag","embeddable":true,"href":"https:\/\/www.ametllerorigenwp.com\/ca\/wp-json\/wp\/v2\/tags?post=1169"}],"curies":[{"name":"wp","href":"https:\/\/api.w.org\/{rel}","templated":true}]}}