{"id":11720,"date":"2024-05-16T08:18:15","date_gmt":"2024-05-16T08:18:15","guid":{"rendered":"https:\/\/www.ametllerorigenwp.com\/?p=11720"},"modified":"2024-05-16T08:49:07","modified_gmt":"2024-05-16T08:49:07","slug":"el-nostre-famos-albercoc-perla-ja-es-aqui","status":"publish","type":"post","link":"https:\/\/www.ametllerorigenwp.com\/ca\/el-nostre-famos-albercoc-perla-ja-es-aqui\/","title":{"rendered":"El nostre fam\u00f3s albercoc perla ja \u00e9s aqu\u00ed!"},"content":{"rendered":"<p><strong>L\u2019esper\u00e0vem amb impaci\u00e8ncia, per\u00f2 ja \u00e9s aqu\u00ed. El nostre albercoc perla caracter\u00edstic per la seva mida petita i concentraci\u00f3 de sabor! Procedent dels\u00a0 camps de Lleida \u00e9s carn\u00f3s, molt dol\u00e7 i arom\u00e0tic. <\/strong><\/p>\n<p>I \u00e9s que l\u2019albercoc \u00e9s una fruita que destaca pel seu contingut en <strong>vitamina A<\/strong> en forma de betacarot\u00e8, que t\u00e9 potents efectes antioxidants i que t\u2019ajuden a protegir la vista i la pell. Tanmateix, destaca pel seu contingut en <strong>potassi<\/strong>, que contribueix al bon funcionament del sistema nervi\u00f3s i dels m\u00fasculs i <strong>vitamina C<\/strong>, que protegeix les c\u00e8l\u00b7lules contra l\u2019envelliment prematur.<\/p>\n<p>Aprofita ara que es troba l\u2019albercoc perla en promoci\u00f3 a la teva botiga habitual o a la <a href=\"https:\/\/www.ametllerorigen.com\/ca\/fruita\/pressecs-i-albercocs\">botiga online<\/a>.<\/p>\n","protected":false},"excerpt":{"rendered":"<p>L\u2019esper\u00e0vem amb impaci\u00e8ncia, per\u00f2 ja \u00e9s aqu\u00ed. El nostre albercoc perla caracter\u00edstic per la seva mida petita i concentraci\u00f3 de sabor! Procedent dels\u00a0 camps de Lleida \u00e9s carn\u00f3s, molt dol\u00e7 i arom\u00e0tic. I \u00e9s que l\u2019albercoc \u00e9s una fruita que destaca pel seu contingut en vitamina A en forma de betacarot\u00e8, que t\u00e9 potents efectes &hellip; <a href=\"https:\/\/www.ametllerorigenwp.com\/ca\/el-nostre-famos-albercoc-perla-ja-es-aqui\/\" class=\"more-link\">Continua llegint <span class=\"screen-reader-text\">\u00abEl nostre fam\u00f3s albercoc perla ja \u00e9s aqu\u00ed!\u00bb<\/span><\/a><\/p>\n","protected":false},"author":5,"featured_media":11721,"comment_status":"closed","ping_status":"closed","sticky":false,"template":"","format":"standard","meta":{"_uag_custom_page_level_css":"","advgb_blocks_editor_width":"","advgb_blocks_columns_visual_guide":"","footnotes":""},"categories":[2],"tags":[],"class_list":["post-11720","post","type-post","status-publish","format-standard","has-post-thumbnail","hentry","category-noticies"],"author_meta":{"display_name":"Mireia Zaragoza","author_link":"https:\/\/www.ametllerorigenwp.com\/ca\/author\/mzaragoza\/"},"featured_img":"https:\/\/www.ametllerorigenwp.com\/wp-content\/uploads\/2024\/05\/IM_APP_PROMO_ALBERCOC_PERLA-300x102.jpg","uagb_featured_image_src":{"full":["https:\/\/www.ametllerorigenwp.com\/wp-content\/uploads\/2024\/05\/IM_APP_PROMO_ALBERCOC_PERLA.jpg",1000,340,false],"thumbnail":["https:\/\/www.ametllerorigenwp.com\/wp-content\/uploads\/2024\/05\/IM_APP_PROMO_ALBERCOC_PERLA-150x150.jpg",150,150,true],"medium":["https:\/\/www.ametllerorigenwp.com\/wp-content\/uploads\/2024\/05\/IM_APP_PROMO_ALBERCOC_PERLA-300x102.jpg",300,102,true],"medium_large":["https:\/\/www.ametllerorigenwp.com\/wp-content\/uploads\/2024\/05\/IM_APP_PROMO_ALBERCOC_PERLA-768x261.jpg",768,261,true],"large":["https:\/\/www.ametllerorigenwp.com\/wp-content\/uploads\/2024\/05\/IM_APP_PROMO_ALBERCOC_PERLA.jpg",840,286,false],"1536x1536":["https:\/\/www.ametllerorigenwp.com\/wp-content\/uploads\/2024\/05\/IM_APP_PROMO_ALBERCOC_PERLA.jpg",1000,340,false],"2048x2048":["https:\/\/www.ametllerorigenwp.com\/wp-content\/uploads\/2024\/05\/IM_APP_PROMO_ALBERCOC_PERLA.jpg",1000,340,false],"post-thumbnail":["https:\/\/www.ametllerorigenwp.com\/wp-content\/uploads\/2024\/05\/IM_APP_PROMO_ALBERCOC_PERLA.jpg",1000,340,false]},"uagb_author_info":{"display_name":"Mireia Zaragoza","author_link":"https:\/\/www.ametllerorigenwp.com\/ca\/author\/mzaragoza\/"},"uagb_comment_info":0,"uagb_excerpt":"L\u2019esper\u00e0vem amb impaci\u00e8ncia, per\u00f2 ja \u00e9s aqu\u00ed. El nostre albercoc perla caracter\u00edstic per la seva mida petita i concentraci\u00f3 de sabor! Procedent dels\u00a0 camps de Lleida \u00e9s carn\u00f3s, molt dol\u00e7 i arom\u00e0tic. I \u00e9s que l\u2019albercoc \u00e9s una fruita que destaca pel seu contingut en vitamina A en forma de betacarot\u00e8, que t\u00e9 potents efectes&hellip;","coauthors":[],"tax_additional":{"categories":{"linked":["<a href=\"https:\/\/www.ametllerorigenwp.com\/ca\/category\/noticies\/\" class=\"advgb-post-tax-term\">Noticies<\/a>"],"unlinked":["<span class=\"advgb-post-tax-term\">Noticies<\/span>"]}},"comment_count":"0","relative_dates":{"created":"Posted 2 anys ago","modified":"Updated 2 anys ago"},"absolute_dates":{"created":"Posted on 16 de maig de 2024","modified":"Updated on 16 de maig de 2024"},"absolute_dates_time":{"created":"Posted on 16 de maig de 2024 08:18","modified":"Updated on 16 de maig de 2024 08:49"},"featured_img_caption":"","series_order":"","show_in_app":true,"fecha_inicio_destacado":null,"hora_inicio_visualizacion":null,"minutos_inicio_visualizacion":null,"fecha_final_destacado":null,"hora_final_visualizacion":null,"minutos_final_visualizacion":null,"posicion_visualizacion":null,"estado_destacado":null,"niveles_destacados":null,"url_del_enlace":null,"banner_destacado":null,"posicion_visualizacion_de_la_noticia":"01","estado_noticia":["Visible"],"fecha_de_inicio_de_visualizacion_del_tutorial":null,"hora_inicio_visualizacion_tutorial":null,"minutos_inicio_visualizacion_tutorial":null,"fecha_de_final_de_visualizacion_del_tutorial":null,"hora_final_visualizacion_tutorial":null,"minutos_final_visualizacion_tutorial":null,"numero_de_veces_visto":null,"numero_de_veces_total":null,"niveles_tutorial":null,"tutorial_recursos_castellano":null,"tutorial_recursos_catalan":null,"dias_disponibles":null,"dias_de_la_semana":null,"dias_del_mes":null,"other_lang_post_id":null,"lang":"ca","campanya_descripcion":null,"campanya_fecha_inicio":null,"campanya_fecha_fin":null,"campanya_legales":null,"campanya_imagen":null,"campanya_characteristics":null,"campanya_url":null,"campanya_posicion_visualizacion":null,"campanya_estado":null,"_links":{"self":[{"href":"https:\/\/www.ametllerorigenwp.com\/ca\/wp-json\/wp\/v2\/posts\/11720","targetHints":{"allow":["GET"]}}],"collection":[{"href":"https:\/\/www.ametllerorigenwp.com\/ca\/wp-json\/wp\/v2\/posts"}],"about":[{"href":"https:\/\/www.ametllerorigenwp.com\/ca\/wp-json\/wp\/v2\/types\/post"}],"author":[{"embeddable":true,"href":"https:\/\/www.ametllerorigenwp.com\/ca\/wp-json\/wp\/v2\/users\/5"}],"replies":[{"embeddable":true,"href":"https:\/\/www.ametllerorigenwp.com\/ca\/wp-json\/wp\/v2\/comments?post=11720"}],"version-history":[{"count":2,"href":"https:\/\/www.ametllerorigenwp.com\/ca\/wp-json\/wp\/v2\/posts\/11720\/revisions"}],"predecessor-version":[{"id":11730,"href":"https:\/\/www.ametllerorigenwp.com\/ca\/wp-json\/wp\/v2\/posts\/11720\/revisions\/11730"}],"wp:featuredmedia":[{"embeddable":true,"href":"https:\/\/www.ametllerorigenwp.com\/ca\/wp-json\/wp\/v2\/media\/11721"}],"wp:attachment":[{"href":"https:\/\/www.ametllerorigenwp.com\/ca\/wp-json\/wp\/v2\/media?parent=11720"}],"wp:term":[{"taxonomy":"category","embeddable":true,"href":"https:\/\/www.ametllerorigenwp.com\/ca\/wp-json\/wp\/v2\/categories?post=11720"},{"taxonomy":"post_tag","embeddable":true,"href":"https:\/\/www.ametllerorigenwp.com\/ca\/wp-json\/wp\/v2\/tags?post=11720"}],"curies":[{"name":"wp","href":"https:\/\/api.w.org\/{rel}","templated":true}]}}