{"id":11739,"date":"2024-05-17T01:00:43","date_gmt":"2024-05-17T01:00:43","guid":{"rendered":"https:\/\/www.ametllerorigenwp.com\/?p=11739"},"modified":"2024-05-16T11:08:02","modified_gmt":"2024-05-16T11:08:02","slug":"el-fresc-de-cabra-escollit-com-a-millor-formatge-de-lany","status":"publish","type":"post","link":"https:\/\/www.ametllerorigenwp.com\/ca\/el-fresc-de-cabra-escollit-com-a-millor-formatge-de-lany\/","title":{"rendered":"El fresc de cabra, escollit com a millor formatge de l\u2019any"},"content":{"rendered":"<p>El <strong>sabor, l\u2019aroma i la textura del nostre<\/strong> <strong>formatget fresc de cabra<\/strong> ha captivat tots els vostres sentits i no hi ha dubte de per qu\u00e8 <strong>l&#8217;heu escollit com a millor producte de l\u2019any!<\/strong><strong><br \/>\n<\/strong><br \/>\n<strong>Elaborat exclusivament amb llet de cabra de la millor qualitat <\/strong>a la formatgeria familiar Montbr\u00fa, al Moian\u00e8s, i treballat a m\u00e0 des del principi fins al final, en <a href=\"https:\/\/www.instagram.com\/p\/C69bixjq7PL\/\">aquest v\u00eddeo<\/a> en Mart\u00ed t&#8217;explica tots els secrets per aconseguir aquest formatge d&#8217;una qualitat excepcional.<\/p>\n<p>Impossible resistir-s&#8217;hi!<\/p>\n","protected":false},"excerpt":{"rendered":"<p>El sabor, l\u2019aroma i la textura del nostre formatget fresc de cabra ha captivat tots els vostres sentits i no hi ha dubte de per qu\u00e8 l&#8217;heu escollit com a millor producte de l\u2019any! Elaborat exclusivament amb llet de cabra de la millor qualitat a la formatgeria familiar Montbr\u00fa, al Moian\u00e8s, i treballat a m\u00e0 &hellip; <a href=\"https:\/\/www.ametllerorigenwp.com\/ca\/el-fresc-de-cabra-escollit-com-a-millor-formatge-de-lany\/\" class=\"more-link\">Continua llegint <span class=\"screen-reader-text\">\u00abEl fresc de cabra, escollit com a millor formatge de l\u2019any\u00bb<\/span><\/a><\/p>\n","protected":false},"author":5,"featured_media":11740,"comment_status":"closed","ping_status":"closed","sticky":false,"template":"","format":"standard","meta":{"_uag_custom_page_level_css":"","advgb_blocks_editor_width":"","advgb_blocks_columns_visual_guide":"","footnotes":""},"categories":[2],"tags":[],"class_list":["post-11739","post","type-post","status-publish","format-standard","has-post-thumbnail","hentry","category-noticies"],"author_meta":{"display_name":"Mireia Zaragoza","author_link":"https:\/\/www.ametllerorigenwp.com\/ca\/author\/mzaragoza\/"},"featured_img":"https:\/\/www.ametllerorigenwp.com\/wp-content\/uploads\/2024\/05\/Foto-app-video-Montbru-000-300x102.jpg","uagb_featured_image_src":{"full":["https:\/\/www.ametllerorigenwp.com\/wp-content\/uploads\/2024\/05\/Foto-app-video-Montbru-000.jpg",1000,340,false],"thumbnail":["https:\/\/www.ametllerorigenwp.com\/wp-content\/uploads\/2024\/05\/Foto-app-video-Montbru-000-150x150.jpg",150,150,true],"medium":["https:\/\/www.ametllerorigenwp.com\/wp-content\/uploads\/2024\/05\/Foto-app-video-Montbru-000-300x102.jpg",300,102,true],"medium_large":["https:\/\/www.ametllerorigenwp.com\/wp-content\/uploads\/2024\/05\/Foto-app-video-Montbru-000-768x261.jpg",768,261,true],"large":["https:\/\/www.ametllerorigenwp.com\/wp-content\/uploads\/2024\/05\/Foto-app-video-Montbru-000.jpg",840,286,false],"1536x1536":["https:\/\/www.ametllerorigenwp.com\/wp-content\/uploads\/2024\/05\/Foto-app-video-Montbru-000.jpg",1000,340,false],"2048x2048":["https:\/\/www.ametllerorigenwp.com\/wp-content\/uploads\/2024\/05\/Foto-app-video-Montbru-000.jpg",1000,340,false],"post-thumbnail":["https:\/\/www.ametllerorigenwp.com\/wp-content\/uploads\/2024\/05\/Foto-app-video-Montbru-000.jpg",1000,340,false]},"uagb_author_info":{"display_name":"Mireia Zaragoza","author_link":"https:\/\/www.ametllerorigenwp.com\/ca\/author\/mzaragoza\/"},"uagb_comment_info":0,"uagb_excerpt":"El sabor, l\u2019aroma i la textura del nostre formatget fresc de cabra ha captivat tots els vostres sentits i no hi ha dubte de per qu\u00e8 l&#8217;heu escollit com a millor producte de l\u2019any! Elaborat exclusivament amb llet de cabra de la millor qualitat a la formatgeria familiar Montbr\u00fa, al Moian\u00e8s, i treballat a m\u00e0&hellip;","coauthors":[],"tax_additional":{"categories":{"linked":["<a href=\"https:\/\/www.ametllerorigenwp.com\/ca\/category\/noticies\/\" class=\"advgb-post-tax-term\">Noticies<\/a>"],"unlinked":["<span class=\"advgb-post-tax-term\">Noticies<\/span>"]}},"comment_count":"0","relative_dates":{"created":"Posted 2 anys ago","modified":"Updated 2 anys ago"},"absolute_dates":{"created":"Posted on 17 de maig de 2024","modified":"Updated on 16 de maig de 2024"},"absolute_dates_time":{"created":"Posted on 17 de maig de 2024 01:00","modified":"Updated on 16 de maig de 2024 11:08"},"featured_img_caption":"","series_order":"","show_in_app":true,"fecha_inicio_destacado":null,"hora_inicio_visualizacion":null,"minutos_inicio_visualizacion":null,"fecha_final_destacado":null,"hora_final_visualizacion":null,"minutos_final_visualizacion":null,"posicion_visualizacion":null,"estado_destacado":null,"niveles_destacados":null,"url_del_enlace":null,"banner_destacado":null,"posicion_visualizacion_de_la_noticia":"01","estado_noticia":["Visible"],"fecha_de_inicio_de_visualizacion_del_tutorial":null,"hora_inicio_visualizacion_tutorial":null,"minutos_inicio_visualizacion_tutorial":null,"fecha_de_final_de_visualizacion_del_tutorial":null,"hora_final_visualizacion_tutorial":null,"minutos_final_visualizacion_tutorial":null,"numero_de_veces_visto":null,"numero_de_veces_total":null,"niveles_tutorial":null,"tutorial_recursos_castellano":null,"tutorial_recursos_catalan":null,"dias_disponibles":null,"dias_de_la_semana":null,"dias_del_mes":null,"other_lang_post_id":11743,"lang":"ca","campanya_descripcion":null,"campanya_fecha_inicio":null,"campanya_fecha_fin":null,"campanya_legales":null,"campanya_imagen":null,"campanya_characteristics":null,"campanya_url":null,"campanya_posicion_visualizacion":null,"campanya_estado":null,"_links":{"self":[{"href":"https:\/\/www.ametllerorigenwp.com\/ca\/wp-json\/wp\/v2\/posts\/11739","targetHints":{"allow":["GET"]}}],"collection":[{"href":"https:\/\/www.ametllerorigenwp.com\/ca\/wp-json\/wp\/v2\/posts"}],"about":[{"href":"https:\/\/www.ametllerorigenwp.com\/ca\/wp-json\/wp\/v2\/types\/post"}],"author":[{"embeddable":true,"href":"https:\/\/www.ametllerorigenwp.com\/ca\/wp-json\/wp\/v2\/users\/5"}],"replies":[{"embeddable":true,"href":"https:\/\/www.ametllerorigenwp.com\/ca\/wp-json\/wp\/v2\/comments?post=11739"}],"version-history":[{"count":1,"href":"https:\/\/www.ametllerorigenwp.com\/ca\/wp-json\/wp\/v2\/posts\/11739\/revisions"}],"predecessor-version":[{"id":11742,"href":"https:\/\/www.ametllerorigenwp.com\/ca\/wp-json\/wp\/v2\/posts\/11739\/revisions\/11742"}],"wp:featuredmedia":[{"embeddable":true,"href":"https:\/\/www.ametllerorigenwp.com\/ca\/wp-json\/wp\/v2\/media\/11740"}],"wp:attachment":[{"href":"https:\/\/www.ametllerorigenwp.com\/ca\/wp-json\/wp\/v2\/media?parent=11739"}],"wp:term":[{"taxonomy":"category","embeddable":true,"href":"https:\/\/www.ametllerorigenwp.com\/ca\/wp-json\/wp\/v2\/categories?post=11739"},{"taxonomy":"post_tag","embeddable":true,"href":"https:\/\/www.ametllerorigenwp.com\/ca\/wp-json\/wp\/v2\/tags?post=11739"}],"curies":[{"name":"wp","href":"https:\/\/api.w.org\/{rel}","templated":true}]}}