{"id":11919,"date":"2024-06-05T13:57:32","date_gmt":"2024-06-05T13:57:32","guid":{"rendered":"https:\/\/www.ametllerorigenwp.com\/?p=11919"},"modified":"2024-06-05T14:34:40","modified_gmt":"2024-06-05T14:34:40","slug":"seguim-avancant-cap-a-la-neutralitat-demissions","status":"publish","type":"post","link":"https:\/\/www.ametllerorigenwp.com\/ca\/seguim-avancant-cap-a-la-neutralitat-demissions\/","title":{"rendered":"Seguim avan\u00e7ant cap a la neutralitat d\u2019emissions!"},"content":{"rendered":"<p><strong>Avui se celebra el Dia Mundial del Medi Ambient i volem compartir amb tu les <a href=\"https:\/\/www.femcami.org\/ca\/sostenibilitat\/\">accions que estem portant a terme per avan\u00e7ar cap a la neutralitat d&#8217;emissions<\/a>.\u00a0<\/strong><\/p>\n<p>Des de 2018, tota l\u2019energia que utilitzem procedeix <strong>de fonts 100% renovables <\/strong>i, a m\u00e9s, apostem per la <strong>instal\u00b7laci\u00f3 de plaques solars<\/strong> per l\u2019autoconsum d\u2019energia al nostre obrador, finques agr\u00edcoles i botigues.<\/p>\n<p><strong>En l&#8217;\u00faltima d\u00e8cada, tot i haver duplicat el nombre de botigues, hem aconseguit reduir en un 33% les emissions de CO2.<\/strong><\/p>\n<p>I volem seguir avan\u00e7ant! <strong>Per aix\u00f2 estem liderant la transformaci\u00f3 d\u2019un model agroalimentari m\u00e9s sostenible i circular amb la posada en marxa de l\u2019Agroparc.<\/strong><\/p>\n<p>\u00a1Uneix-te a aquells que avancen cap a un m\u00f3n m\u00e9s saludable i sostenible!<\/p>\n<p>&nbsp;<\/p>\n","protected":false},"excerpt":{"rendered":"<p>Avui se celebra el Dia Mundial del Medi Ambient i volem compartir amb tu les accions que estem portant a terme per avan\u00e7ar cap a la neutralitat d&#8217;emissions.\u00a0 Des de 2018, tota l\u2019energia que utilitzem procedeix de fonts 100% renovables i, a m\u00e9s, apostem per la instal\u00b7laci\u00f3 de plaques solars per l\u2019autoconsum d\u2019energia al nostre &hellip; <a href=\"https:\/\/www.ametllerorigenwp.com\/ca\/seguim-avancant-cap-a-la-neutralitat-demissions\/\" class=\"more-link\">Continua llegint <span class=\"screen-reader-text\">\u00abSeguim avan\u00e7ant cap a la neutralitat d\u2019emissions!\u00bb<\/span><\/a><\/p>\n","protected":false},"author":5,"featured_media":11920,"comment_status":"closed","ping_status":"closed","sticky":false,"template":"","format":"standard","meta":{"_uag_custom_page_level_css":"","advgb_blocks_editor_width":"","advgb_blocks_columns_visual_guide":"","footnotes":""},"categories":[2],"tags":[],"class_list":["post-11919","post","type-post","status-publish","format-standard","has-post-thumbnail","hentry","category-noticies"],"author_meta":{"display_name":"Mireia Zaragoza","author_link":"https:\/\/www.ametllerorigenwp.com\/ca\/author\/mzaragoza\/"},"featured_img":"https:\/\/www.ametllerorigenwp.com\/wp-content\/uploads\/2024\/06\/Proyecto-nuevo-15-300x102.png","uagb_featured_image_src":{"full":["https:\/\/www.ametllerorigenwp.com\/wp-content\/uploads\/2024\/06\/Proyecto-nuevo-15.png",1000,340,false],"thumbnail":["https:\/\/www.ametllerorigenwp.com\/wp-content\/uploads\/2024\/06\/Proyecto-nuevo-15-150x150.png",150,150,true],"medium":["https:\/\/www.ametllerorigenwp.com\/wp-content\/uploads\/2024\/06\/Proyecto-nuevo-15-300x102.png",300,102,true],"medium_large":["https:\/\/www.ametllerorigenwp.com\/wp-content\/uploads\/2024\/06\/Proyecto-nuevo-15-768x261.png",768,261,true],"large":["https:\/\/www.ametllerorigenwp.com\/wp-content\/uploads\/2024\/06\/Proyecto-nuevo-15.png",840,286,false],"1536x1536":["https:\/\/www.ametllerorigenwp.com\/wp-content\/uploads\/2024\/06\/Proyecto-nuevo-15.png",1000,340,false],"2048x2048":["https:\/\/www.ametllerorigenwp.com\/wp-content\/uploads\/2024\/06\/Proyecto-nuevo-15.png",1000,340,false],"post-thumbnail":["https:\/\/www.ametllerorigenwp.com\/wp-content\/uploads\/2024\/06\/Proyecto-nuevo-15.png",1000,340,false]},"uagb_author_info":{"display_name":"Mireia Zaragoza","author_link":"https:\/\/www.ametllerorigenwp.com\/ca\/author\/mzaragoza\/"},"uagb_comment_info":0,"uagb_excerpt":"Avui se celebra el Dia Mundial del Medi Ambient i volem compartir amb tu les accions que estem portant a terme per avan\u00e7ar cap a la neutralitat d&#8217;emissions.\u00a0 Des de 2018, tota l\u2019energia que utilitzem procedeix de fonts 100% renovables i, a m\u00e9s, apostem per la instal\u00b7laci\u00f3 de plaques solars per l\u2019autoconsum d\u2019energia al nostre&hellip;","coauthors":[],"tax_additional":{"categories":{"linked":["<a href=\"https:\/\/www.ametllerorigenwp.com\/ca\/category\/noticies\/\" class=\"advgb-post-tax-term\">Noticies<\/a>"],"unlinked":["<span class=\"advgb-post-tax-term\">Noticies<\/span>"]}},"comment_count":"0","relative_dates":{"created":"Posted 2 anys ago","modified":"Updated 2 anys ago"},"absolute_dates":{"created":"Posted on 5 de juny de 2024","modified":"Updated on 5 de juny de 2024"},"absolute_dates_time":{"created":"Posted on 5 de juny de 2024 13:57","modified":"Updated on 5 de juny de 2024 14:34"},"featured_img_caption":"","series_order":"","show_in_app":true,"fecha_inicio_destacado":null,"hora_inicio_visualizacion":null,"minutos_inicio_visualizacion":null,"fecha_final_destacado":null,"hora_final_visualizacion":null,"minutos_final_visualizacion":null,"posicion_visualizacion":null,"estado_destacado":null,"niveles_destacados":null,"url_del_enlace":null,"banner_destacado":null,"posicion_visualizacion_de_la_noticia":"01","estado_noticia":["Visible"],"fecha_de_inicio_de_visualizacion_del_tutorial":null,"hora_inicio_visualizacion_tutorial":null,"minutos_inicio_visualizacion_tutorial":null,"fecha_de_final_de_visualizacion_del_tutorial":null,"hora_final_visualizacion_tutorial":null,"minutos_final_visualizacion_tutorial":null,"numero_de_veces_visto":null,"numero_de_veces_total":null,"niveles_tutorial":null,"tutorial_recursos_castellano":null,"tutorial_recursos_catalan":null,"dias_disponibles":null,"dias_de_la_semana":null,"dias_del_mes":null,"other_lang_post_id":null,"lang":"ca","campanya_descripcion":null,"campanya_fecha_inicio":null,"campanya_fecha_fin":null,"campanya_legales":null,"campanya_imagen":null,"campanya_characteristics":null,"campanya_url":null,"campanya_posicion_visualizacion":null,"campanya_estado":null,"_links":{"self":[{"href":"https:\/\/www.ametllerorigenwp.com\/ca\/wp-json\/wp\/v2\/posts\/11919","targetHints":{"allow":["GET"]}}],"collection":[{"href":"https:\/\/www.ametllerorigenwp.com\/ca\/wp-json\/wp\/v2\/posts"}],"about":[{"href":"https:\/\/www.ametllerorigenwp.com\/ca\/wp-json\/wp\/v2\/types\/post"}],"author":[{"embeddable":true,"href":"https:\/\/www.ametllerorigenwp.com\/ca\/wp-json\/wp\/v2\/users\/5"}],"replies":[{"embeddable":true,"href":"https:\/\/www.ametllerorigenwp.com\/ca\/wp-json\/wp\/v2\/comments?post=11919"}],"version-history":[{"count":3,"href":"https:\/\/www.ametllerorigenwp.com\/ca\/wp-json\/wp\/v2\/posts\/11919\/revisions"}],"predecessor-version":[{"id":11930,"href":"https:\/\/www.ametllerorigenwp.com\/ca\/wp-json\/wp\/v2\/posts\/11919\/revisions\/11930"}],"wp:featuredmedia":[{"embeddable":true,"href":"https:\/\/www.ametllerorigenwp.com\/ca\/wp-json\/wp\/v2\/media\/11920"}],"wp:attachment":[{"href":"https:\/\/www.ametllerorigenwp.com\/ca\/wp-json\/wp\/v2\/media?parent=11919"}],"wp:term":[{"taxonomy":"category","embeddable":true,"href":"https:\/\/www.ametllerorigenwp.com\/ca\/wp-json\/wp\/v2\/categories?post=11919"},{"taxonomy":"post_tag","embeddable":true,"href":"https:\/\/www.ametllerorigenwp.com\/ca\/wp-json\/wp\/v2\/tags?post=11919"}],"curies":[{"name":"wp","href":"https:\/\/api.w.org\/{rel}","templated":true}]}}