{"id":11937,"date":"2024-06-08T01:00:06","date_gmt":"2024-06-08T01:00:06","guid":{"rendered":"https:\/\/www.ametllerorigenwp.com\/?p=11937"},"modified":"2024-06-06T14:45:03","modified_gmt":"2024-06-06T14:45:03","slug":"ja-esta-disponible-el-calendari-mensual-de-juny","status":"publish","type":"post","link":"https:\/\/www.ametllerorigenwp.com\/ca\/ja-esta-disponible-el-calendari-mensual-de-juny\/","title":{"rendered":"Ja est\u00e0 disponible el calendari mensual de juny"},"content":{"rendered":"<p>No et preocupis per l&#8217;organitzaci\u00f3, descarrega\u2019t el calendari de juny i comen\u00e7a a planificar les teves activitats <strong>amb el nostre calendari mensual i organitzador setmanal dissenyat per l&#8217;il\u00b7lustrador Javier Royo.<\/strong> T&#8217;ho posem f\u00e0cil per anotar tot all\u00f2 que necessitis i recordar els dies mundials i festivitats destacades. Aix\u00ed mateix, trobareu <strong>informaci\u00f3 relacionada sobre la nostra manera de fer i quines s\u00f3n les principals fruites i hortalisses de temporada.<\/strong><\/p>\n<p>Gaudeix de l&#8217;estiu i fes que aquest mes sigui inoblidable!<\/p>\n<p>Descarrega-t&#8217;ho <a href=\"https:\/\/corp.ametllerorigen.com\/calendari_2024\/\">aqu\u00ed<\/a>!<\/p>\n","protected":false},"excerpt":{"rendered":"<p>No et preocupis per l&#8217;organitzaci\u00f3, descarrega\u2019t el calendari de juny i comen\u00e7a a planificar les teves activitats amb el nostre calendari mensual i organitzador setmanal dissenyat per l&#8217;il\u00b7lustrador Javier Royo. T&#8217;ho posem f\u00e0cil per anotar tot all\u00f2 que necessitis i recordar els dies mundials i festivitats destacades. Aix\u00ed mateix, trobareu informaci\u00f3 relacionada sobre la nostra &hellip; <a href=\"https:\/\/www.ametllerorigenwp.com\/ca\/ja-esta-disponible-el-calendari-mensual-de-juny\/\" class=\"more-link\">Continua llegint <span class=\"screen-reader-text\">\u00abJa est\u00e0 disponible el calendari mensual de juny\u00bb<\/span><\/a><\/p>\n","protected":false},"author":5,"featured_media":11938,"comment_status":"closed","ping_status":"closed","sticky":false,"template":"","format":"standard","meta":{"_uag_custom_page_level_css":"","advgb_blocks_editor_width":"","advgb_blocks_columns_visual_guide":"","footnotes":""},"categories":[2],"tags":[],"class_list":["post-11937","post","type-post","status-publish","format-standard","has-post-thumbnail","hentry","category-noticies"],"author_meta":{"display_name":"Mireia Zaragoza","author_link":"https:\/\/www.ametllerorigenwp.com\/ca\/author\/mzaragoza\/"},"featured_img":"https:\/\/www.ametllerorigenwp.com\/wp-content\/uploads\/2024\/06\/IM_APP_CALENDARI_JUNY_DESCARREGABLE-300x102.jpg","uagb_featured_image_src":{"full":["https:\/\/www.ametllerorigenwp.com\/wp-content\/uploads\/2024\/06\/IM_APP_CALENDARI_JUNY_DESCARREGABLE.jpg",1000,340,false],"thumbnail":["https:\/\/www.ametllerorigenwp.com\/wp-content\/uploads\/2024\/06\/IM_APP_CALENDARI_JUNY_DESCARREGABLE-150x150.jpg",150,150,true],"medium":["https:\/\/www.ametllerorigenwp.com\/wp-content\/uploads\/2024\/06\/IM_APP_CALENDARI_JUNY_DESCARREGABLE-300x102.jpg",300,102,true],"medium_large":["https:\/\/www.ametllerorigenwp.com\/wp-content\/uploads\/2024\/06\/IM_APP_CALENDARI_JUNY_DESCARREGABLE-768x261.jpg",768,261,true],"large":["https:\/\/www.ametllerorigenwp.com\/wp-content\/uploads\/2024\/06\/IM_APP_CALENDARI_JUNY_DESCARREGABLE.jpg",840,286,false],"1536x1536":["https:\/\/www.ametllerorigenwp.com\/wp-content\/uploads\/2024\/06\/IM_APP_CALENDARI_JUNY_DESCARREGABLE.jpg",1000,340,false],"2048x2048":["https:\/\/www.ametllerorigenwp.com\/wp-content\/uploads\/2024\/06\/IM_APP_CALENDARI_JUNY_DESCARREGABLE.jpg",1000,340,false],"post-thumbnail":["https:\/\/www.ametllerorigenwp.com\/wp-content\/uploads\/2024\/06\/IM_APP_CALENDARI_JUNY_DESCARREGABLE.jpg",1000,340,false]},"uagb_author_info":{"display_name":"Mireia Zaragoza","author_link":"https:\/\/www.ametllerorigenwp.com\/ca\/author\/mzaragoza\/"},"uagb_comment_info":0,"uagb_excerpt":"No et preocupis per l&#8217;organitzaci\u00f3, descarrega\u2019t el calendari de juny i comen\u00e7a a planificar les teves activitats amb el nostre calendari mensual i organitzador setmanal dissenyat per l&#8217;il\u00b7lustrador Javier Royo. T&#8217;ho posem f\u00e0cil per anotar tot all\u00f2 que necessitis i recordar els dies mundials i festivitats destacades. Aix\u00ed mateix, trobareu informaci\u00f3 relacionada sobre la nostra&hellip;","coauthors":[],"tax_additional":{"categories":{"linked":["<a href=\"https:\/\/www.ametllerorigenwp.com\/ca\/category\/noticies\/\" class=\"advgb-post-tax-term\">Noticies<\/a>"],"unlinked":["<span class=\"advgb-post-tax-term\">Noticies<\/span>"]}},"comment_count":"0","relative_dates":{"created":"Posted 2 anys ago","modified":"Updated 2 anys ago"},"absolute_dates":{"created":"Posted on 8 de juny de 2024","modified":"Updated on 6 de juny de 2024"},"absolute_dates_time":{"created":"Posted on 8 de juny de 2024 01:00","modified":"Updated on 6 de juny de 2024 14:45"},"featured_img_caption":"","series_order":"","show_in_app":true,"fecha_inicio_destacado":null,"hora_inicio_visualizacion":null,"minutos_inicio_visualizacion":null,"fecha_final_destacado":null,"hora_final_visualizacion":null,"minutos_final_visualizacion":null,"posicion_visualizacion":null,"estado_destacado":null,"niveles_destacados":null,"url_del_enlace":null,"banner_destacado":null,"posicion_visualizacion_de_la_noticia":"01","estado_noticia":["Visible"],"fecha_de_inicio_de_visualizacion_del_tutorial":null,"hora_inicio_visualizacion_tutorial":null,"minutos_inicio_visualizacion_tutorial":null,"fecha_de_final_de_visualizacion_del_tutorial":null,"hora_final_visualizacion_tutorial":null,"minutos_final_visualizacion_tutorial":null,"numero_de_veces_visto":null,"numero_de_veces_total":null,"niveles_tutorial":null,"tutorial_recursos_castellano":null,"tutorial_recursos_catalan":null,"dias_disponibles":null,"dias_de_la_semana":null,"dias_del_mes":null,"other_lang_post_id":11941,"lang":"ca","campanya_descripcion":null,"campanya_fecha_inicio":null,"campanya_fecha_fin":null,"campanya_legales":null,"campanya_imagen":null,"campanya_characteristics":null,"campanya_url":null,"campanya_posicion_visualizacion":null,"campanya_estado":null,"_links":{"self":[{"href":"https:\/\/www.ametllerorigenwp.com\/ca\/wp-json\/wp\/v2\/posts\/11937","targetHints":{"allow":["GET"]}}],"collection":[{"href":"https:\/\/www.ametllerorigenwp.com\/ca\/wp-json\/wp\/v2\/posts"}],"about":[{"href":"https:\/\/www.ametllerorigenwp.com\/ca\/wp-json\/wp\/v2\/types\/post"}],"author":[{"embeddable":true,"href":"https:\/\/www.ametllerorigenwp.com\/ca\/wp-json\/wp\/v2\/users\/5"}],"replies":[{"embeddable":true,"href":"https:\/\/www.ametllerorigenwp.com\/ca\/wp-json\/wp\/v2\/comments?post=11937"}],"version-history":[{"count":1,"href":"https:\/\/www.ametllerorigenwp.com\/ca\/wp-json\/wp\/v2\/posts\/11937\/revisions"}],"predecessor-version":[{"id":11940,"href":"https:\/\/www.ametllerorigenwp.com\/ca\/wp-json\/wp\/v2\/posts\/11937\/revisions\/11940"}],"wp:featuredmedia":[{"embeddable":true,"href":"https:\/\/www.ametllerorigenwp.com\/ca\/wp-json\/wp\/v2\/media\/11938"}],"wp:attachment":[{"href":"https:\/\/www.ametllerorigenwp.com\/ca\/wp-json\/wp\/v2\/media?parent=11937"}],"wp:term":[{"taxonomy":"category","embeddable":true,"href":"https:\/\/www.ametllerorigenwp.com\/ca\/wp-json\/wp\/v2\/categories?post=11937"},{"taxonomy":"post_tag","embeddable":true,"href":"https:\/\/www.ametllerorigenwp.com\/ca\/wp-json\/wp\/v2\/tags?post=11937"}],"curies":[{"name":"wp","href":"https:\/\/api.w.org\/{rel}","templated":true}]}}