{"id":1217,"date":"2021-03-16T17:20:15","date_gmt":"2021-03-16T17:20:15","guid":{"rendered":"https:\/\/www.ametllerorigenwp.com\/?p=1217"},"modified":"2021-03-16T17:20:33","modified_gmt":"2021-03-16T17:20:33","slug":"descobreix-les-peculiaritats-de-lalberginia-llarga","status":"publish","type":"post","link":"https:\/\/www.ametllerorigenwp.com\/ca\/descobreix-les-peculiaritats-de-lalberginia-llarga\/","title":{"rendered":"Descobreix les peculiaritats de l\u2019alberg\u00ednia llarga!"},"content":{"rendered":"\n<p>Hi ha tres varietats d\u2019alberg\u00ednies: de fruit llarg, de fruit glob\u00f3s i de fruit oval. Avui et volem explicar les <strong>peculiaritats de l\u2019alberg\u00ednia de fruit llarg, una varietat poc freq\u00fcent, per la seva dificultat a l\u2019hora de cultivar, i que des d\u2019Ametller Origen volem recuperar per les seves fant\u00e0stiques propietats i usos culinaris!<\/strong><\/p>\n\n\n\n<p>L\u2019alberg\u00ednia llarga <strong>\u00e9s especialment gustosa<\/strong> i, en ser m\u00e9s llarga i fina que l\u2019alberg\u00ednia tradicional, <strong>no absorbeix tant oli i \u00e9s m\u00e9s r\u00e0pida de cuinar. <\/strong>Aquesta varietat \u00e9s ideal per fer-la a <strong>la planxa, saltada, fregida o per preparar un bon pisto de verdures<\/strong>. Diferents opcions per incorporar-la a la teva dieta!<\/p>\n\n\n\n<p>L\u2019alberg\u00ednia \u00e9s una hortalissa amb propietats beneficioses per a la teva salut. T\u00e9 un alt contingut en fibra, vitamines, minerals (destaca la quantitat de calci, magnesi, potassi i f\u00f2sfor) i compostos fen\u00f2lics que li atorguen propietats antioxidants.<\/p>\n\n\n\n<p>Per seguir una dieta i equilibrada, recorda consumir <strong>m\u00ednim dues racions de vegetals al dia en els \u00e0pats principals, dinar i sopar, amb una quantitat d\u2019entre 150-200 g en cada \u00e0pat<\/strong>.<\/p>\n","protected":false},"excerpt":{"rendered":"<p>Hi ha tres varietats d\u2019alberg\u00ednies: de fruit llarg, de fruit glob\u00f3s i de fruit oval. Avui et volem explicar les peculiaritats de l\u2019alberg\u00ednia de fruit llarg, una varietat poc freq\u00fcent, per la seva dificultat a l\u2019hora de cultivar, i que des d\u2019Ametller Origen volem recuperar per les seves fant\u00e0stiques propietats i usos culinaris! L\u2019alberg\u00ednia llarga &hellip; <a href=\"https:\/\/www.ametllerorigenwp.com\/ca\/descobreix-les-peculiaritats-de-lalberginia-llarga\/\" class=\"more-link\">Continua llegint <span class=\"screen-reader-text\">\u00abDescobreix les peculiaritats de l\u2019alberg\u00ednia llarga!\u00bb<\/span><\/a><\/p>\n","protected":false},"author":5,"featured_media":1245,"comment_status":"open","ping_status":"open","sticky":false,"template":"","format":"standard","meta":{"_uag_custom_page_level_css":"","advgb_blocks_editor_width":"","advgb_blocks_columns_visual_guide":"","footnotes":""},"categories":[2],"tags":[],"class_list":["post-1217","post","type-post","status-publish","format-standard","has-post-thumbnail","hentry","category-noticies"],"author_meta":{"display_name":"Mireia Zaragoza","author_link":"https:\/\/www.ametllerorigenwp.com\/ca\/author\/mzaragoza\/"},"featured_img":"https:\/\/www.ametllerorigenwp.com\/wp-content\/uploads\/2021\/03\/alberginia2-300x102.jpg","uagb_featured_image_src":{"full":["https:\/\/www.ametllerorigenwp.com\/wp-content\/uploads\/2021\/03\/alberginia2.jpg",1000,340,false],"thumbnail":["https:\/\/www.ametllerorigenwp.com\/wp-content\/uploads\/2021\/03\/alberginia2-150x150.jpg",150,150,true],"medium":["https:\/\/www.ametllerorigenwp.com\/wp-content\/uploads\/2021\/03\/alberginia2-300x102.jpg",300,102,true],"medium_large":["https:\/\/www.ametllerorigenwp.com\/wp-content\/uploads\/2021\/03\/alberginia2-768x261.jpg",768,261,true],"large":["https:\/\/www.ametllerorigenwp.com\/wp-content\/uploads\/2021\/03\/alberginia2.jpg",840,286,false],"1536x1536":["https:\/\/www.ametllerorigenwp.com\/wp-content\/uploads\/2021\/03\/alberginia2.jpg",1000,340,false],"2048x2048":["https:\/\/www.ametllerorigenwp.com\/wp-content\/uploads\/2021\/03\/alberginia2.jpg",1000,340,false],"post-thumbnail":["https:\/\/www.ametllerorigenwp.com\/wp-content\/uploads\/2021\/03\/alberginia2.jpg",1000,340,false]},"uagb_author_info":{"display_name":"Mireia Zaragoza","author_link":"https:\/\/www.ametllerorigenwp.com\/ca\/author\/mzaragoza\/"},"uagb_comment_info":0,"uagb_excerpt":"Hi ha tres varietats d\u2019alberg\u00ednies: de fruit llarg, de fruit glob\u00f3s i de fruit oval. Avui et volem explicar les peculiaritats de l\u2019alberg\u00ednia de fruit llarg, una varietat poc freq\u00fcent, per la seva dificultat a l\u2019hora de cultivar, i que des d\u2019Ametller Origen volem recuperar per les seves fant\u00e0stiques propietats i usos culinaris! L\u2019alberg\u00ednia llarga&hellip;","coauthors":[],"tax_additional":{"categories":{"linked":["<a href=\"https:\/\/www.ametllerorigenwp.com\/ca\/category\/noticies\/\" class=\"advgb-post-tax-term\">Noticies<\/a>"],"unlinked":["<span class=\"advgb-post-tax-term\">Noticies<\/span>"]}},"comment_count":"0","relative_dates":{"created":"Posted 5 anys ago","modified":"Updated 5 anys ago"},"absolute_dates":{"created":"Posted on 16 de mar\u00e7 de 2021","modified":"Updated on 16 de mar\u00e7 de 2021"},"absolute_dates_time":{"created":"Posted on 16 de mar\u00e7 de 2021 17:20","modified":"Updated on 16 de mar\u00e7 de 2021 17:20"},"featured_img_caption":"","series_order":"","show_in_app":true,"fecha_inicio_destacado":null,"hora_inicio_visualizacion":null,"minutos_inicio_visualizacion":null,"fecha_final_destacado":null,"hora_final_visualizacion":null,"minutos_final_visualizacion":null,"posicion_visualizacion":null,"estado_destacado":null,"niveles_destacados":null,"url_del_enlace":null,"banner_destacado":null,"posicion_visualizacion_de_la_noticia":null,"estado_noticia":null,"fecha_de_inicio_de_visualizacion_del_tutorial":null,"hora_inicio_visualizacion_tutorial":null,"minutos_inicio_visualizacion_tutorial":null,"fecha_de_final_de_visualizacion_del_tutorial":null,"hora_final_visualizacion_tutorial":null,"minutos_final_visualizacion_tutorial":null,"numero_de_veces_visto":null,"numero_de_veces_total":null,"niveles_tutorial":null,"tutorial_recursos_castellano":null,"tutorial_recursos_catalan":null,"dias_disponibles":null,"dias_de_la_semana":null,"dias_del_mes":null,"other_lang_post_id":null,"lang":"ca","campanya_descripcion":null,"campanya_fecha_inicio":null,"campanya_fecha_fin":null,"campanya_legales":null,"campanya_imagen":null,"campanya_characteristics":null,"campanya_url":null,"campanya_posicion_visualizacion":null,"campanya_estado":null,"_links":{"self":[{"href":"https:\/\/www.ametllerorigenwp.com\/ca\/wp-json\/wp\/v2\/posts\/1217","targetHints":{"allow":["GET"]}}],"collection":[{"href":"https:\/\/www.ametllerorigenwp.com\/ca\/wp-json\/wp\/v2\/posts"}],"about":[{"href":"https:\/\/www.ametllerorigenwp.com\/ca\/wp-json\/wp\/v2\/types\/post"}],"author":[{"embeddable":true,"href":"https:\/\/www.ametllerorigenwp.com\/ca\/wp-json\/wp\/v2\/users\/5"}],"replies":[{"embeddable":true,"href":"https:\/\/www.ametllerorigenwp.com\/ca\/wp-json\/wp\/v2\/comments?post=1217"}],"version-history":[{"count":1,"href":"https:\/\/www.ametllerorigenwp.com\/ca\/wp-json\/wp\/v2\/posts\/1217\/revisions"}],"predecessor-version":[{"id":1218,"href":"https:\/\/www.ametllerorigenwp.com\/ca\/wp-json\/wp\/v2\/posts\/1217\/revisions\/1218"}],"wp:featuredmedia":[{"embeddable":true,"href":"https:\/\/www.ametllerorigenwp.com\/ca\/wp-json\/wp\/v2\/media\/1245"}],"wp:attachment":[{"href":"https:\/\/www.ametllerorigenwp.com\/ca\/wp-json\/wp\/v2\/media?parent=1217"}],"wp:term":[{"taxonomy":"category","embeddable":true,"href":"https:\/\/www.ametllerorigenwp.com\/ca\/wp-json\/wp\/v2\/categories?post=1217"},{"taxonomy":"post_tag","embeddable":true,"href":"https:\/\/www.ametllerorigenwp.com\/ca\/wp-json\/wp\/v2\/tags?post=1217"}],"curies":[{"name":"wp","href":"https:\/\/api.w.org\/{rel}","templated":true}]}}