{"id":12296,"date":"2024-07-24T01:00:37","date_gmt":"2024-07-24T01:00:37","guid":{"rendered":"https:\/\/www.ametllerorigenwp.com\/?p=12296"},"modified":"2024-07-23T10:35:46","modified_gmt":"2024-07-23T10:35:46","slug":"els-tomaquets-una-delicia-de-temporada-molt-versatil-a-la-cuina","status":"publish","type":"post","link":"https:\/\/www.ametllerorigenwp.com\/ca\/els-tomaquets-una-delicia-de-temporada-molt-versatil-a-la-cuina\/","title":{"rendered":"Els tom\u00e0quets, una del\u00edcia de temporada molt vers\u00e0til a la cuina"},"content":{"rendered":"<p class=\"Cuerpo\" style=\"text-align: justify;\"><span class=\"Ninguno\"><b><span lang=\"ES-TRAD\">Si gaudeixes menjant un bon plat de tom\u00e0quet amb oli i sal, unes broquetes de tom\u00e0quet cherry amb alf\u00e0brega, un bon gaspatxo, unes torrades amb tom\u00e0quets confitats o tom\u00e0quets fets al forn amb una mica de formatge feta<\/span><\/b><\/span><span lang=\"ES-TRAD\">, estem segurs que ets un amant dels tom\u00e0quets en totes les seves varietats com nosaltres! I \u00e9s que <span class=\"Ninguno\"><b>el tom\u00e0quet \u00e9s un aliment ple de propietats nutricionals que pots gaudir de moltes maneres gr\u00e0cies a la seva versatilitat a la cuina.<\/b><\/span><\/span><\/p>\n<p class=\"Cuerpo\" style=\"text-align: justify;\"><span lang=\"ES-TRAD\">\u00a0<\/span><\/p>\n<p class=\"Cuerpo\" style=\"text-align: justify;\"><span lang=\"ES-TRAD\">Aprofita ara que alguns tom\u00e0quets es troben en promoci\u00f3 a la teva botiga habitual o a la <a href=\"https:\/\/www.ametllerorigen.com\/ca\/verdura\/tomaquets-i-cogombres\">botiga online<\/a> i esprem al m\u00e0xim aquest producte de temporada tan sabor\u00f3s i suc\u00f3s! <\/span><\/p>\n","protected":false},"excerpt":{"rendered":"<p>Si gaudeixes menjant un bon plat de tom\u00e0quet amb oli i sal, unes broquetes de tom\u00e0quet cherry amb alf\u00e0brega, un bon gaspatxo, unes torrades amb tom\u00e0quets confitats o tom\u00e0quets fets al forn amb una mica de formatge feta, estem segurs que ets un amant dels tom\u00e0quets en totes les seves varietats com nosaltres! I \u00e9s &hellip; <a href=\"https:\/\/www.ametllerorigenwp.com\/ca\/els-tomaquets-una-delicia-de-temporada-molt-versatil-a-la-cuina\/\" class=\"more-link\">Continua llegint <span class=\"screen-reader-text\">\u00abEls tom\u00e0quets, una del\u00edcia de temporada molt vers\u00e0til a la cuina\u00bb<\/span><\/a><\/p>\n","protected":false},"author":5,"featured_media":12297,"comment_status":"closed","ping_status":"closed","sticky":false,"template":"","format":"standard","meta":{"_uag_custom_page_level_css":"","advgb_blocks_editor_width":"","advgb_blocks_columns_visual_guide":"","footnotes":""},"categories":[2],"tags":[],"class_list":["post-12296","post","type-post","status-publish","format-standard","has-post-thumbnail","hentry","category-noticies"],"author_meta":{"display_name":"Mireia Zaragoza","author_link":"https:\/\/www.ametllerorigenwp.com\/ca\/author\/mzaragoza\/"},"featured_img":"https:\/\/www.ametllerorigenwp.com\/wp-content\/uploads\/2024\/07\/Foto-app_tomaquets-1-300x102.jpg","uagb_featured_image_src":{"full":["https:\/\/www.ametllerorigenwp.com\/wp-content\/uploads\/2024\/07\/Foto-app_tomaquets-1.jpg",1000,340,false],"thumbnail":["https:\/\/www.ametllerorigenwp.com\/wp-content\/uploads\/2024\/07\/Foto-app_tomaquets-1-150x150.jpg",150,150,true],"medium":["https:\/\/www.ametllerorigenwp.com\/wp-content\/uploads\/2024\/07\/Foto-app_tomaquets-1-300x102.jpg",300,102,true],"medium_large":["https:\/\/www.ametllerorigenwp.com\/wp-content\/uploads\/2024\/07\/Foto-app_tomaquets-1-768x261.jpg",768,261,true],"large":["https:\/\/www.ametllerorigenwp.com\/wp-content\/uploads\/2024\/07\/Foto-app_tomaquets-1.jpg",840,286,false],"1536x1536":["https:\/\/www.ametllerorigenwp.com\/wp-content\/uploads\/2024\/07\/Foto-app_tomaquets-1.jpg",1000,340,false],"2048x2048":["https:\/\/www.ametllerorigenwp.com\/wp-content\/uploads\/2024\/07\/Foto-app_tomaquets-1.jpg",1000,340,false],"post-thumbnail":["https:\/\/www.ametllerorigenwp.com\/wp-content\/uploads\/2024\/07\/Foto-app_tomaquets-1.jpg",1000,340,false]},"uagb_author_info":{"display_name":"Mireia Zaragoza","author_link":"https:\/\/www.ametllerorigenwp.com\/ca\/author\/mzaragoza\/"},"uagb_comment_info":0,"uagb_excerpt":"Si gaudeixes menjant un bon plat de tom\u00e0quet amb oli i sal, unes broquetes de tom\u00e0quet cherry amb alf\u00e0brega, un bon gaspatxo, unes torrades amb tom\u00e0quets confitats o tom\u00e0quets fets al forn amb una mica de formatge feta, estem segurs que ets un amant dels tom\u00e0quets en totes les seves varietats com nosaltres! I \u00e9s&hellip;","coauthors":[],"tax_additional":{"categories":{"linked":["<a href=\"https:\/\/www.ametllerorigenwp.com\/ca\/category\/noticies\/\" class=\"advgb-post-tax-term\">Noticies<\/a>"],"unlinked":["<span class=\"advgb-post-tax-term\">Noticies<\/span>"]}},"comment_count":"0","relative_dates":{"created":"Posted 2 anys ago","modified":"Updated 2 anys ago"},"absolute_dates":{"created":"Posted on 24 de juliol de 2024","modified":"Updated on 23 de juliol de 2024"},"absolute_dates_time":{"created":"Posted on 24 de juliol de 2024 01:00","modified":"Updated on 23 de juliol de 2024 10:35"},"featured_img_caption":"","series_order":"","show_in_app":true,"fecha_inicio_destacado":null,"hora_inicio_visualizacion":null,"minutos_inicio_visualizacion":null,"fecha_final_destacado":null,"hora_final_visualizacion":null,"minutos_final_visualizacion":null,"posicion_visualizacion":null,"estado_destacado":null,"niveles_destacados":null,"url_del_enlace":null,"banner_destacado":null,"posicion_visualizacion_de_la_noticia":"01","estado_noticia":["Visible"],"fecha_de_inicio_de_visualizacion_del_tutorial":null,"hora_inicio_visualizacion_tutorial":null,"minutos_inicio_visualizacion_tutorial":null,"fecha_de_final_de_visualizacion_del_tutorial":null,"hora_final_visualizacion_tutorial":null,"minutos_final_visualizacion_tutorial":null,"numero_de_veces_visto":null,"numero_de_veces_total":null,"niveles_tutorial":null,"tutorial_recursos_castellano":null,"tutorial_recursos_catalan":null,"dias_disponibles":null,"dias_de_la_semana":null,"dias_del_mes":null,"other_lang_post_id":null,"lang":"ca","campanya_descripcion":null,"campanya_fecha_inicio":null,"campanya_fecha_fin":null,"campanya_legales":null,"campanya_imagen":null,"campanya_characteristics":null,"campanya_url":null,"campanya_posicion_visualizacion":null,"campanya_estado":null,"_links":{"self":[{"href":"https:\/\/www.ametllerorigenwp.com\/ca\/wp-json\/wp\/v2\/posts\/12296","targetHints":{"allow":["GET"]}}],"collection":[{"href":"https:\/\/www.ametllerorigenwp.com\/ca\/wp-json\/wp\/v2\/posts"}],"about":[{"href":"https:\/\/www.ametllerorigenwp.com\/ca\/wp-json\/wp\/v2\/types\/post"}],"author":[{"embeddable":true,"href":"https:\/\/www.ametllerorigenwp.com\/ca\/wp-json\/wp\/v2\/users\/5"}],"replies":[{"embeddable":true,"href":"https:\/\/www.ametllerorigenwp.com\/ca\/wp-json\/wp\/v2\/comments?post=12296"}],"version-history":[{"count":1,"href":"https:\/\/www.ametllerorigenwp.com\/ca\/wp-json\/wp\/v2\/posts\/12296\/revisions"}],"predecessor-version":[{"id":12302,"href":"https:\/\/www.ametllerorigenwp.com\/ca\/wp-json\/wp\/v2\/posts\/12296\/revisions\/12302"}],"wp:featuredmedia":[{"embeddable":true,"href":"https:\/\/www.ametllerorigenwp.com\/ca\/wp-json\/wp\/v2\/media\/12297"}],"wp:attachment":[{"href":"https:\/\/www.ametllerorigenwp.com\/ca\/wp-json\/wp\/v2\/media?parent=12296"}],"wp:term":[{"taxonomy":"category","embeddable":true,"href":"https:\/\/www.ametllerorigenwp.com\/ca\/wp-json\/wp\/v2\/categories?post=12296"},{"taxonomy":"post_tag","embeddable":true,"href":"https:\/\/www.ametllerorigenwp.com\/ca\/wp-json\/wp\/v2\/tags?post=12296"}],"curies":[{"name":"wp","href":"https:\/\/api.w.org\/{rel}","templated":true}]}}