{"id":12380,"date":"2024-08-01T01:00:15","date_gmt":"2024-08-01T01:00:15","guid":{"rendered":"https:\/\/www.ametllerorigenwp.com\/?p=12380"},"modified":"2024-07-31T15:42:16","modified_gmt":"2024-07-31T15:42:16","slug":"una-amanida-per-cada-dia-de-la-setmana","status":"publish","type":"post","link":"https:\/\/www.ametllerorigenwp.com\/ca\/una-amanida-per-cada-dia-de-la-setmana\/","title":{"rendered":"Una amanida per cada dia de la setmana"},"content":{"rendered":"<p><b>De xat\u00f3, cl\u00e0ssica, de pollastre i pinya, de mozzarella i pasta, de formatge de cabra, C\u00e8sar, de salm\u00f3 tzatziki i quinoa\u2026<\/b>\u00a0Quina \u00e9s la teva amanida preferida? I \u00e9s que\u00a0<b>si tens poc temps per menjar, les nostres amanides preparades s\u00f3n una bona alternativa saludable i deliciosa!\u00a0<\/b><\/p>\n<p>Aprofita ara que les amanides es troben de promoci\u00f3 a la teva botiga habitual o a la\u00a0<a href=\"https:\/\/www.ametllerorigen.com\/ca\/plats-cuinats\/amanides-i-verdures\" target=\"_blank\" rel=\"noopener\" data-saferedirecturl=\"https:\/\/www.google.com\/url?q=https:\/\/www.ametllerorigen.com\/ca\/plats-cuinats\/amanides-i-verdures&amp;source=gmail&amp;ust=1722526445352000&amp;usg=AOvVaw27rBGhZLSq_0QpyCniaFZ8\">botiga online<\/a>\u00a0i gaudeix-les!<\/p>\n","protected":false},"excerpt":{"rendered":"<p>De xat\u00f3, cl\u00e0ssica, de pollastre i pinya, de mozzarella i pasta, de formatge de cabra, C\u00e8sar, de salm\u00f3 tzatziki i quinoa\u2026\u00a0Quina \u00e9s la teva amanida preferida? I \u00e9s que\u00a0si tens poc temps per menjar, les nostres amanides preparades s\u00f3n una bona alternativa saludable i deliciosa!\u00a0 Aprofita ara que les amanides es troben de promoci\u00f3 a &hellip; <a href=\"https:\/\/www.ametllerorigenwp.com\/ca\/una-amanida-per-cada-dia-de-la-setmana\/\" class=\"more-link\">Continua llegint <span class=\"screen-reader-text\">\u00abUna amanida per cada dia de la setmana\u00bb<\/span><\/a><\/p>\n","protected":false},"author":5,"featured_media":12381,"comment_status":"closed","ping_status":"closed","sticky":false,"template":"","format":"standard","meta":{"_uag_custom_page_level_css":"","advgb_blocks_editor_width":"","advgb_blocks_columns_visual_guide":"","footnotes":""},"categories":[2],"tags":[],"class_list":["post-12380","post","type-post","status-publish","format-standard","has-post-thumbnail","hentry","category-noticies"],"author_meta":{"display_name":"Mireia Zaragoza","author_link":"https:\/\/www.ametllerorigenwp.com\/ca\/author\/mzaragoza\/"},"featured_img":"https:\/\/www.ametllerorigenwp.com\/wp-content\/uploads\/2024\/07\/App_Amanida_comp_100x340-300x102.jpg","uagb_featured_image_src":{"full":["https:\/\/www.ametllerorigenwp.com\/wp-content\/uploads\/2024\/07\/App_Amanida_comp_100x340.jpg",1000,340,false],"thumbnail":["https:\/\/www.ametllerorigenwp.com\/wp-content\/uploads\/2024\/07\/App_Amanida_comp_100x340-150x150.jpg",150,150,true],"medium":["https:\/\/www.ametllerorigenwp.com\/wp-content\/uploads\/2024\/07\/App_Amanida_comp_100x340-300x102.jpg",300,102,true],"medium_large":["https:\/\/www.ametllerorigenwp.com\/wp-content\/uploads\/2024\/07\/App_Amanida_comp_100x340-768x261.jpg",768,261,true],"large":["https:\/\/www.ametllerorigenwp.com\/wp-content\/uploads\/2024\/07\/App_Amanida_comp_100x340.jpg",840,286,false],"1536x1536":["https:\/\/www.ametllerorigenwp.com\/wp-content\/uploads\/2024\/07\/App_Amanida_comp_100x340.jpg",1000,340,false],"2048x2048":["https:\/\/www.ametllerorigenwp.com\/wp-content\/uploads\/2024\/07\/App_Amanida_comp_100x340.jpg",1000,340,false],"post-thumbnail":["https:\/\/www.ametllerorigenwp.com\/wp-content\/uploads\/2024\/07\/App_Amanida_comp_100x340.jpg",1000,340,false]},"uagb_author_info":{"display_name":"Mireia Zaragoza","author_link":"https:\/\/www.ametllerorigenwp.com\/ca\/author\/mzaragoza\/"},"uagb_comment_info":0,"uagb_excerpt":"De xat\u00f3, cl\u00e0ssica, de pollastre i pinya, de mozzarella i pasta, de formatge de cabra, C\u00e8sar, de salm\u00f3 tzatziki i quinoa\u2026\u00a0Quina \u00e9s la teva amanida preferida? I \u00e9s que\u00a0si tens poc temps per menjar, les nostres amanides preparades s\u00f3n una bona alternativa saludable i deliciosa!\u00a0 Aprofita ara que les amanides es troben de promoci\u00f3 a&hellip;","coauthors":[],"tax_additional":{"categories":{"linked":["<a href=\"https:\/\/www.ametllerorigenwp.com\/ca\/category\/noticies\/\" class=\"advgb-post-tax-term\">Noticies<\/a>"],"unlinked":["<span class=\"advgb-post-tax-term\">Noticies<\/span>"]}},"comment_count":"0","relative_dates":{"created":"Posted 2 anys ago","modified":"Updated 2 anys ago"},"absolute_dates":{"created":"Posted on 1 d'agost de 2024","modified":"Updated on 31 de juliol de 2024"},"absolute_dates_time":{"created":"Posted on 1 d'agost de 2024 01:00","modified":"Updated on 31 de juliol de 2024 15:42"},"featured_img_caption":"","series_order":"","show_in_app":true,"fecha_inicio_destacado":null,"hora_inicio_visualizacion":null,"minutos_inicio_visualizacion":null,"fecha_final_destacado":null,"hora_final_visualizacion":null,"minutos_final_visualizacion":null,"posicion_visualizacion":null,"estado_destacado":null,"niveles_destacados":null,"url_del_enlace":null,"banner_destacado":null,"posicion_visualizacion_de_la_noticia":"01","estado_noticia":["Visible"],"fecha_de_inicio_de_visualizacion_del_tutorial":null,"hora_inicio_visualizacion_tutorial":null,"minutos_inicio_visualizacion_tutorial":null,"fecha_de_final_de_visualizacion_del_tutorial":null,"hora_final_visualizacion_tutorial":null,"minutos_final_visualizacion_tutorial":null,"numero_de_veces_visto":null,"numero_de_veces_total":null,"niveles_tutorial":null,"tutorial_recursos_castellano":null,"tutorial_recursos_catalan":null,"dias_disponibles":null,"dias_de_la_semana":null,"dias_del_mes":null,"other_lang_post_id":null,"lang":"ca","campanya_descripcion":null,"campanya_fecha_inicio":null,"campanya_fecha_fin":null,"campanya_legales":null,"campanya_imagen":null,"campanya_characteristics":null,"campanya_url":null,"campanya_posicion_visualizacion":null,"campanya_estado":null,"_links":{"self":[{"href":"https:\/\/www.ametllerorigenwp.com\/ca\/wp-json\/wp\/v2\/posts\/12380","targetHints":{"allow":["GET"]}}],"collection":[{"href":"https:\/\/www.ametllerorigenwp.com\/ca\/wp-json\/wp\/v2\/posts"}],"about":[{"href":"https:\/\/www.ametllerorigenwp.com\/ca\/wp-json\/wp\/v2\/types\/post"}],"author":[{"embeddable":true,"href":"https:\/\/www.ametllerorigenwp.com\/ca\/wp-json\/wp\/v2\/users\/5"}],"replies":[{"embeddable":true,"href":"https:\/\/www.ametllerorigenwp.com\/ca\/wp-json\/wp\/v2\/comments?post=12380"}],"version-history":[{"count":2,"href":"https:\/\/www.ametllerorigenwp.com\/ca\/wp-json\/wp\/v2\/posts\/12380\/revisions"}],"predecessor-version":[{"id":12386,"href":"https:\/\/www.ametllerorigenwp.com\/ca\/wp-json\/wp\/v2\/posts\/12380\/revisions\/12386"}],"wp:featuredmedia":[{"embeddable":true,"href":"https:\/\/www.ametllerorigenwp.com\/ca\/wp-json\/wp\/v2\/media\/12381"}],"wp:attachment":[{"href":"https:\/\/www.ametllerorigenwp.com\/ca\/wp-json\/wp\/v2\/media?parent=12380"}],"wp:term":[{"taxonomy":"category","embeddable":true,"href":"https:\/\/www.ametllerorigenwp.com\/ca\/wp-json\/wp\/v2\/categories?post=12380"},{"taxonomy":"post_tag","embeddable":true,"href":"https:\/\/www.ametllerorigenwp.com\/ca\/wp-json\/wp\/v2\/tags?post=12380"}],"curies":[{"name":"wp","href":"https:\/\/api.w.org\/{rel}","templated":true}]}}