{"id":12396,"date":"2024-08-03T01:00:04","date_gmt":"2024-08-03T01:00:04","guid":{"rendered":"https:\/\/www.ametllerorigenwp.com\/?p=12396"},"modified":"2024-08-01T15:12:35","modified_gmt":"2024-08-01T15:12:35","slug":"descarregat-el-calendari-mensual-dagost","status":"publish","type":"post","link":"https:\/\/www.ametllerorigenwp.com\/ca\/descarregat-el-calendari-mensual-dagost\/","title":{"rendered":"Descarrega&#8217;t el calendari mensual d\u2019agost!"},"content":{"rendered":"<p>Mes nou \u00e9s sin\u00f2nim de nou calendari mensual! Ja no tens excusa per oblidar els compromisos m\u00e9s importants amb\u00a0<b>el nostre calendari mensual i organitzador setmanal, dissenyat per l\u2019il\u00b7lustrador Javier Royo. T\u2019ho posem f\u00e0cil per anotar tot all\u00f2 que necessitis i recordar els dies mundials i festivitats destacades.\u00a0<\/b>Tanmateix, trobar\u00e0s\u00a0<b>informaci\u00f3 relacionada amb la nostra manera de fer i quines s\u00f3n les principals fruites i hortalisses de temporada.\u00a0\u00a0<\/b><\/p>\n<p><b>Aquest mes d\u2019agost destaquem que per oferir-te els millors tom\u00e0quets durant tot l\u2019any, cultivem varietats \u00faniques i tenim un camp d\u2019assaig<\/b>, amb m\u00e9s de 200 varietats, on fem diferents proves amb el tipus de fertilitzaci\u00f3, rec i poda.<\/p>\n<p>Descarrega-te\u2019l\u00a0<a href=\"https:\/\/corp.ametllerorigen.com\/calendari_2024\/\" target=\"_blank\" rel=\"noopener\" data-saferedirecturl=\"https:\/\/www.google.com\/url?q=https:\/\/corp.ametllerorigen.com\/calendari_2024\/&amp;source=gmail&amp;ust=1722611370158000&amp;usg=AOvVaw1Dtcx2T15L80KZA5Y755A1\">aqu\u00ed<\/a>!<\/p>\n","protected":false},"excerpt":{"rendered":"<p>Mes nou \u00e9s sin\u00f2nim de nou calendari mensual! Ja no tens excusa per oblidar els compromisos m\u00e9s importants amb\u00a0el nostre calendari mensual i organitzador setmanal, dissenyat per l\u2019il\u00b7lustrador Javier Royo. T\u2019ho posem f\u00e0cil per anotar tot all\u00f2 que necessitis i recordar els dies mundials i festivitats destacades.\u00a0Tanmateix, trobar\u00e0s\u00a0informaci\u00f3 relacionada amb la nostra manera de fer &hellip; <a href=\"https:\/\/www.ametllerorigenwp.com\/ca\/descarregat-el-calendari-mensual-dagost\/\" class=\"more-link\">Continua llegint <span class=\"screen-reader-text\">\u00abDescarrega&#8217;t el calendari mensual d\u2019agost!\u00bb<\/span><\/a><\/p>\n","protected":false},"author":5,"featured_media":12397,"comment_status":"closed","ping_status":"closed","sticky":false,"template":"","format":"standard","meta":{"_uag_custom_page_level_css":"","advgb_blocks_editor_width":"","advgb_blocks_columns_visual_guide":"","footnotes":""},"categories":[2],"tags":[],"class_list":["post-12396","post","type-post","status-publish","format-standard","has-post-thumbnail","hentry","category-noticies"],"author_meta":{"display_name":"Mireia Zaragoza","author_link":"https:\/\/www.ametllerorigenwp.com\/ca\/author\/mzaragoza\/"},"featured_img":"https:\/\/www.ametllerorigenwp.com\/wp-content\/uploads\/2024\/08\/IM_APP_CALENDARI_AGOST_DESCARREGABLE-1-300x102.jpg","uagb_featured_image_src":{"full":["https:\/\/www.ametllerorigenwp.com\/wp-content\/uploads\/2024\/08\/IM_APP_CALENDARI_AGOST_DESCARREGABLE-1.jpg",1000,340,false],"thumbnail":["https:\/\/www.ametllerorigenwp.com\/wp-content\/uploads\/2024\/08\/IM_APP_CALENDARI_AGOST_DESCARREGABLE-1-150x150.jpg",150,150,true],"medium":["https:\/\/www.ametllerorigenwp.com\/wp-content\/uploads\/2024\/08\/IM_APP_CALENDARI_AGOST_DESCARREGABLE-1-300x102.jpg",300,102,true],"medium_large":["https:\/\/www.ametllerorigenwp.com\/wp-content\/uploads\/2024\/08\/IM_APP_CALENDARI_AGOST_DESCARREGABLE-1-768x261.jpg",768,261,true],"large":["https:\/\/www.ametllerorigenwp.com\/wp-content\/uploads\/2024\/08\/IM_APP_CALENDARI_AGOST_DESCARREGABLE-1.jpg",840,286,false],"1536x1536":["https:\/\/www.ametllerorigenwp.com\/wp-content\/uploads\/2024\/08\/IM_APP_CALENDARI_AGOST_DESCARREGABLE-1.jpg",1000,340,false],"2048x2048":["https:\/\/www.ametllerorigenwp.com\/wp-content\/uploads\/2024\/08\/IM_APP_CALENDARI_AGOST_DESCARREGABLE-1.jpg",1000,340,false],"post-thumbnail":["https:\/\/www.ametllerorigenwp.com\/wp-content\/uploads\/2024\/08\/IM_APP_CALENDARI_AGOST_DESCARREGABLE-1.jpg",1000,340,false]},"uagb_author_info":{"display_name":"Mireia Zaragoza","author_link":"https:\/\/www.ametllerorigenwp.com\/ca\/author\/mzaragoza\/"},"uagb_comment_info":0,"uagb_excerpt":"Mes nou \u00e9s sin\u00f2nim de nou calendari mensual! Ja no tens excusa per oblidar els compromisos m\u00e9s importants amb\u00a0el nostre calendari mensual i organitzador setmanal, dissenyat per l\u2019il\u00b7lustrador Javier Royo. T\u2019ho posem f\u00e0cil per anotar tot all\u00f2 que necessitis i recordar els dies mundials i festivitats destacades.\u00a0Tanmateix, trobar\u00e0s\u00a0informaci\u00f3 relacionada amb la nostra manera de fer&hellip;","coauthors":[],"tax_additional":{"categories":{"linked":["<a href=\"https:\/\/www.ametllerorigenwp.com\/ca\/category\/noticies\/\" class=\"advgb-post-tax-term\">Noticies<\/a>"],"unlinked":["<span class=\"advgb-post-tax-term\">Noticies<\/span>"]}},"comment_count":"0","relative_dates":{"created":"Posted 2 anys ago","modified":"Updated 2 anys ago"},"absolute_dates":{"created":"Posted on 3 d'agost de 2024","modified":"Updated on 1 d'agost de 2024"},"absolute_dates_time":{"created":"Posted on 3 d'agost de 2024 01:00","modified":"Updated on 1 d'agost de 2024 15:12"},"featured_img_caption":"","series_order":"","show_in_app":true,"fecha_inicio_destacado":null,"hora_inicio_visualizacion":null,"minutos_inicio_visualizacion":null,"fecha_final_destacado":null,"hora_final_visualizacion":null,"minutos_final_visualizacion":null,"posicion_visualizacion":null,"estado_destacado":null,"niveles_destacados":null,"url_del_enlace":null,"banner_destacado":null,"posicion_visualizacion_de_la_noticia":"01","estado_noticia":["Visible"],"fecha_de_inicio_de_visualizacion_del_tutorial":null,"hora_inicio_visualizacion_tutorial":null,"minutos_inicio_visualizacion_tutorial":null,"fecha_de_final_de_visualizacion_del_tutorial":null,"hora_final_visualizacion_tutorial":null,"minutos_final_visualizacion_tutorial":null,"numero_de_veces_visto":null,"numero_de_veces_total":null,"niveles_tutorial":null,"tutorial_recursos_castellano":null,"tutorial_recursos_catalan":null,"dias_disponibles":null,"dias_de_la_semana":null,"dias_del_mes":null,"other_lang_post_id":null,"lang":"ca","campanya_descripcion":null,"campanya_fecha_inicio":null,"campanya_fecha_fin":null,"campanya_legales":null,"campanya_imagen":null,"campanya_characteristics":null,"campanya_url":null,"campanya_posicion_visualizacion":null,"campanya_estado":null,"_links":{"self":[{"href":"https:\/\/www.ametllerorigenwp.com\/ca\/wp-json\/wp\/v2\/posts\/12396","targetHints":{"allow":["GET"]}}],"collection":[{"href":"https:\/\/www.ametllerorigenwp.com\/ca\/wp-json\/wp\/v2\/posts"}],"about":[{"href":"https:\/\/www.ametllerorigenwp.com\/ca\/wp-json\/wp\/v2\/types\/post"}],"author":[{"embeddable":true,"href":"https:\/\/www.ametllerorigenwp.com\/ca\/wp-json\/wp\/v2\/users\/5"}],"replies":[{"embeddable":true,"href":"https:\/\/www.ametllerorigenwp.com\/ca\/wp-json\/wp\/v2\/comments?post=12396"}],"version-history":[{"count":1,"href":"https:\/\/www.ametllerorigenwp.com\/ca\/wp-json\/wp\/v2\/posts\/12396\/revisions"}],"predecessor-version":[{"id":12399,"href":"https:\/\/www.ametllerorigenwp.com\/ca\/wp-json\/wp\/v2\/posts\/12396\/revisions\/12399"}],"wp:featuredmedia":[{"embeddable":true,"href":"https:\/\/www.ametllerorigenwp.com\/ca\/wp-json\/wp\/v2\/media\/12397"}],"wp:attachment":[{"href":"https:\/\/www.ametllerorigenwp.com\/ca\/wp-json\/wp\/v2\/media?parent=12396"}],"wp:term":[{"taxonomy":"category","embeddable":true,"href":"https:\/\/www.ametllerorigenwp.com\/ca\/wp-json\/wp\/v2\/categories?post=12396"},{"taxonomy":"post_tag","embeddable":true,"href":"https:\/\/www.ametllerorigenwp.com\/ca\/wp-json\/wp\/v2\/tags?post=12396"}],"curies":[{"name":"wp","href":"https:\/\/api.w.org\/{rel}","templated":true}]}}