{"id":12419,"date":"2024-08-14T01:00:44","date_gmt":"2024-08-14T01:00:44","guid":{"rendered":"https:\/\/www.ametllerorigenwp.com\/?p=12419"},"modified":"2024-08-13T23:16:16","modified_gmt":"2024-08-13T23:16:16","slug":"la-fruita-es-pot-menjar-en-qualsevol-moment-del-dia","status":"publish","type":"post","link":"https:\/\/www.ametllerorigenwp.com\/ca\/la-fruita-es-pot-menjar-en-qualsevol-moment-del-dia\/","title":{"rendered":"La fruita es pot menjar en qualsevol moment del dia?"},"content":{"rendered":"<p>Estem segurs que en moltes ocasions haur\u00e0s sentit que no \u00e9s bo menjar fruita despr\u00e9s dels \u00e0pats, per\u00f2 t\u2019hem de dir que\u00a0<strong>el consum de fruites en qualsevol moment del dia \u00e9s completament saludable i recomanable.\u00a0<\/strong><\/p>\n<p>Tant\u00a0<strong>les vitamines, els minerals i la fibra, aix\u00ed com les calories que aporten les diferents fruites s\u00f3n sempre les mateixes, independentment de si les ingereixes acompanyades d\u2019altres aliments o soles<\/strong>, \u00e9s a dir, despr\u00e9s de dinar o sopar o soles a mig mat\u00ed o per berenar. Per tant, recorda que qualsevol moment del dia \u00e9s ideal per gaudir d\u2019una bona pe\u00e7a de fruita de temporada!<\/p>\n","protected":false},"excerpt":{"rendered":"<p>Estem segurs que en moltes ocasions haur\u00e0s sentit que no \u00e9s bo menjar fruita despr\u00e9s dels \u00e0pats, per\u00f2 t\u2019hem de dir que\u00a0el consum de fruites en qualsevol moment del dia \u00e9s completament saludable i recomanable.\u00a0 Tant\u00a0les vitamines, els minerals i la fibra, aix\u00ed com les calories que aporten les diferents fruites s\u00f3n sempre les mateixes, &hellip; <a href=\"https:\/\/www.ametllerorigenwp.com\/ca\/la-fruita-es-pot-menjar-en-qualsevol-moment-del-dia\/\" class=\"more-link\">Continua llegint <span class=\"screen-reader-text\">\u00abLa fruita es pot menjar en qualsevol moment del dia?\u00bb<\/span><\/a><\/p>\n","protected":false},"author":5,"featured_media":12420,"comment_status":"closed","ping_status":"closed","sticky":false,"template":"","format":"standard","meta":{"_uag_custom_page_level_css":"","advgb_blocks_editor_width":"","advgb_blocks_columns_visual_guide":"","footnotes":""},"categories":[2],"tags":[],"class_list":["post-12419","post","type-post","status-publish","format-standard","has-post-thumbnail","hentry","category-noticies"],"author_meta":{"display_name":"Mireia Zaragoza","author_link":"https:\/\/www.ametllerorigenwp.com\/ca\/author\/mzaragoza\/"},"featured_img":"https:\/\/www.ametllerorigenwp.com\/wp-content\/uploads\/2024\/08\/Desmontant_mites_app-300x102.jpeg","uagb_featured_image_src":{"full":["https:\/\/www.ametllerorigenwp.com\/wp-content\/uploads\/2024\/08\/Desmontant_mites_app.jpeg",1000,340,false],"thumbnail":["https:\/\/www.ametllerorigenwp.com\/wp-content\/uploads\/2024\/08\/Desmontant_mites_app-150x150.jpeg",150,150,true],"medium":["https:\/\/www.ametllerorigenwp.com\/wp-content\/uploads\/2024\/08\/Desmontant_mites_app-300x102.jpeg",300,102,true],"medium_large":["https:\/\/www.ametllerorigenwp.com\/wp-content\/uploads\/2024\/08\/Desmontant_mites_app-768x261.jpeg",768,261,true],"large":["https:\/\/www.ametllerorigenwp.com\/wp-content\/uploads\/2024\/08\/Desmontant_mites_app.jpeg",840,286,false],"1536x1536":["https:\/\/www.ametllerorigenwp.com\/wp-content\/uploads\/2024\/08\/Desmontant_mites_app.jpeg",1000,340,false],"2048x2048":["https:\/\/www.ametllerorigenwp.com\/wp-content\/uploads\/2024\/08\/Desmontant_mites_app.jpeg",1000,340,false],"post-thumbnail":["https:\/\/www.ametllerorigenwp.com\/wp-content\/uploads\/2024\/08\/Desmontant_mites_app.jpeg",1000,340,false]},"uagb_author_info":{"display_name":"Mireia Zaragoza","author_link":"https:\/\/www.ametllerorigenwp.com\/ca\/author\/mzaragoza\/"},"uagb_comment_info":0,"uagb_excerpt":"Estem segurs que en moltes ocasions haur\u00e0s sentit que no \u00e9s bo menjar fruita despr\u00e9s dels \u00e0pats, per\u00f2 t\u2019hem de dir que\u00a0el consum de fruites en qualsevol moment del dia \u00e9s completament saludable i recomanable.\u00a0 Tant\u00a0les vitamines, els minerals i la fibra, aix\u00ed com les calories que aporten les diferents fruites s\u00f3n sempre les mateixes,&hellip;","coauthors":[],"tax_additional":{"categories":{"linked":["<a href=\"https:\/\/www.ametllerorigenwp.com\/ca\/category\/noticies\/\" class=\"advgb-post-tax-term\">Noticies<\/a>"],"unlinked":["<span class=\"advgb-post-tax-term\">Noticies<\/span>"]}},"comment_count":"0","relative_dates":{"created":"Posted 2 anys ago","modified":"Updated 2 anys ago"},"absolute_dates":{"created":"Posted on 14 d'agost de 2024","modified":"Updated on 13 d'agost de 2024"},"absolute_dates_time":{"created":"Posted on 14 d'agost de 2024 01:00","modified":"Updated on 13 d'agost de 2024 23:16"},"featured_img_caption":"","series_order":"","show_in_app":true,"fecha_inicio_destacado":null,"hora_inicio_visualizacion":null,"minutos_inicio_visualizacion":null,"fecha_final_destacado":null,"hora_final_visualizacion":null,"minutos_final_visualizacion":null,"posicion_visualizacion":null,"estado_destacado":null,"niveles_destacados":null,"url_del_enlace":null,"banner_destacado":null,"posicion_visualizacion_de_la_noticia":"01","estado_noticia":["Visible"],"fecha_de_inicio_de_visualizacion_del_tutorial":null,"hora_inicio_visualizacion_tutorial":null,"minutos_inicio_visualizacion_tutorial":null,"fecha_de_final_de_visualizacion_del_tutorial":null,"hora_final_visualizacion_tutorial":null,"minutos_final_visualizacion_tutorial":null,"numero_de_veces_visto":null,"numero_de_veces_total":null,"niveles_tutorial":null,"tutorial_recursos_castellano":null,"tutorial_recursos_catalan":null,"dias_disponibles":null,"dias_de_la_semana":null,"dias_del_mes":null,"other_lang_post_id":null,"lang":"ca","campanya_descripcion":null,"campanya_fecha_inicio":null,"campanya_fecha_fin":null,"campanya_legales":null,"campanya_imagen":null,"campanya_characteristics":null,"campanya_url":null,"campanya_posicion_visualizacion":null,"campanya_estado":null,"_links":{"self":[{"href":"https:\/\/www.ametllerorigenwp.com\/ca\/wp-json\/wp\/v2\/posts\/12419","targetHints":{"allow":["GET"]}}],"collection":[{"href":"https:\/\/www.ametllerorigenwp.com\/ca\/wp-json\/wp\/v2\/posts"}],"about":[{"href":"https:\/\/www.ametllerorigenwp.com\/ca\/wp-json\/wp\/v2\/types\/post"}],"author":[{"embeddable":true,"href":"https:\/\/www.ametllerorigenwp.com\/ca\/wp-json\/wp\/v2\/users\/5"}],"replies":[{"embeddable":true,"href":"https:\/\/www.ametllerorigenwp.com\/ca\/wp-json\/wp\/v2\/comments?post=12419"}],"version-history":[{"count":2,"href":"https:\/\/www.ametllerorigenwp.com\/ca\/wp-json\/wp\/v2\/posts\/12419\/revisions"}],"predecessor-version":[{"id":12573,"href":"https:\/\/www.ametllerorigenwp.com\/ca\/wp-json\/wp\/v2\/posts\/12419\/revisions\/12573"}],"wp:featuredmedia":[{"embeddable":true,"href":"https:\/\/www.ametllerorigenwp.com\/ca\/wp-json\/wp\/v2\/media\/12420"}],"wp:attachment":[{"href":"https:\/\/www.ametllerorigenwp.com\/ca\/wp-json\/wp\/v2\/media?parent=12419"}],"wp:term":[{"taxonomy":"category","embeddable":true,"href":"https:\/\/www.ametllerorigenwp.com\/ca\/wp-json\/wp\/v2\/categories?post=12419"},{"taxonomy":"post_tag","embeddable":true,"href":"https:\/\/www.ametllerorigenwp.com\/ca\/wp-json\/wp\/v2\/tags?post=12419"}],"curies":[{"name":"wp","href":"https:\/\/api.w.org\/{rel}","templated":true}]}}