{"id":12423,"date":"2024-08-19T01:00:18","date_gmt":"2024-08-19T01:00:18","guid":{"rendered":"https:\/\/www.ametllerorigenwp.com\/?p=12423"},"modified":"2024-08-13T23:16:51","modified_gmt":"2024-08-13T23:16:51","slug":"prepara-aquestes-torrades-de-figues-i-camembert-i-sorpren-els-teus-convidats","status":"publish","type":"post","link":"https:\/\/www.ametllerorigenwp.com\/ca\/prepara-aquestes-torrades-de-figues-i-camembert-i-sorpren-els-teus-convidats\/","title":{"rendered":"Prepara aquestes torrades de figues i camembert i sorpr\u00e8n els teus convidats"},"content":{"rendered":"<p><strong>Vols declarar-te com a millor amfitri\u00f3? Prepara aquestes torrades de figues i camembert que et proposem i ho aconseguir\u00e0s a l\u2019instant:\u00a0<\/strong><\/p>\n<p><strong>Ingredients<\/strong>:<\/p>\n<ul>\n<li>4 llesques de pa<\/li>\n<li>8 figues<\/li>\n<li>8 maduixes<\/li>\n<li>Camembert<\/li>\n<li>80 g de pernil ib\u00e8ric<\/li>\n<li>1 grapat de ruca<\/li>\n<li>2 c. soperes de festucs pelats<\/li>\n<li>2 c. soperes de mel<\/li>\n<\/ul>\n<p><strong>Elaboraci\u00f3<\/strong>:<\/p>\n<ol>\n<li>Torra les llesques de pa.<\/li>\n<li>Renta i talla les figues i les maduixes a quarts i talla el camembert en l\u00e0mines.<\/li>\n<li>Posa el formatge sobre les torrades i gratina-ho fins que es fongui. Un cop llest, afegeix les figues, les maduixes, el pernil, els brots de ruca, els festucs i la mel.<\/li>\n<\/ol>\n<p>*Pots substituir el formatge camembert per formatge fresc a la planxa, formatge crema o brie.<\/p>\n","protected":false},"excerpt":{"rendered":"<p>Vols declarar-te com a millor amfitri\u00f3? Prepara aquestes torrades de figues i camembert que et proposem i ho aconseguir\u00e0s a l\u2019instant:\u00a0 Ingredients: 4 llesques de pa 8 figues 8 maduixes Camembert 80 g de pernil ib\u00e8ric 1 grapat de ruca 2 c. soperes de festucs pelats 2 c. soperes de mel Elaboraci\u00f3: Torra les llesques &hellip; <a href=\"https:\/\/www.ametllerorigenwp.com\/ca\/prepara-aquestes-torrades-de-figues-i-camembert-i-sorpren-els-teus-convidats\/\" class=\"more-link\">Continua llegint <span class=\"screen-reader-text\">\u00abPrepara aquestes torrades de figues i camembert i sorpr\u00e8n els teus convidats\u00bb<\/span><\/a><\/p>\n","protected":false},"author":5,"featured_media":12424,"comment_status":"closed","ping_status":"closed","sticky":false,"template":"","format":"standard","meta":{"_uag_custom_page_level_css":"","advgb_blocks_editor_width":"","advgb_blocks_columns_visual_guide":"","footnotes":""},"categories":[2],"tags":[],"class_list":["post-12423","post","type-post","status-publish","format-standard","has-post-thumbnail","hentry","category-noticies"],"author_meta":{"display_name":"Mireia Zaragoza","author_link":"https:\/\/www.ametllerorigenwp.com\/ca\/author\/mzaragoza\/"},"featured_img":"https:\/\/www.ametllerorigenwp.com\/wp-content\/uploads\/2024\/08\/Proyecto-nuevo-6-300x102.jpg","uagb_featured_image_src":{"full":["https:\/\/www.ametllerorigenwp.com\/wp-content\/uploads\/2024\/08\/Proyecto-nuevo-6.jpg",1000,340,false],"thumbnail":["https:\/\/www.ametllerorigenwp.com\/wp-content\/uploads\/2024\/08\/Proyecto-nuevo-6-150x150.jpg",150,150,true],"medium":["https:\/\/www.ametllerorigenwp.com\/wp-content\/uploads\/2024\/08\/Proyecto-nuevo-6-300x102.jpg",300,102,true],"medium_large":["https:\/\/www.ametllerorigenwp.com\/wp-content\/uploads\/2024\/08\/Proyecto-nuevo-6-768x261.jpg",768,261,true],"large":["https:\/\/www.ametllerorigenwp.com\/wp-content\/uploads\/2024\/08\/Proyecto-nuevo-6.jpg",840,286,false],"1536x1536":["https:\/\/www.ametllerorigenwp.com\/wp-content\/uploads\/2024\/08\/Proyecto-nuevo-6.jpg",1000,340,false],"2048x2048":["https:\/\/www.ametllerorigenwp.com\/wp-content\/uploads\/2024\/08\/Proyecto-nuevo-6.jpg",1000,340,false],"post-thumbnail":["https:\/\/www.ametllerorigenwp.com\/wp-content\/uploads\/2024\/08\/Proyecto-nuevo-6.jpg",1000,340,false]},"uagb_author_info":{"display_name":"Mireia Zaragoza","author_link":"https:\/\/www.ametllerorigenwp.com\/ca\/author\/mzaragoza\/"},"uagb_comment_info":0,"uagb_excerpt":"Vols declarar-te com a millor amfitri\u00f3? Prepara aquestes torrades de figues i camembert que et proposem i ho aconseguir\u00e0s a l\u2019instant:\u00a0 Ingredients: 4 llesques de pa 8 figues 8 maduixes Camembert 80 g de pernil ib\u00e8ric 1 grapat de ruca 2 c. soperes de festucs pelats 2 c. soperes de mel Elaboraci\u00f3: Torra les llesques&hellip;","coauthors":[],"tax_additional":{"categories":{"linked":["<a href=\"https:\/\/www.ametllerorigenwp.com\/ca\/category\/noticies\/\" class=\"advgb-post-tax-term\">Noticies<\/a>"],"unlinked":["<span class=\"advgb-post-tax-term\">Noticies<\/span>"]}},"comment_count":"0","relative_dates":{"created":"Posted 2 anys ago","modified":"Updated 2 anys ago"},"absolute_dates":{"created":"Posted on 19 d'agost de 2024","modified":"Updated on 13 d'agost de 2024"},"absolute_dates_time":{"created":"Posted on 19 d'agost de 2024 01:00","modified":"Updated on 13 d'agost de 2024 23:16"},"featured_img_caption":"","series_order":"","show_in_app":true,"fecha_inicio_destacado":null,"hora_inicio_visualizacion":null,"minutos_inicio_visualizacion":null,"fecha_final_destacado":null,"hora_final_visualizacion":null,"minutos_final_visualizacion":null,"posicion_visualizacion":null,"estado_destacado":null,"niveles_destacados":null,"url_del_enlace":null,"banner_destacado":null,"posicion_visualizacion_de_la_noticia":"01","estado_noticia":["Visible"],"fecha_de_inicio_de_visualizacion_del_tutorial":null,"hora_inicio_visualizacion_tutorial":null,"minutos_inicio_visualizacion_tutorial":null,"fecha_de_final_de_visualizacion_del_tutorial":null,"hora_final_visualizacion_tutorial":null,"minutos_final_visualizacion_tutorial":null,"numero_de_veces_visto":null,"numero_de_veces_total":null,"niveles_tutorial":null,"tutorial_recursos_castellano":null,"tutorial_recursos_catalan":null,"dias_disponibles":null,"dias_de_la_semana":null,"dias_del_mes":null,"other_lang_post_id":null,"lang":"ca","campanya_descripcion":null,"campanya_fecha_inicio":null,"campanya_fecha_fin":null,"campanya_legales":null,"campanya_imagen":null,"campanya_characteristics":null,"campanya_url":null,"campanya_posicion_visualizacion":null,"campanya_estado":null,"_links":{"self":[{"href":"https:\/\/www.ametllerorigenwp.com\/ca\/wp-json\/wp\/v2\/posts\/12423","targetHints":{"allow":["GET"]}}],"collection":[{"href":"https:\/\/www.ametllerorigenwp.com\/ca\/wp-json\/wp\/v2\/posts"}],"about":[{"href":"https:\/\/www.ametllerorigenwp.com\/ca\/wp-json\/wp\/v2\/types\/post"}],"author":[{"embeddable":true,"href":"https:\/\/www.ametllerorigenwp.com\/ca\/wp-json\/wp\/v2\/users\/5"}],"replies":[{"embeddable":true,"href":"https:\/\/www.ametllerorigenwp.com\/ca\/wp-json\/wp\/v2\/comments?post=12423"}],"version-history":[{"count":2,"href":"https:\/\/www.ametllerorigenwp.com\/ca\/wp-json\/wp\/v2\/posts\/12423\/revisions"}],"predecessor-version":[{"id":12574,"href":"https:\/\/www.ametllerorigenwp.com\/ca\/wp-json\/wp\/v2\/posts\/12423\/revisions\/12574"}],"wp:featuredmedia":[{"embeddable":true,"href":"https:\/\/www.ametllerorigenwp.com\/ca\/wp-json\/wp\/v2\/media\/12424"}],"wp:attachment":[{"href":"https:\/\/www.ametllerorigenwp.com\/ca\/wp-json\/wp\/v2\/media?parent=12423"}],"wp:term":[{"taxonomy":"category","embeddable":true,"href":"https:\/\/www.ametllerorigenwp.com\/ca\/wp-json\/wp\/v2\/categories?post=12423"},{"taxonomy":"post_tag","embeddable":true,"href":"https:\/\/www.ametllerorigenwp.com\/ca\/wp-json\/wp\/v2\/tags?post=12423"}],"curies":[{"name":"wp","href":"https:\/\/api.w.org\/{rel}","templated":true}]}}