{"id":12467,"date":"2024-09-03T01:00:35","date_gmt":"2024-09-03T01:00:35","guid":{"rendered":"https:\/\/www.ametllerorigenwp.com\/?p=12467"},"modified":"2024-08-13T23:21:42","modified_gmt":"2024-08-13T23:21:42","slug":"prepara-lagenda-amb-els-nous-tallers-de-setembre","status":"publish","type":"post","link":"https:\/\/www.ametllerorigenwp.com\/ca\/prepara-lagenda-amb-els-nous-tallers-de-setembre\/","title":{"rendered":"Prepara l\u2019agenda amb els nous tallers de setembre"},"content":{"rendered":"<p>Tornar a la rutina pot ser complicat, per\u00f2 nosaltres t\u2019ho posem f\u00e0cil per assegurar-te tardes plenes de diversi\u00f3 i entreteniment! Consulta el\u00a0<a href=\"https:\/\/tallers.ametllerorigen.com\/\">calendari<\/a>\u00a0i gaudeix del taller de\u00a0<strong>carmanyoles saludables per la feina amb la instagramer @albitrips<\/strong>\u00a0i el taller de\u00a0<strong>t\u00e0rtar de carn amb el carn\u00f2leg Sebas<\/strong>.<\/p>\n<p>Tanmateix, si el que busques s\u00f3n tasts i maridatges, et proposem gaudir del <strong>maridatge de vins i caves amb ib\u00e8rics i del maridatge de vins i caves amb formatges amb el sommelier Xavier Bassa<\/strong>. I aix\u00f2 no \u00e9s tot: pels amants de la xocolata tamb\u00e9 hem organitzat una\u00a0<strong>degustaci\u00f3 de la m\u00e0 de Sim\u00f3n Coll<\/strong>.<\/p>\n<p>Apunta\u2019t!<\/p>\n","protected":false},"excerpt":{"rendered":"<p>Tornar a la rutina pot ser complicat, per\u00f2 nosaltres t\u2019ho posem f\u00e0cil per assegurar-te tardes plenes de diversi\u00f3 i entreteniment! Consulta el\u00a0calendari\u00a0i gaudeix del taller de\u00a0carmanyoles saludables per la feina amb la instagramer @albitrips\u00a0i el taller de\u00a0t\u00e0rtar de carn amb el carn\u00f2leg Sebas. Tanmateix, si el que busques s\u00f3n tasts i maridatges, et proposem gaudir &hellip; <a href=\"https:\/\/www.ametllerorigenwp.com\/ca\/prepara-lagenda-amb-els-nous-tallers-de-setembre\/\" class=\"more-link\">Continua llegint <span class=\"screen-reader-text\">\u00abPrepara l\u2019agenda amb els nous tallers de setembre\u00bb<\/span><\/a><\/p>\n","protected":false},"author":5,"featured_media":12468,"comment_status":"closed","ping_status":"closed","sticky":false,"template":"","format":"standard","meta":{"_uag_custom_page_level_css":"","advgb_blocks_editor_width":"","advgb_blocks_columns_visual_guide":"","footnotes":""},"categories":[2],"tags":[],"class_list":["post-12467","post","type-post","status-publish","format-standard","has-post-thumbnail","hentry","category-noticies"],"author_meta":{"display_name":"Mireia Zaragoza","author_link":"https:\/\/www.ametllerorigenwp.com\/ca\/author\/mzaragoza\/"},"featured_img":"https:\/\/www.ametllerorigenwp.com\/wp-content\/uploads\/2024\/08\/COMMS_FOTO_APP_TALLERS_SETEMBRE-1-300x102.jpeg","uagb_featured_image_src":{"full":["https:\/\/www.ametllerorigenwp.com\/wp-content\/uploads\/2024\/08\/COMMS_FOTO_APP_TALLERS_SETEMBRE-1.jpeg",1000,340,false],"thumbnail":["https:\/\/www.ametllerorigenwp.com\/wp-content\/uploads\/2024\/08\/COMMS_FOTO_APP_TALLERS_SETEMBRE-1-150x150.jpeg",150,150,true],"medium":["https:\/\/www.ametllerorigenwp.com\/wp-content\/uploads\/2024\/08\/COMMS_FOTO_APP_TALLERS_SETEMBRE-1-300x102.jpeg",300,102,true],"medium_large":["https:\/\/www.ametllerorigenwp.com\/wp-content\/uploads\/2024\/08\/COMMS_FOTO_APP_TALLERS_SETEMBRE-1-768x261.jpeg",768,261,true],"large":["https:\/\/www.ametllerorigenwp.com\/wp-content\/uploads\/2024\/08\/COMMS_FOTO_APP_TALLERS_SETEMBRE-1.jpeg",840,286,false],"1536x1536":["https:\/\/www.ametllerorigenwp.com\/wp-content\/uploads\/2024\/08\/COMMS_FOTO_APP_TALLERS_SETEMBRE-1.jpeg",1000,340,false],"2048x2048":["https:\/\/www.ametllerorigenwp.com\/wp-content\/uploads\/2024\/08\/COMMS_FOTO_APP_TALLERS_SETEMBRE-1.jpeg",1000,340,false],"post-thumbnail":["https:\/\/www.ametllerorigenwp.com\/wp-content\/uploads\/2024\/08\/COMMS_FOTO_APP_TALLERS_SETEMBRE-1.jpeg",1000,340,false]},"uagb_author_info":{"display_name":"Mireia Zaragoza","author_link":"https:\/\/www.ametllerorigenwp.com\/ca\/author\/mzaragoza\/"},"uagb_comment_info":0,"uagb_excerpt":"Tornar a la rutina pot ser complicat, per\u00f2 nosaltres t\u2019ho posem f\u00e0cil per assegurar-te tardes plenes de diversi\u00f3 i entreteniment! Consulta el\u00a0calendari\u00a0i gaudeix del taller de\u00a0carmanyoles saludables per la feina amb la instagramer @albitrips\u00a0i el taller de\u00a0t\u00e0rtar de carn amb el carn\u00f2leg Sebas. Tanmateix, si el que busques s\u00f3n tasts i maridatges, et proposem gaudir&hellip;","coauthors":[],"tax_additional":{"categories":{"linked":["<a href=\"https:\/\/www.ametllerorigenwp.com\/ca\/category\/noticies\/\" class=\"advgb-post-tax-term\">Noticies<\/a>"],"unlinked":["<span class=\"advgb-post-tax-term\">Noticies<\/span>"]}},"comment_count":"0","relative_dates":{"created":"Posted 2 anys ago","modified":"Updated 2 anys ago"},"absolute_dates":{"created":"Posted on 3 de setembre de 2024","modified":"Updated on 13 d'agost de 2024"},"absolute_dates_time":{"created":"Posted on 3 de setembre de 2024 01:00","modified":"Updated on 13 d'agost de 2024 23:21"},"featured_img_caption":"","series_order":"","show_in_app":true,"fecha_inicio_destacado":null,"hora_inicio_visualizacion":null,"minutos_inicio_visualizacion":null,"fecha_final_destacado":null,"hora_final_visualizacion":null,"minutos_final_visualizacion":null,"posicion_visualizacion":null,"estado_destacado":null,"niveles_destacados":null,"url_del_enlace":null,"banner_destacado":null,"posicion_visualizacion_de_la_noticia":"01","estado_noticia":["Visible"],"fecha_de_inicio_de_visualizacion_del_tutorial":null,"hora_inicio_visualizacion_tutorial":null,"minutos_inicio_visualizacion_tutorial":null,"fecha_de_final_de_visualizacion_del_tutorial":null,"hora_final_visualizacion_tutorial":null,"minutos_final_visualizacion_tutorial":null,"numero_de_veces_visto":null,"numero_de_veces_total":null,"niveles_tutorial":null,"tutorial_recursos_castellano":null,"tutorial_recursos_catalan":null,"dias_disponibles":null,"dias_de_la_semana":null,"dias_del_mes":null,"other_lang_post_id":null,"lang":"ca","campanya_descripcion":null,"campanya_fecha_inicio":null,"campanya_fecha_fin":null,"campanya_legales":null,"campanya_imagen":null,"campanya_characteristics":null,"campanya_url":null,"campanya_posicion_visualizacion":null,"campanya_estado":null,"_links":{"self":[{"href":"https:\/\/www.ametllerorigenwp.com\/ca\/wp-json\/wp\/v2\/posts\/12467","targetHints":{"allow":["GET"]}}],"collection":[{"href":"https:\/\/www.ametllerorigenwp.com\/ca\/wp-json\/wp\/v2\/posts"}],"about":[{"href":"https:\/\/www.ametllerorigenwp.com\/ca\/wp-json\/wp\/v2\/types\/post"}],"author":[{"embeddable":true,"href":"https:\/\/www.ametllerorigenwp.com\/ca\/wp-json\/wp\/v2\/users\/5"}],"replies":[{"embeddable":true,"href":"https:\/\/www.ametllerorigenwp.com\/ca\/wp-json\/wp\/v2\/comments?post=12467"}],"version-history":[{"count":2,"href":"https:\/\/www.ametllerorigenwp.com\/ca\/wp-json\/wp\/v2\/posts\/12467\/revisions"}],"predecessor-version":[{"id":12580,"href":"https:\/\/www.ametllerorigenwp.com\/ca\/wp-json\/wp\/v2\/posts\/12467\/revisions\/12580"}],"wp:featuredmedia":[{"embeddable":true,"href":"https:\/\/www.ametllerorigenwp.com\/ca\/wp-json\/wp\/v2\/media\/12468"}],"wp:attachment":[{"href":"https:\/\/www.ametllerorigenwp.com\/ca\/wp-json\/wp\/v2\/media?parent=12467"}],"wp:term":[{"taxonomy":"category","embeddable":true,"href":"https:\/\/www.ametllerorigenwp.com\/ca\/wp-json\/wp\/v2\/categories?post=12467"},{"taxonomy":"post_tag","embeddable":true,"href":"https:\/\/www.ametllerorigenwp.com\/ca\/wp-json\/wp\/v2\/tags?post=12467"}],"curies":[{"name":"wp","href":"https:\/\/api.w.org\/{rel}","templated":true}]}}