{"id":1247,"date":"2021-03-17T07:13:52","date_gmt":"2021-03-17T07:13:52","guid":{"rendered":"https:\/\/www.ametllerorigenwp.com\/?p=1247"},"modified":"2021-03-17T07:13:54","modified_gmt":"2021-03-17T07:13:54","slug":"taller-online-alimentacio-saludable-en-letapa-escolar","status":"publish","type":"post","link":"https:\/\/www.ametllerorigenwp.com\/ca\/taller-online-alimentacio-saludable-en-letapa-escolar\/","title":{"rendered":"Taller online: alimentaci\u00f3 saludable en l\u2019etapa escolar"},"content":{"rendered":"\n<p>Quantes racions de llegums han de menjar els infants a la setmana? Quin \u00e9s el millor snack saludable per esmorzar o berenar? Quantes peces de fruita han de menjar al dia?<\/p>\n\n\n\n<p>De la m\u00e0 de la <strong>Dra. Eul\u00e0lia Vidal<\/strong>, t\u2019ajudem a <strong>resoldre aquesta i altres q\u00fcestions relacionades amb l\u2019alimentaci\u00f3 dels nens i nenes durant l\u2019etapa escolar<\/strong>.<\/p>\n\n\n\n<p>Ja tens disponible, en format online, <strong>el taller Menjar saludable en l&#8217;etapa escolar<\/strong>:<br><a href=\"https:\/\/www.femcami.org\/ca\/escola-del-bon-menjar\" target=\"_blank\" rel=\"noreferrer noopener\">https:\/\/www.femcami.org\/ca\/escola-del-bon-menjar<\/a><\/p>\n\n\n\n<p>Avancem junts cap al m\u00f3n on volem viure!<\/p>\n","protected":false},"excerpt":{"rendered":"<p>Quantes racions de llegums han de menjar els infants a la setmana? Quin \u00e9s el millor snack saludable per esmorzar o berenar? Quantes peces de fruita han de menjar al dia? De la m\u00e0 de la Dra. Eul\u00e0lia Vidal, t\u2019ajudem a resoldre aquesta i altres q\u00fcestions relacionades amb l\u2019alimentaci\u00f3 dels nens i nenes durant l\u2019etapa &hellip; <a href=\"https:\/\/www.ametllerorigenwp.com\/ca\/taller-online-alimentacio-saludable-en-letapa-escolar\/\" class=\"more-link\">Continua llegint <span class=\"screen-reader-text\">\u00abTaller online: alimentaci\u00f3 saludable en l\u2019etapa escolar\u00bb<\/span><\/a><\/p>\n","protected":false},"author":5,"featured_media":1248,"comment_status":"open","ping_status":"open","sticky":false,"template":"","format":"standard","meta":{"_uag_custom_page_level_css":"","advgb_blocks_editor_width":"","advgb_blocks_columns_visual_guide":"","footnotes":""},"categories":[2],"tags":[],"class_list":["post-1247","post","type-post","status-publish","format-standard","has-post-thumbnail","hentry","category-noticies"],"author_meta":{"display_name":"Mireia Zaragoza","author_link":"https:\/\/www.ametllerorigenwp.com\/ca\/author\/mzaragoza\/"},"featured_img":"https:\/\/www.ametllerorigenwp.com\/wp-content\/uploads\/2021\/03\/webinar-eulalia-300x200.jpg","uagb_featured_image_src":{"full":["https:\/\/www.ametllerorigenwp.com\/wp-content\/uploads\/2021\/03\/webinar-eulalia.jpg",1620,1080,false],"thumbnail":["https:\/\/www.ametllerorigenwp.com\/wp-content\/uploads\/2021\/03\/webinar-eulalia-150x150.jpg",150,150,true],"medium":["https:\/\/www.ametllerorigenwp.com\/wp-content\/uploads\/2021\/03\/webinar-eulalia-300x200.jpg",300,200,true],"medium_large":["https:\/\/www.ametllerorigenwp.com\/wp-content\/uploads\/2021\/03\/webinar-eulalia-768x512.jpg",768,512,true],"large":["https:\/\/www.ametllerorigenwp.com\/wp-content\/uploads\/2021\/03\/webinar-eulalia-1024x683.jpg",840,560,true],"1536x1536":["https:\/\/www.ametllerorigenwp.com\/wp-content\/uploads\/2021\/03\/webinar-eulalia-1536x1024.jpg",1536,1024,true],"2048x2048":["https:\/\/www.ametllerorigenwp.com\/wp-content\/uploads\/2021\/03\/webinar-eulalia.jpg",1620,1080,false],"post-thumbnail":["https:\/\/www.ametllerorigenwp.com\/wp-content\/uploads\/2021\/03\/webinar-eulalia-1200x800.jpg",1200,800,true]},"uagb_author_info":{"display_name":"Mireia Zaragoza","author_link":"https:\/\/www.ametllerorigenwp.com\/ca\/author\/mzaragoza\/"},"uagb_comment_info":0,"uagb_excerpt":"Quantes racions de llegums han de menjar els infants a la setmana? Quin \u00e9s el millor snack saludable per esmorzar o berenar? Quantes peces de fruita han de menjar al dia? De la m\u00e0 de la Dra. Eul\u00e0lia Vidal, t\u2019ajudem a resoldre aquesta i altres q\u00fcestions relacionades amb l\u2019alimentaci\u00f3 dels nens i nenes durant l\u2019etapa&hellip;","coauthors":[],"tax_additional":{"categories":{"linked":["<a href=\"https:\/\/www.ametllerorigenwp.com\/ca\/category\/noticies\/\" class=\"advgb-post-tax-term\">Noticies<\/a>"],"unlinked":["<span class=\"advgb-post-tax-term\">Noticies<\/span>"]}},"comment_count":"0","relative_dates":{"created":"Posted 5 anys ago","modified":"Updated 5 anys ago"},"absolute_dates":{"created":"Posted on 17 de mar\u00e7 de 2021","modified":"Updated on 17 de mar\u00e7 de 2021"},"absolute_dates_time":{"created":"Posted on 17 de mar\u00e7 de 2021 07:13","modified":"Updated on 17 de mar\u00e7 de 2021 07:13"},"featured_img_caption":"","series_order":"","show_in_app":true,"fecha_inicio_destacado":null,"hora_inicio_visualizacion":null,"minutos_inicio_visualizacion":null,"fecha_final_destacado":null,"hora_final_visualizacion":null,"minutos_final_visualizacion":null,"posicion_visualizacion":null,"estado_destacado":null,"niveles_destacados":null,"url_del_enlace":null,"banner_destacado":null,"posicion_visualizacion_de_la_noticia":null,"estado_noticia":null,"fecha_de_inicio_de_visualizacion_del_tutorial":null,"hora_inicio_visualizacion_tutorial":null,"minutos_inicio_visualizacion_tutorial":null,"fecha_de_final_de_visualizacion_del_tutorial":null,"hora_final_visualizacion_tutorial":null,"minutos_final_visualizacion_tutorial":null,"numero_de_veces_visto":null,"numero_de_veces_total":null,"niveles_tutorial":null,"tutorial_recursos_castellano":null,"tutorial_recursos_catalan":null,"dias_disponibles":null,"dias_de_la_semana":null,"dias_del_mes":null,"other_lang_post_id":null,"lang":"ca","campanya_descripcion":null,"campanya_fecha_inicio":null,"campanya_fecha_fin":null,"campanya_legales":null,"campanya_imagen":null,"campanya_characteristics":null,"campanya_url":null,"campanya_posicion_visualizacion":null,"campanya_estado":null,"_links":{"self":[{"href":"https:\/\/www.ametllerorigenwp.com\/ca\/wp-json\/wp\/v2\/posts\/1247","targetHints":{"allow":["GET"]}}],"collection":[{"href":"https:\/\/www.ametllerorigenwp.com\/ca\/wp-json\/wp\/v2\/posts"}],"about":[{"href":"https:\/\/www.ametllerorigenwp.com\/ca\/wp-json\/wp\/v2\/types\/post"}],"author":[{"embeddable":true,"href":"https:\/\/www.ametllerorigenwp.com\/ca\/wp-json\/wp\/v2\/users\/5"}],"replies":[{"embeddable":true,"href":"https:\/\/www.ametllerorigenwp.com\/ca\/wp-json\/wp\/v2\/comments?post=1247"}],"version-history":[{"count":1,"href":"https:\/\/www.ametllerorigenwp.com\/ca\/wp-json\/wp\/v2\/posts\/1247\/revisions"}],"predecessor-version":[{"id":1250,"href":"https:\/\/www.ametllerorigenwp.com\/ca\/wp-json\/wp\/v2\/posts\/1247\/revisions\/1250"}],"wp:featuredmedia":[{"embeddable":true,"href":"https:\/\/www.ametllerorigenwp.com\/ca\/wp-json\/wp\/v2\/media\/1248"}],"wp:attachment":[{"href":"https:\/\/www.ametllerorigenwp.com\/ca\/wp-json\/wp\/v2\/media?parent=1247"}],"wp:term":[{"taxonomy":"category","embeddable":true,"href":"https:\/\/www.ametllerorigenwp.com\/ca\/wp-json\/wp\/v2\/categories?post=1247"},{"taxonomy":"post_tag","embeddable":true,"href":"https:\/\/www.ametllerorigenwp.com\/ca\/wp-json\/wp\/v2\/tags?post=1247"}],"curies":[{"name":"wp","href":"https:\/\/api.w.org\/{rel}","templated":true}]}}