{"id":12487,"date":"2024-09-09T01:00:30","date_gmt":"2024-09-09T01:00:30","guid":{"rendered":"https:\/\/www.ametllerorigenwp.com\/?p=12487"},"modified":"2024-08-02T13:26:00","modified_gmt":"2024-08-02T13:26:00","slug":"repren-els-habits-saludables-amb-el-nostre-menu-setmanal","status":"publish","type":"post","link":"https:\/\/www.ametllerorigenwp.com\/ca\/repren-els-habits-saludables-amb-el-nostre-menu-setmanal\/","title":{"rendered":"Repr\u00e8n els h\u00e0bits saludables amb el nostre men\u00fa setmanal"},"content":{"rendered":"<p class=\"p1\"><span class=\"s1\"><b>Per ajudar-te a qu\u00e8 la tornada a la rutina sigui m\u00e9s f\u00e0cil <\/b>i que segueixis un estil de vida saludable,<b> cada setmana et proposem un men\u00fa setmanal perqu\u00e8 segueixis una alimentaci\u00f3 variada, saborosa, sostenible i de temporada. <\/b><\/span><\/p>\n<p class=\"p1\"><span class=\"s1\">Elaborat pel <b>nostre equip de nutricionistes, liderat per la Dra. Eul\u00e0lia Vidal, i seguint les recomanacions de l\u2019Ag\u00e8ncia de Salut P\u00fablica de Catalunya (ASPCAT), cada dilluns trobar\u00e0s una proposta de men\u00fa complet, en funci\u00f3 de si segueixes una dieta omn\u00edvora, vegetariana o ovol\u00e0ctea<\/b>. <\/span><\/p>\n<p class=\"p1\"><span class=\"s1\">No et perdis el nostre <a href=\"https:\/\/corp.ametllerorigen.com\/menu-setmanal\/\"><span class=\"s2\">men\u00fa setmanal<\/span><\/a>!<\/span><\/p>\n","protected":false},"excerpt":{"rendered":"<p>Per ajudar-te a qu\u00e8 la tornada a la rutina sigui m\u00e9s f\u00e0cil i que segueixis un estil de vida saludable, cada setmana et proposem un men\u00fa setmanal perqu\u00e8 segueixis una alimentaci\u00f3 variada, saborosa, sostenible i de temporada. Elaborat pel nostre equip de nutricionistes, liderat per la Dra. Eul\u00e0lia Vidal, i seguint les recomanacions de l\u2019Ag\u00e8ncia &hellip; <a href=\"https:\/\/www.ametllerorigenwp.com\/ca\/repren-els-habits-saludables-amb-el-nostre-menu-setmanal\/\" class=\"more-link\">Continua llegint <span class=\"screen-reader-text\">\u00abRepr\u00e8n els h\u00e0bits saludables amb el nostre men\u00fa setmanal\u00bb<\/span><\/a><\/p>\n","protected":false},"author":5,"featured_media":12488,"comment_status":"closed","ping_status":"closed","sticky":false,"template":"","format":"standard","meta":{"_uag_custom_page_level_css":"","advgb_blocks_editor_width":"","advgb_blocks_columns_visual_guide":"","footnotes":""},"categories":[2],"tags":[],"class_list":["post-12487","post","type-post","status-publish","format-standard","has-post-thumbnail","hentry","category-noticies"],"author_meta":{"display_name":"Mireia Zaragoza","author_link":"https:\/\/www.ametllerorigenwp.com\/ca\/author\/mzaragoza\/"},"featured_img":"https:\/\/www.ametllerorigenwp.com\/wp-content\/uploads\/2024\/08\/IM_APP_MENU_SETMANAL-300x102.jpeg","uagb_featured_image_src":{"full":["https:\/\/www.ametllerorigenwp.com\/wp-content\/uploads\/2024\/08\/IM_APP_MENU_SETMANAL.jpeg",1000,340,false],"thumbnail":["https:\/\/www.ametllerorigenwp.com\/wp-content\/uploads\/2024\/08\/IM_APP_MENU_SETMANAL-150x150.jpeg",150,150,true],"medium":["https:\/\/www.ametllerorigenwp.com\/wp-content\/uploads\/2024\/08\/IM_APP_MENU_SETMANAL-300x102.jpeg",300,102,true],"medium_large":["https:\/\/www.ametllerorigenwp.com\/wp-content\/uploads\/2024\/08\/IM_APP_MENU_SETMANAL-768x261.jpeg",768,261,true],"large":["https:\/\/www.ametllerorigenwp.com\/wp-content\/uploads\/2024\/08\/IM_APP_MENU_SETMANAL.jpeg",840,286,false],"1536x1536":["https:\/\/www.ametllerorigenwp.com\/wp-content\/uploads\/2024\/08\/IM_APP_MENU_SETMANAL.jpeg",1000,340,false],"2048x2048":["https:\/\/www.ametllerorigenwp.com\/wp-content\/uploads\/2024\/08\/IM_APP_MENU_SETMANAL.jpeg",1000,340,false],"post-thumbnail":["https:\/\/www.ametllerorigenwp.com\/wp-content\/uploads\/2024\/08\/IM_APP_MENU_SETMANAL.jpeg",1000,340,false]},"uagb_author_info":{"display_name":"Mireia Zaragoza","author_link":"https:\/\/www.ametllerorigenwp.com\/ca\/author\/mzaragoza\/"},"uagb_comment_info":0,"uagb_excerpt":"Per ajudar-te a qu\u00e8 la tornada a la rutina sigui m\u00e9s f\u00e0cil i que segueixis un estil de vida saludable, cada setmana et proposem un men\u00fa setmanal perqu\u00e8 segueixis una alimentaci\u00f3 variada, saborosa, sostenible i de temporada. Elaborat pel nostre equip de nutricionistes, liderat per la Dra. Eul\u00e0lia Vidal, i seguint les recomanacions de l\u2019Ag\u00e8ncia&hellip;","coauthors":[],"tax_additional":{"categories":{"linked":["<a href=\"https:\/\/www.ametllerorigenwp.com\/ca\/category\/noticies\/\" class=\"advgb-post-tax-term\">Noticies<\/a>"],"unlinked":["<span class=\"advgb-post-tax-term\">Noticies<\/span>"]}},"comment_count":"0","relative_dates":{"created":"Posted 2 anys ago","modified":"Updated 2 anys ago"},"absolute_dates":{"created":"Posted on 9 de setembre de 2024","modified":"Updated on 2 d'agost de 2024"},"absolute_dates_time":{"created":"Posted on 9 de setembre de 2024 01:00","modified":"Updated on 2 d'agost de 2024 13:26"},"featured_img_caption":"","series_order":"","show_in_app":true,"fecha_inicio_destacado":null,"hora_inicio_visualizacion":null,"minutos_inicio_visualizacion":null,"fecha_final_destacado":null,"hora_final_visualizacion":null,"minutos_final_visualizacion":null,"posicion_visualizacion":null,"estado_destacado":null,"niveles_destacados":null,"url_del_enlace":null,"banner_destacado":null,"posicion_visualizacion_de_la_noticia":"01","estado_noticia":["Visible"],"fecha_de_inicio_de_visualizacion_del_tutorial":null,"hora_inicio_visualizacion_tutorial":null,"minutos_inicio_visualizacion_tutorial":null,"fecha_de_final_de_visualizacion_del_tutorial":null,"hora_final_visualizacion_tutorial":null,"minutos_final_visualizacion_tutorial":null,"numero_de_veces_visto":null,"numero_de_veces_total":null,"niveles_tutorial":null,"tutorial_recursos_castellano":null,"tutorial_recursos_catalan":null,"dias_disponibles":null,"dias_de_la_semana":null,"dias_del_mes":null,"other_lang_post_id":null,"lang":"ca","campanya_descripcion":null,"campanya_fecha_inicio":null,"campanya_fecha_fin":null,"campanya_legales":null,"campanya_imagen":null,"campanya_characteristics":null,"campanya_url":null,"campanya_posicion_visualizacion":null,"campanya_estado":null,"_links":{"self":[{"href":"https:\/\/www.ametllerorigenwp.com\/ca\/wp-json\/wp\/v2\/posts\/12487","targetHints":{"allow":["GET"]}}],"collection":[{"href":"https:\/\/www.ametllerorigenwp.com\/ca\/wp-json\/wp\/v2\/posts"}],"about":[{"href":"https:\/\/www.ametllerorigenwp.com\/ca\/wp-json\/wp\/v2\/types\/post"}],"author":[{"embeddable":true,"href":"https:\/\/www.ametllerorigenwp.com\/ca\/wp-json\/wp\/v2\/users\/5"}],"replies":[{"embeddable":true,"href":"https:\/\/www.ametllerorigenwp.com\/ca\/wp-json\/wp\/v2\/comments?post=12487"}],"version-history":[{"count":1,"href":"https:\/\/www.ametllerorigenwp.com\/ca\/wp-json\/wp\/v2\/posts\/12487\/revisions"}],"predecessor-version":[{"id":12490,"href":"https:\/\/www.ametllerorigenwp.com\/ca\/wp-json\/wp\/v2\/posts\/12487\/revisions\/12490"}],"wp:featuredmedia":[{"embeddable":true,"href":"https:\/\/www.ametllerorigenwp.com\/ca\/wp-json\/wp\/v2\/media\/12488"}],"wp:attachment":[{"href":"https:\/\/www.ametllerorigenwp.com\/ca\/wp-json\/wp\/v2\/media?parent=12487"}],"wp:term":[{"taxonomy":"category","embeddable":true,"href":"https:\/\/www.ametllerorigenwp.com\/ca\/wp-json\/wp\/v2\/categories?post=12487"},{"taxonomy":"post_tag","embeddable":true,"href":"https:\/\/www.ametllerorigenwp.com\/ca\/wp-json\/wp\/v2\/tags?post=12487"}],"curies":[{"name":"wp","href":"https:\/\/api.w.org\/{rel}","templated":true}]}}