{"id":12528,"date":"2024-08-07T13:03:11","date_gmt":"2024-08-07T13:03:11","guid":{"rendered":"https:\/\/www.ametllerorigenwp.com\/?p=12528"},"modified":"2024-08-07T13:03:11","modified_gmt":"2024-08-07T13:03:11","slug":"23-anys-fent-cami-junts-gracies","status":"publish","type":"post","link":"https:\/\/www.ametllerorigenwp.com\/ca\/23-anys-fent-cami-junts-gracies\/","title":{"rendered":"23 anys fent cam\u00ed junts: gr\u00e0cies!"},"content":{"rendered":"<p><strong>23 anys no s\u00f3n nom\u00e9s una xifra, sin\u00f3 un llarg cam\u00ed on l\u2019esfor\u00e7, la dedicaci\u00f3 i l\u2019inconformisme han estat i segueixen sent els principals ingredients per seguir consolidant la nostra manera \u00fanica de fer, de cultivar, de cuinar i d\u2019entendre la sostenibilitat<\/strong>.<\/p>\n<p><strong>El que va comen\u00e7ar el 3 d\u2019agost de 2001 amb el somni de dos germans, el Josep i el Jordi, de transformar el m\u00f3n venent bledes des d\u2019una petita parada al mercat municipal de Vilafranca, s\u2019ha convertit en una gran aventura compartida amb m\u00e9s d\u20191 mili\u00f3 de clients compromesos. <\/strong><\/p>\n<p>Una fam\u00edlia que va comen\u00e7ar sent petita i que ha anat creixent gr\u00e0cies a tots vosaltres, que amb la vostra confian\u00e7a ens doneu, dia a dia, el motor per seguir treballant amb la mateixa passi\u00f3 i dedicaci\u00f3 que quan els dos germans portaven la compra a casa als primers valents que van confiar en aquest projecte que just comen\u00e7ava.<\/p>\n<p>Gr\u00e0cies a tots per fer-ho possible i per acompanyar-nos en aquest <a href=\"https:\/\/www.instagram.com\/reel\/C-VuUMNto4Q\/?igsh=enppdm5sM3p4emhq\">cam\u00ed<\/a>!<\/p>\n","protected":false},"excerpt":{"rendered":"<p>23 anys no s\u00f3n nom\u00e9s una xifra, sin\u00f3 un llarg cam\u00ed on l\u2019esfor\u00e7, la dedicaci\u00f3 i l\u2019inconformisme han estat i segueixen sent els principals ingredients per seguir consolidant la nostra manera \u00fanica de fer, de cultivar, de cuinar i d\u2019entendre la sostenibilitat. El que va comen\u00e7ar el 3 d\u2019agost de 2001 amb el somni de &hellip; <a href=\"https:\/\/www.ametllerorigenwp.com\/ca\/23-anys-fent-cami-junts-gracies\/\" class=\"more-link\">Continua llegint <span class=\"screen-reader-text\">\u00ab23 anys fent cam\u00ed junts: gr\u00e0cies!\u00bb<\/span><\/a><\/p>\n","protected":false},"author":5,"featured_media":12529,"comment_status":"closed","ping_status":"closed","sticky":false,"template":"","format":"standard","meta":{"_uag_custom_page_level_css":"","advgb_blocks_editor_width":"","advgb_blocks_columns_visual_guide":"","footnotes":""},"categories":[2],"tags":[],"class_list":["post-12528","post","type-post","status-publish","format-standard","has-post-thumbnail","hentry","category-noticies"],"author_meta":{"display_name":"Mireia Zaragoza","author_link":"https:\/\/www.ametllerorigenwp.com\/ca\/author\/mzaragoza\/"},"featured_img":"https:\/\/www.ametllerorigenwp.com\/wp-content\/uploads\/2024\/08\/COMMS_APP_23ANYS-1-300x102.jpg","uagb_featured_image_src":{"full":["https:\/\/www.ametllerorigenwp.com\/wp-content\/uploads\/2024\/08\/COMMS_APP_23ANYS-1.jpg",1000,340,false],"thumbnail":["https:\/\/www.ametllerorigenwp.com\/wp-content\/uploads\/2024\/08\/COMMS_APP_23ANYS-1-150x150.jpg",150,150,true],"medium":["https:\/\/www.ametllerorigenwp.com\/wp-content\/uploads\/2024\/08\/COMMS_APP_23ANYS-1-300x102.jpg",300,102,true],"medium_large":["https:\/\/www.ametllerorigenwp.com\/wp-content\/uploads\/2024\/08\/COMMS_APP_23ANYS-1-768x261.jpg",768,261,true],"large":["https:\/\/www.ametllerorigenwp.com\/wp-content\/uploads\/2024\/08\/COMMS_APP_23ANYS-1.jpg",840,286,false],"1536x1536":["https:\/\/www.ametllerorigenwp.com\/wp-content\/uploads\/2024\/08\/COMMS_APP_23ANYS-1.jpg",1000,340,false],"2048x2048":["https:\/\/www.ametllerorigenwp.com\/wp-content\/uploads\/2024\/08\/COMMS_APP_23ANYS-1.jpg",1000,340,false],"post-thumbnail":["https:\/\/www.ametllerorigenwp.com\/wp-content\/uploads\/2024\/08\/COMMS_APP_23ANYS-1.jpg",1000,340,false]},"uagb_author_info":{"display_name":"Mireia Zaragoza","author_link":"https:\/\/www.ametllerorigenwp.com\/ca\/author\/mzaragoza\/"},"uagb_comment_info":0,"uagb_excerpt":"23 anys no s\u00f3n nom\u00e9s una xifra, sin\u00f3 un llarg cam\u00ed on l\u2019esfor\u00e7, la dedicaci\u00f3 i l\u2019inconformisme han estat i segueixen sent els principals ingredients per seguir consolidant la nostra manera \u00fanica de fer, de cultivar, de cuinar i d\u2019entendre la sostenibilitat. El que va comen\u00e7ar el 3 d\u2019agost de 2001 amb el somni de&hellip;","coauthors":[],"tax_additional":{"categories":{"linked":["<a href=\"https:\/\/www.ametllerorigenwp.com\/ca\/category\/noticies\/\" class=\"advgb-post-tax-term\">Noticies<\/a>"],"unlinked":["<span class=\"advgb-post-tax-term\">Noticies<\/span>"]}},"comment_count":"0","relative_dates":{"created":"Posted 2 anys ago","modified":"Updated 2 anys ago"},"absolute_dates":{"created":"Posted on 7 d'agost de 2024","modified":"Updated on 7 d'agost de 2024"},"absolute_dates_time":{"created":"Posted on 7 d'agost de 2024 13:03","modified":"Updated on 7 d'agost de 2024 13:03"},"featured_img_caption":"","series_order":"","show_in_app":true,"fecha_inicio_destacado":null,"hora_inicio_visualizacion":null,"minutos_inicio_visualizacion":null,"fecha_final_destacado":null,"hora_final_visualizacion":null,"minutos_final_visualizacion":null,"posicion_visualizacion":null,"estado_destacado":null,"niveles_destacados":null,"url_del_enlace":null,"banner_destacado":null,"posicion_visualizacion_de_la_noticia":"01","estado_noticia":["Visible"],"fecha_de_inicio_de_visualizacion_del_tutorial":null,"hora_inicio_visualizacion_tutorial":null,"minutos_inicio_visualizacion_tutorial":null,"fecha_de_final_de_visualizacion_del_tutorial":null,"hora_final_visualizacion_tutorial":null,"minutos_final_visualizacion_tutorial":null,"numero_de_veces_visto":null,"numero_de_veces_total":null,"niveles_tutorial":null,"tutorial_recursos_castellano":null,"tutorial_recursos_catalan":null,"dias_disponibles":null,"dias_de_la_semana":null,"dias_del_mes":null,"other_lang_post_id":null,"lang":"ca","campanya_descripcion":null,"campanya_fecha_inicio":null,"campanya_fecha_fin":null,"campanya_legales":null,"campanya_imagen":null,"campanya_characteristics":null,"campanya_url":null,"campanya_posicion_visualizacion":null,"campanya_estado":null,"_links":{"self":[{"href":"https:\/\/www.ametllerorigenwp.com\/ca\/wp-json\/wp\/v2\/posts\/12528","targetHints":{"allow":["GET"]}}],"collection":[{"href":"https:\/\/www.ametllerorigenwp.com\/ca\/wp-json\/wp\/v2\/posts"}],"about":[{"href":"https:\/\/www.ametllerorigenwp.com\/ca\/wp-json\/wp\/v2\/types\/post"}],"author":[{"embeddable":true,"href":"https:\/\/www.ametllerorigenwp.com\/ca\/wp-json\/wp\/v2\/users\/5"}],"replies":[{"embeddable":true,"href":"https:\/\/www.ametllerorigenwp.com\/ca\/wp-json\/wp\/v2\/comments?post=12528"}],"version-history":[{"count":1,"href":"https:\/\/www.ametllerorigenwp.com\/ca\/wp-json\/wp\/v2\/posts\/12528\/revisions"}],"predecessor-version":[{"id":12531,"href":"https:\/\/www.ametllerorigenwp.com\/ca\/wp-json\/wp\/v2\/posts\/12528\/revisions\/12531"}],"wp:featuredmedia":[{"embeddable":true,"href":"https:\/\/www.ametllerorigenwp.com\/ca\/wp-json\/wp\/v2\/media\/12529"}],"wp:attachment":[{"href":"https:\/\/www.ametllerorigenwp.com\/ca\/wp-json\/wp\/v2\/media?parent=12528"}],"wp:term":[{"taxonomy":"category","embeddable":true,"href":"https:\/\/www.ametllerorigenwp.com\/ca\/wp-json\/wp\/v2\/categories?post=12528"},{"taxonomy":"post_tag","embeddable":true,"href":"https:\/\/www.ametllerorigenwp.com\/ca\/wp-json\/wp\/v2\/tags?post=12528"}],"curies":[{"name":"wp","href":"https:\/\/api.w.org\/{rel}","templated":true}]}}