{"id":12539,"date":"2024-08-10T01:00:56","date_gmt":"2024-08-10T01:00:56","guid":{"rendered":"https:\/\/www.ametllerorigenwp.com\/?p=12539"},"modified":"2024-08-09T14:59:48","modified_gmt":"2024-08-09T14:59:48","slug":"sopar-gastronomic-de-tomaquets-una-activitat-per-posar-en-valor-aquesta-delicia-de-temporada","status":"publish","type":"post","link":"https:\/\/www.ametllerorigenwp.com\/ca\/sopar-gastronomic-de-tomaquets-una-activitat-per-posar-en-valor-aquesta-delicia-de-temporada\/","title":{"rendered":"Sopar gastron\u00f2mic de tom\u00e0quets, una activitat per posar en valor aquesta del\u00edcia de temporada"},"content":{"rendered":"<p class=\"p1\"><span class=\"s1\">M\u00e9s de 30 clients amants del tom\u00e0quet van gaudir de la <b>segona edici\u00f3 del sopar gastron\u00f2mic de tom\u00e0quets <\/b>que vam celebrar <b>al restaurant GreenVita de Diagonal Mar. <\/b><\/span><\/p>\n<p class=\"p1\"><span class=\"s1\">Una iniciativa per <b>posar en valor aquesta hortalissa tan protagonista a la temporada d\u2019estiu<\/b>, que va comptar amb la <b>pres\u00e8ncia del nostre director d\u2019Innovaci\u00f3 i Sostenibiilitat<\/b>, <b>Joan Sim\u00f3, <\/b>el qual va explicar als assistents tots<b> els secrets de cultiu que ens permeten poder oferir els tom\u00e0quets m\u00e9s saborosos a les nostres botigues. <\/b><\/span><\/p>\n<p class=\"p1\"><span class=\"s1\">Viu en primera persona com va ser la trobada en aquest <a href=\"https:\/\/www.instagram.com\/reel\/C-a35ZSNyww\/?igsh=cTRlb2x2M3JrMm9p\"><span class=\"s2\">v\u00eddeo<\/span><\/a>! <\/span><\/p>\n","protected":false},"excerpt":{"rendered":"<p>M\u00e9s de 30 clients amants del tom\u00e0quet van gaudir de la segona edici\u00f3 del sopar gastron\u00f2mic de tom\u00e0quets que vam celebrar al restaurant GreenVita de Diagonal Mar. Una iniciativa per posar en valor aquesta hortalissa tan protagonista a la temporada d\u2019estiu, que va comptar amb la pres\u00e8ncia del nostre director d\u2019Innovaci\u00f3 i Sostenibiilitat, Joan Sim\u00f3, &hellip; <a href=\"https:\/\/www.ametllerorigenwp.com\/ca\/sopar-gastronomic-de-tomaquets-una-activitat-per-posar-en-valor-aquesta-delicia-de-temporada\/\" class=\"more-link\">Continua llegint <span class=\"screen-reader-text\">\u00abSopar gastron\u00f2mic de tom\u00e0quets, una activitat per posar en valor aquesta del\u00edcia de temporada\u00bb<\/span><\/a><\/p>\n","protected":false},"author":5,"featured_media":12540,"comment_status":"closed","ping_status":"closed","sticky":false,"template":"","format":"standard","meta":{"_uag_custom_page_level_css":"","advgb_blocks_editor_width":"","advgb_blocks_columns_visual_guide":"","footnotes":""},"categories":[2],"tags":[],"class_list":["post-12539","post","type-post","status-publish","format-standard","has-post-thumbnail","hentry","category-noticies"],"author_meta":{"display_name":"Mireia Zaragoza","author_link":"https:\/\/www.ametllerorigenwp.com\/ca\/author\/mzaragoza\/"},"featured_img":"https:\/\/www.ametllerorigenwp.com\/wp-content\/uploads\/2024\/08\/B_app_T-300x102.jpeg","uagb_featured_image_src":{"full":["https:\/\/www.ametllerorigenwp.com\/wp-content\/uploads\/2024\/08\/B_app_T.jpeg",1000,340,false],"thumbnail":["https:\/\/www.ametllerorigenwp.com\/wp-content\/uploads\/2024\/08\/B_app_T-150x150.jpeg",150,150,true],"medium":["https:\/\/www.ametllerorigenwp.com\/wp-content\/uploads\/2024\/08\/B_app_T-300x102.jpeg",300,102,true],"medium_large":["https:\/\/www.ametllerorigenwp.com\/wp-content\/uploads\/2024\/08\/B_app_T-768x261.jpeg",768,261,true],"large":["https:\/\/www.ametllerorigenwp.com\/wp-content\/uploads\/2024\/08\/B_app_T.jpeg",840,286,false],"1536x1536":["https:\/\/www.ametllerorigenwp.com\/wp-content\/uploads\/2024\/08\/B_app_T.jpeg",1000,340,false],"2048x2048":["https:\/\/www.ametllerorigenwp.com\/wp-content\/uploads\/2024\/08\/B_app_T.jpeg",1000,340,false],"post-thumbnail":["https:\/\/www.ametllerorigenwp.com\/wp-content\/uploads\/2024\/08\/B_app_T.jpeg",1000,340,false]},"uagb_author_info":{"display_name":"Mireia Zaragoza","author_link":"https:\/\/www.ametllerorigenwp.com\/ca\/author\/mzaragoza\/"},"uagb_comment_info":0,"uagb_excerpt":"M\u00e9s de 30 clients amants del tom\u00e0quet van gaudir de la segona edici\u00f3 del sopar gastron\u00f2mic de tom\u00e0quets que vam celebrar al restaurant GreenVita de Diagonal Mar. Una iniciativa per posar en valor aquesta hortalissa tan protagonista a la temporada d\u2019estiu, que va comptar amb la pres\u00e8ncia del nostre director d\u2019Innovaci\u00f3 i Sostenibiilitat, Joan Sim\u00f3,&hellip;","coauthors":[],"tax_additional":{"categories":{"linked":["<a href=\"https:\/\/www.ametllerorigenwp.com\/ca\/category\/noticies\/\" class=\"advgb-post-tax-term\">Noticies<\/a>"],"unlinked":["<span class=\"advgb-post-tax-term\">Noticies<\/span>"]}},"comment_count":"0","relative_dates":{"created":"Posted 2 anys ago","modified":"Updated 2 anys ago"},"absolute_dates":{"created":"Posted on 10 d'agost de 2024","modified":"Updated on 9 d'agost de 2024"},"absolute_dates_time":{"created":"Posted on 10 d'agost de 2024 01:00","modified":"Updated on 9 d'agost de 2024 14:59"},"featured_img_caption":"","series_order":"","show_in_app":true,"fecha_inicio_destacado":null,"hora_inicio_visualizacion":null,"minutos_inicio_visualizacion":null,"fecha_final_destacado":null,"hora_final_visualizacion":null,"minutos_final_visualizacion":null,"posicion_visualizacion":null,"estado_destacado":null,"niveles_destacados":null,"url_del_enlace":null,"banner_destacado":null,"posicion_visualizacion_de_la_noticia":"01","estado_noticia":["Visible"],"fecha_de_inicio_de_visualizacion_del_tutorial":null,"hora_inicio_visualizacion_tutorial":null,"minutos_inicio_visualizacion_tutorial":null,"fecha_de_final_de_visualizacion_del_tutorial":null,"hora_final_visualizacion_tutorial":null,"minutos_final_visualizacion_tutorial":null,"numero_de_veces_visto":null,"numero_de_veces_total":null,"niveles_tutorial":null,"tutorial_recursos_castellano":null,"tutorial_recursos_catalan":null,"dias_disponibles":null,"dias_de_la_semana":null,"dias_del_mes":null,"other_lang_post_id":null,"lang":"ca","campanya_descripcion":null,"campanya_fecha_inicio":null,"campanya_fecha_fin":null,"campanya_legales":null,"campanya_imagen":null,"campanya_characteristics":null,"campanya_url":null,"campanya_posicion_visualizacion":null,"campanya_estado":null,"_links":{"self":[{"href":"https:\/\/www.ametllerorigenwp.com\/ca\/wp-json\/wp\/v2\/posts\/12539","targetHints":{"allow":["GET"]}}],"collection":[{"href":"https:\/\/www.ametllerorigenwp.com\/ca\/wp-json\/wp\/v2\/posts"}],"about":[{"href":"https:\/\/www.ametllerorigenwp.com\/ca\/wp-json\/wp\/v2\/types\/post"}],"author":[{"embeddable":true,"href":"https:\/\/www.ametllerorigenwp.com\/ca\/wp-json\/wp\/v2\/users\/5"}],"replies":[{"embeddable":true,"href":"https:\/\/www.ametllerorigenwp.com\/ca\/wp-json\/wp\/v2\/comments?post=12539"}],"version-history":[{"count":1,"href":"https:\/\/www.ametllerorigenwp.com\/ca\/wp-json\/wp\/v2\/posts\/12539\/revisions"}],"predecessor-version":[{"id":12542,"href":"https:\/\/www.ametllerorigenwp.com\/ca\/wp-json\/wp\/v2\/posts\/12539\/revisions\/12542"}],"wp:featuredmedia":[{"embeddable":true,"href":"https:\/\/www.ametllerorigenwp.com\/ca\/wp-json\/wp\/v2\/media\/12540"}],"wp:attachment":[{"href":"https:\/\/www.ametllerorigenwp.com\/ca\/wp-json\/wp\/v2\/media?parent=12539"}],"wp:term":[{"taxonomy":"category","embeddable":true,"href":"https:\/\/www.ametllerorigenwp.com\/ca\/wp-json\/wp\/v2\/categories?post=12539"},{"taxonomy":"post_tag","embeddable":true,"href":"https:\/\/www.ametllerorigenwp.com\/ca\/wp-json\/wp\/v2\/tags?post=12539"}],"curies":[{"name":"wp","href":"https:\/\/api.w.org\/{rel}","templated":true}]}}