{"id":12647,"date":"2024-09-20T01:00:25","date_gmt":"2024-09-20T01:00:25","guid":{"rendered":"https:\/\/www.ametllerorigenwp.com\/?p=12647"},"modified":"2024-09-17T21:25:35","modified_gmt":"2024-09-17T21:25:35","slug":"4-beneficis-de-les-figues-la-fruita-dels-filosofs-2","status":"publish","type":"post","link":"https:\/\/www.ametllerorigenwp.com\/ca\/4-beneficis-de-les-figues-la-fruita-dels-filosofs-2\/","title":{"rendered":"4 beneficis de les figues, la fruita dels fil\u00f2sofs"},"content":{"rendered":"<p>Sabies que a Plat\u00f3 i Di\u00f2genes els encantava aquesta fruita? Per aquest motiu,\u00a0<strong>les figues s\u00f3n conegudes com la fruita dels fil\u00f2sofs<\/strong>. De\u00a0<strong>consist\u00e8ncia tova, forma arrodonida, ovalada o de pera amb la base plana i la pell fina, les figues s\u00f3n una de les fruites de temporada per excel\u00b7l\u00e8ncia<\/strong>. A continuaci\u00f3 t&#8217;expliquem quins beneficis tenen les figues:<\/p>\n<ul>\n<li><strong>Elevat contingut en fibra:<\/strong> Ajuda a millorar el tr\u00e0nsit intestinal i la salut digestiva.<\/li>\n<li><strong>Riques en vitamina B6:\u00a0<\/strong>Aquesta vitamina \u00e9s important per mantenir el sistema nervi\u00f3s i immunitari saludables.<\/li>\n<li><strong>Font de vitamina C:\u00a0<\/strong>Un potent antioxidant molt bo per a la pell i els ossos.<\/li>\n<li><strong>Font de minerals:<\/strong> Contenen potassi i calci, molt beneficiosos per als m\u00fasculs i els ossos.<\/li>\n<\/ul>\n","protected":false},"excerpt":{"rendered":"<p>Sabies que a Plat\u00f3 i Di\u00f2genes els encantava aquesta fruita? Per aquest motiu,\u00a0les figues s\u00f3n conegudes com la fruita dels fil\u00f2sofs. De\u00a0consist\u00e8ncia tova, forma arrodonida, ovalada o de pera amb la base plana i la pell fina, les figues s\u00f3n una de les fruites de temporada per excel\u00b7l\u00e8ncia. A continuaci\u00f3 t&#8217;expliquem quins beneficis tenen les &hellip; <a href=\"https:\/\/www.ametllerorigenwp.com\/ca\/4-beneficis-de-les-figues-la-fruita-dels-filosofs-2\/\" class=\"more-link\">Continua llegint <span class=\"screen-reader-text\">\u00ab4 beneficis de les figues, la fruita dels fil\u00f2sofs\u00bb<\/span><\/a><\/p>\n","protected":false},"author":5,"featured_media":12645,"comment_status":"closed","ping_status":"closed","sticky":false,"template":"","format":"standard","meta":{"_uag_custom_page_level_css":"","advgb_blocks_editor_width":"","advgb_blocks_columns_visual_guide":"","footnotes":""},"categories":[2],"tags":[],"class_list":["post-12647","post","type-post","status-publish","format-standard","has-post-thumbnail","hentry","category-noticies"],"author_meta":{"display_name":"Mireia Zaragoza","author_link":"https:\/\/www.ametllerorigenwp.com\/ca\/author\/mzaragoza\/"},"featured_img":"https:\/\/www.ametllerorigenwp.com\/wp-content\/uploads\/2024\/09\/Proyecto-nuevo-8-3-300x102.jpeg","uagb_featured_image_src":{"full":["https:\/\/www.ametllerorigenwp.com\/wp-content\/uploads\/2024\/09\/Proyecto-nuevo-8-3.jpeg",1000,340,false],"thumbnail":["https:\/\/www.ametllerorigenwp.com\/wp-content\/uploads\/2024\/09\/Proyecto-nuevo-8-3-150x150.jpeg",150,150,true],"medium":["https:\/\/www.ametllerorigenwp.com\/wp-content\/uploads\/2024\/09\/Proyecto-nuevo-8-3-300x102.jpeg",300,102,true],"medium_large":["https:\/\/www.ametllerorigenwp.com\/wp-content\/uploads\/2024\/09\/Proyecto-nuevo-8-3-768x261.jpeg",768,261,true],"large":["https:\/\/www.ametllerorigenwp.com\/wp-content\/uploads\/2024\/09\/Proyecto-nuevo-8-3.jpeg",840,286,false],"1536x1536":["https:\/\/www.ametllerorigenwp.com\/wp-content\/uploads\/2024\/09\/Proyecto-nuevo-8-3.jpeg",1000,340,false],"2048x2048":["https:\/\/www.ametllerorigenwp.com\/wp-content\/uploads\/2024\/09\/Proyecto-nuevo-8-3.jpeg",1000,340,false],"post-thumbnail":["https:\/\/www.ametllerorigenwp.com\/wp-content\/uploads\/2024\/09\/Proyecto-nuevo-8-3.jpeg",1000,340,false]},"uagb_author_info":{"display_name":"Mireia Zaragoza","author_link":"https:\/\/www.ametllerorigenwp.com\/ca\/author\/mzaragoza\/"},"uagb_comment_info":0,"uagb_excerpt":"Sabies que a Plat\u00f3 i Di\u00f2genes els encantava aquesta fruita? Per aquest motiu,\u00a0les figues s\u00f3n conegudes com la fruita dels fil\u00f2sofs. De\u00a0consist\u00e8ncia tova, forma arrodonida, ovalada o de pera amb la base plana i la pell fina, les figues s\u00f3n una de les fruites de temporada per excel\u00b7l\u00e8ncia. A continuaci\u00f3 t&#8217;expliquem quins beneficis tenen les&hellip;","coauthors":[],"tax_additional":{"categories":{"linked":["<a href=\"https:\/\/www.ametllerorigenwp.com\/ca\/category\/noticies\/\" class=\"advgb-post-tax-term\">Noticies<\/a>"],"unlinked":["<span class=\"advgb-post-tax-term\">Noticies<\/span>"]}},"comment_count":"0","relative_dates":{"created":"Posted 2 anys ago","modified":"Updated 2 anys ago"},"absolute_dates":{"created":"Posted on 20 de setembre de 2024","modified":"Updated on 17 de setembre de 2024"},"absolute_dates_time":{"created":"Posted on 20 de setembre de 2024 01:00","modified":"Updated on 17 de setembre de 2024 21:25"},"featured_img_caption":"","series_order":"","show_in_app":true,"fecha_inicio_destacado":null,"hora_inicio_visualizacion":null,"minutos_inicio_visualizacion":null,"fecha_final_destacado":null,"hora_final_visualizacion":null,"minutos_final_visualizacion":null,"posicion_visualizacion":null,"estado_destacado":null,"niveles_destacados":null,"url_del_enlace":null,"banner_destacado":null,"posicion_visualizacion_de_la_noticia":"01","estado_noticia":["Visible"],"fecha_de_inicio_de_visualizacion_del_tutorial":null,"hora_inicio_visualizacion_tutorial":null,"minutos_inicio_visualizacion_tutorial":null,"fecha_de_final_de_visualizacion_del_tutorial":null,"hora_final_visualizacion_tutorial":null,"minutos_final_visualizacion_tutorial":null,"numero_de_veces_visto":null,"numero_de_veces_total":null,"niveles_tutorial":null,"tutorial_recursos_castellano":null,"tutorial_recursos_catalan":null,"dias_disponibles":null,"dias_de_la_semana":null,"dias_del_mes":null,"other_lang_post_id":null,"lang":"ca","campanya_descripcion":null,"campanya_fecha_inicio":null,"campanya_fecha_fin":null,"campanya_legales":null,"campanya_imagen":null,"campanya_characteristics":null,"campanya_url":null,"campanya_posicion_visualizacion":null,"campanya_estado":null,"_links":{"self":[{"href":"https:\/\/www.ametllerorigenwp.com\/ca\/wp-json\/wp\/v2\/posts\/12647","targetHints":{"allow":["GET"]}}],"collection":[{"href":"https:\/\/www.ametllerorigenwp.com\/ca\/wp-json\/wp\/v2\/posts"}],"about":[{"href":"https:\/\/www.ametllerorigenwp.com\/ca\/wp-json\/wp\/v2\/types\/post"}],"author":[{"embeddable":true,"href":"https:\/\/www.ametllerorigenwp.com\/ca\/wp-json\/wp\/v2\/users\/5"}],"replies":[{"embeddable":true,"href":"https:\/\/www.ametllerorigenwp.com\/ca\/wp-json\/wp\/v2\/comments?post=12647"}],"version-history":[{"count":1,"href":"https:\/\/www.ametllerorigenwp.com\/ca\/wp-json\/wp\/v2\/posts\/12647\/revisions"}],"predecessor-version":[{"id":12648,"href":"https:\/\/www.ametllerorigenwp.com\/ca\/wp-json\/wp\/v2\/posts\/12647\/revisions\/12648"}],"wp:featuredmedia":[{"embeddable":true,"href":"https:\/\/www.ametllerorigenwp.com\/ca\/wp-json\/wp\/v2\/media\/12645"}],"wp:attachment":[{"href":"https:\/\/www.ametllerorigenwp.com\/ca\/wp-json\/wp\/v2\/media?parent=12647"}],"wp:term":[{"taxonomy":"category","embeddable":true,"href":"https:\/\/www.ametllerorigenwp.com\/ca\/wp-json\/wp\/v2\/categories?post=12647"},{"taxonomy":"post_tag","embeddable":true,"href":"https:\/\/www.ametllerorigenwp.com\/ca\/wp-json\/wp\/v2\/tags?post=12647"}],"curies":[{"name":"wp","href":"https:\/\/api.w.org\/{rel}","templated":true}]}}