{"id":12687,"date":"2024-09-30T01:00:00","date_gmt":"2024-09-30T01:00:00","guid":{"rendered":"https:\/\/www.ametllerorigenwp.com\/?p=12687"},"modified":"2024-09-27T12:36:37","modified_gmt":"2024-09-27T12:36:37","slug":"segueix-una-alimentacio-saludable-amb-el-nostre-menu-setmanal","status":"publish","type":"post","link":"https:\/\/www.ametllerorigenwp.com\/ca\/segueix-una-alimentacio-saludable-amb-el-nostre-menu-setmanal\/","title":{"rendered":"Segueix una alimentaci\u00f3 saludable amb el nostre men\u00fa setmanal!"},"content":{"rendered":"<p><span style=\"font-weight: 400;\">La manca de temps no ha de ser una excusa si vols <\/span><b>gaudir d\u2019una alimentaci\u00f3 variada, saborosa, sostenible i de temporada<\/b><span style=\"font-weight: 400;\">. T\u2019ho posem f\u00e0cil!<\/span><\/p>\n<p><i><span style=\"font-weight: 400;\">El nostre equip de nutricionistes liderat per la <\/span><\/i><b><i>Dra. Eul\u00e0lia Vidal<\/i><\/b><i><span style=\"font-weight: 400;\">, et proposa setmanalment <\/span><\/i><b><i>un men\u00fa complet, variat, saludable i amb opcions omn\u00edvores, veganes i ovol\u00e0ctees<\/i><\/b><i><span style=\"font-weight: 400;\">\u00a0per cada \u00e0pat.<\/span><\/i><\/p>\n<p><span style=\"font-weight: 400;\">No t\u2019ho pensis m\u00e9s i descarrega\u2019t <\/span><span style=\"font-weight: 400;\">el men\u00fa d\u2019aquesta setmana <\/span><a href=\"https:\/\/corp.ametllerorigen.com\/menu-setmanal\/\"><span style=\"font-weight: 400;\">aqu\u00ed<\/span><\/a><span style=\"font-weight: 400;\">.<\/span><\/p>\n","protected":false},"excerpt":{"rendered":"<p>La manca de temps no ha de ser una excusa si vols gaudir d\u2019una alimentaci\u00f3 variada, saborosa, sostenible i de temporada. T\u2019ho posem f\u00e0cil! El nostre equip de nutricionistes liderat per la Dra. Eul\u00e0lia Vidal, et proposa setmanalment un men\u00fa complet, variat, saludable i amb opcions omn\u00edvores, veganes i ovol\u00e0ctees\u00a0per cada \u00e0pat. No t\u2019ho pensis &hellip; <a href=\"https:\/\/www.ametllerorigenwp.com\/ca\/segueix-una-alimentacio-saludable-amb-el-nostre-menu-setmanal\/\" class=\"more-link\">Continua llegint <span class=\"screen-reader-text\">\u00abSegueix una alimentaci\u00f3 saludable amb el nostre men\u00fa setmanal!\u00bb<\/span><\/a><\/p>\n","protected":false},"author":5,"featured_media":12313,"comment_status":"closed","ping_status":"closed","sticky":false,"template":"","format":"standard","meta":{"_uag_custom_page_level_css":"","advgb_blocks_editor_width":"","advgb_blocks_columns_visual_guide":"","footnotes":""},"categories":[2],"tags":[],"class_list":["post-12687","post","type-post","status-publish","format-standard","has-post-thumbnail","hentry","category-noticies"],"author_meta":{"display_name":"Mireia Zaragoza","author_link":"https:\/\/www.ametllerorigenwp.com\/ca\/author\/mzaragoza\/"},"featured_img":"https:\/\/www.ametllerorigenwp.com\/wp-content\/uploads\/2024\/07\/B_APP_MENU_SETMANAL_CLIENTS_CAT-300x104.jpg","uagb_featured_image_src":{"full":["https:\/\/www.ametllerorigenwp.com\/wp-content\/uploads\/2024\/07\/B_APP_MENU_SETMANAL_CLIENTS_CAT.jpg",1433,498,false],"thumbnail":["https:\/\/www.ametllerorigenwp.com\/wp-content\/uploads\/2024\/07\/B_APP_MENU_SETMANAL_CLIENTS_CAT-150x150.jpg",150,150,true],"medium":["https:\/\/www.ametllerorigenwp.com\/wp-content\/uploads\/2024\/07\/B_APP_MENU_SETMANAL_CLIENTS_CAT-300x104.jpg",300,104,true],"medium_large":["https:\/\/www.ametllerorigenwp.com\/wp-content\/uploads\/2024\/07\/B_APP_MENU_SETMANAL_CLIENTS_CAT-768x267.jpg",768,267,true],"large":["https:\/\/www.ametllerorigenwp.com\/wp-content\/uploads\/2024\/07\/B_APP_MENU_SETMANAL_CLIENTS_CAT-1024x356.jpg",840,292,true],"1536x1536":["https:\/\/www.ametllerorigenwp.com\/wp-content\/uploads\/2024\/07\/B_APP_MENU_SETMANAL_CLIENTS_CAT.jpg",1433,498,false],"2048x2048":["https:\/\/www.ametllerorigenwp.com\/wp-content\/uploads\/2024\/07\/B_APP_MENU_SETMANAL_CLIENTS_CAT.jpg",1433,498,false],"post-thumbnail":["https:\/\/www.ametllerorigenwp.com\/wp-content\/uploads\/2024\/07\/B_APP_MENU_SETMANAL_CLIENTS_CAT-1200x417.jpg",1200,417,true]},"uagb_author_info":{"display_name":"Mireia Zaragoza","author_link":"https:\/\/www.ametllerorigenwp.com\/ca\/author\/mzaragoza\/"},"uagb_comment_info":0,"uagb_excerpt":"La manca de temps no ha de ser una excusa si vols gaudir d\u2019una alimentaci\u00f3 variada, saborosa, sostenible i de temporada. T\u2019ho posem f\u00e0cil! El nostre equip de nutricionistes liderat per la Dra. Eul\u00e0lia Vidal, et proposa setmanalment un men\u00fa complet, variat, saludable i amb opcions omn\u00edvores, veganes i ovol\u00e0ctees\u00a0per cada \u00e0pat. No t\u2019ho pensis&hellip;","coauthors":[],"tax_additional":{"categories":{"linked":["<a href=\"https:\/\/www.ametllerorigenwp.com\/ca\/category\/noticies\/\" class=\"advgb-post-tax-term\">Noticies<\/a>"],"unlinked":["<span class=\"advgb-post-tax-term\">Noticies<\/span>"]}},"comment_count":"0","relative_dates":{"created":"Posted 2 anys ago","modified":"Updated 2 anys ago"},"absolute_dates":{"created":"Posted on 30 de setembre de 2024","modified":"Updated on 27 de setembre de 2024"},"absolute_dates_time":{"created":"Posted on 30 de setembre de 2024 01:00","modified":"Updated on 27 de setembre de 2024 12:36"},"featured_img_caption":"","series_order":"","show_in_app":true,"fecha_inicio_destacado":null,"hora_inicio_visualizacion":null,"minutos_inicio_visualizacion":null,"fecha_final_destacado":null,"hora_final_visualizacion":null,"minutos_final_visualizacion":null,"posicion_visualizacion":null,"estado_destacado":null,"niveles_destacados":null,"url_del_enlace":null,"banner_destacado":null,"posicion_visualizacion_de_la_noticia":"01","estado_noticia":["Visible"],"fecha_de_inicio_de_visualizacion_del_tutorial":null,"hora_inicio_visualizacion_tutorial":null,"minutos_inicio_visualizacion_tutorial":null,"fecha_de_final_de_visualizacion_del_tutorial":null,"hora_final_visualizacion_tutorial":null,"minutos_final_visualizacion_tutorial":null,"numero_de_veces_visto":null,"numero_de_veces_total":null,"niveles_tutorial":null,"tutorial_recursos_castellano":null,"tutorial_recursos_catalan":null,"dias_disponibles":null,"dias_de_la_semana":null,"dias_del_mes":null,"other_lang_post_id":null,"lang":"ca","campanya_descripcion":null,"campanya_fecha_inicio":null,"campanya_fecha_fin":null,"campanya_legales":null,"campanya_imagen":null,"campanya_characteristics":null,"campanya_url":null,"campanya_posicion_visualizacion":null,"campanya_estado":null,"_links":{"self":[{"href":"https:\/\/www.ametllerorigenwp.com\/ca\/wp-json\/wp\/v2\/posts\/12687","targetHints":{"allow":["GET"]}}],"collection":[{"href":"https:\/\/www.ametllerorigenwp.com\/ca\/wp-json\/wp\/v2\/posts"}],"about":[{"href":"https:\/\/www.ametllerorigenwp.com\/ca\/wp-json\/wp\/v2\/types\/post"}],"author":[{"embeddable":true,"href":"https:\/\/www.ametllerorigenwp.com\/ca\/wp-json\/wp\/v2\/users\/5"}],"replies":[{"embeddable":true,"href":"https:\/\/www.ametllerorigenwp.com\/ca\/wp-json\/wp\/v2\/comments?post=12687"}],"version-history":[{"count":2,"href":"https:\/\/www.ametllerorigenwp.com\/ca\/wp-json\/wp\/v2\/posts\/12687\/revisions"}],"predecessor-version":[{"id":12693,"href":"https:\/\/www.ametllerorigenwp.com\/ca\/wp-json\/wp\/v2\/posts\/12687\/revisions\/12693"}],"wp:featuredmedia":[{"embeddable":true,"href":"https:\/\/www.ametllerorigenwp.com\/ca\/wp-json\/wp\/v2\/media\/12313"}],"wp:attachment":[{"href":"https:\/\/www.ametllerorigenwp.com\/ca\/wp-json\/wp\/v2\/media?parent=12687"}],"wp:term":[{"taxonomy":"category","embeddable":true,"href":"https:\/\/www.ametllerorigenwp.com\/ca\/wp-json\/wp\/v2\/categories?post=12687"},{"taxonomy":"post_tag","embeddable":true,"href":"https:\/\/www.ametllerorigenwp.com\/ca\/wp-json\/wp\/v2\/tags?post=12687"}],"curies":[{"name":"wp","href":"https:\/\/api.w.org\/{rel}","templated":true}]}}