{"id":12794,"date":"2024-10-12T01:00:50","date_gmt":"2024-10-12T01:00:50","guid":{"rendered":"https:\/\/www.ametllerorigenwp.com\/?p=12794"},"modified":"2024-10-11T07:23:27","modified_gmt":"2024-10-11T07:23:27","slug":"les-croquetes-den-nandu-jubany-imprescindibles-pel-cap-de-setmana","status":"publish","type":"post","link":"https:\/\/www.ametllerorigenwp.com\/ca\/les-croquetes-den-nandu-jubany-imprescindibles-pel-cap-de-setmana\/","title":{"rendered":"Les croquetes d\u2019en Nandu Jubany, imprescindibles pel cap de setmana"},"content":{"rendered":"<p><b>De rostit, de pernil ib\u00e8ric, de bolets,\u00a0 d\u2019espinacs, de pollastre rostit, de gamba\u2026 Quines s\u00f3n les teves croquetes preferides del Nandu Jubany? <\/b><span style=\"font-weight: 400;\">I \u00e9s que la seva textura cremosa per dins i cruixent per fora i el seu sabor delici\u00f3s \u00e9s ideal per fer el vermut o per acompanyar el teu plat principal aquest cap de setmana.\u00a0<\/span><\/p>\n<p><span style=\"font-weight: 400;\">Aprofita ara que<\/span><b> es troben en promoci\u00f3 <\/b><span style=\"font-weight: 400;\">a la teva <\/span><b>botiga habitual<\/b><span style=\"font-weight: 400;\"> o a la <\/span><a href=\"https:\/\/www.ametllerorigen.com\/ca\/croquetes%20nandu%20jubany?_q=croquetes%20nandu%20jubany&amp;map=ft\"><b>botiga online<\/b><\/a><span style=\"font-weight: 400;\"> i gaudeix-les!\u00a0<\/span><\/p>\n<p>&nbsp;<\/p>\n","protected":false},"excerpt":{"rendered":"<p>De rostit, de pernil ib\u00e8ric, de bolets,\u00a0 d\u2019espinacs, de pollastre rostit, de gamba\u2026 Quines s\u00f3n les teves croquetes preferides del Nandu Jubany? I \u00e9s que la seva textura cremosa per dins i cruixent per fora i el seu sabor delici\u00f3s \u00e9s ideal per fer el vermut o per acompanyar el teu plat principal aquest cap &hellip; <a href=\"https:\/\/www.ametllerorigenwp.com\/ca\/les-croquetes-den-nandu-jubany-imprescindibles-pel-cap-de-setmana\/\" class=\"more-link\">Continua llegint <span class=\"screen-reader-text\">\u00abLes croquetes d\u2019en Nandu Jubany, imprescindibles pel cap de setmana\u00bb<\/span><\/a><\/p>\n","protected":false},"author":5,"featured_media":12795,"comment_status":"closed","ping_status":"closed","sticky":false,"template":"","format":"standard","meta":{"_uag_custom_page_level_css":"","advgb_blocks_editor_width":"","advgb_blocks_columns_visual_guide":"","footnotes":""},"categories":[2],"tags":[],"class_list":["post-12794","post","type-post","status-publish","format-standard","has-post-thumbnail","hentry","category-noticies"],"author_meta":{"display_name":"Mireia Zaragoza","author_link":"https:\/\/www.ametllerorigenwp.com\/ca\/author\/mzaragoza\/"},"featured_img":"https:\/\/www.ametllerorigenwp.com\/wp-content\/uploads\/2024\/10\/App_croquetes_nandu-300x102.jpg","uagb_featured_image_src":{"full":["https:\/\/www.ametllerorigenwp.com\/wp-content\/uploads\/2024\/10\/App_croquetes_nandu.jpg",1000,340,false],"thumbnail":["https:\/\/www.ametllerorigenwp.com\/wp-content\/uploads\/2024\/10\/App_croquetes_nandu-150x150.jpg",150,150,true],"medium":["https:\/\/www.ametllerorigenwp.com\/wp-content\/uploads\/2024\/10\/App_croquetes_nandu-300x102.jpg",300,102,true],"medium_large":["https:\/\/www.ametllerorigenwp.com\/wp-content\/uploads\/2024\/10\/App_croquetes_nandu-768x261.jpg",768,261,true],"large":["https:\/\/www.ametllerorigenwp.com\/wp-content\/uploads\/2024\/10\/App_croquetes_nandu.jpg",840,286,false],"1536x1536":["https:\/\/www.ametllerorigenwp.com\/wp-content\/uploads\/2024\/10\/App_croquetes_nandu.jpg",1000,340,false],"2048x2048":["https:\/\/www.ametllerorigenwp.com\/wp-content\/uploads\/2024\/10\/App_croquetes_nandu.jpg",1000,340,false],"post-thumbnail":["https:\/\/www.ametllerorigenwp.com\/wp-content\/uploads\/2024\/10\/App_croquetes_nandu.jpg",1000,340,false]},"uagb_author_info":{"display_name":"Mireia Zaragoza","author_link":"https:\/\/www.ametllerorigenwp.com\/ca\/author\/mzaragoza\/"},"uagb_comment_info":0,"uagb_excerpt":"De rostit, de pernil ib\u00e8ric, de bolets,\u00a0 d\u2019espinacs, de pollastre rostit, de gamba\u2026 Quines s\u00f3n les teves croquetes preferides del Nandu Jubany? I \u00e9s que la seva textura cremosa per dins i cruixent per fora i el seu sabor delici\u00f3s \u00e9s ideal per fer el vermut o per acompanyar el teu plat principal aquest cap&hellip;","coauthors":[],"tax_additional":{"categories":{"linked":["<a href=\"https:\/\/www.ametllerorigenwp.com\/ca\/category\/noticies\/\" class=\"advgb-post-tax-term\">Noticies<\/a>"],"unlinked":["<span class=\"advgb-post-tax-term\">Noticies<\/span>"]}},"comment_count":"0","relative_dates":{"created":"Posted 2 anys ago","modified":"Updated 2 anys ago"},"absolute_dates":{"created":"Posted on 12 d'octubre de 2024","modified":"Updated on 11 d'octubre de 2024"},"absolute_dates_time":{"created":"Posted on 12 d'octubre de 2024 01:00","modified":"Updated on 11 d'octubre de 2024 07:23"},"featured_img_caption":"","series_order":"","show_in_app":true,"fecha_inicio_destacado":null,"hora_inicio_visualizacion":null,"minutos_inicio_visualizacion":null,"fecha_final_destacado":null,"hora_final_visualizacion":null,"minutos_final_visualizacion":null,"posicion_visualizacion":null,"estado_destacado":null,"niveles_destacados":null,"url_del_enlace":null,"banner_destacado":null,"posicion_visualizacion_de_la_noticia":"01","estado_noticia":["Visible"],"fecha_de_inicio_de_visualizacion_del_tutorial":null,"hora_inicio_visualizacion_tutorial":null,"minutos_inicio_visualizacion_tutorial":null,"fecha_de_final_de_visualizacion_del_tutorial":null,"hora_final_visualizacion_tutorial":null,"minutos_final_visualizacion_tutorial":null,"numero_de_veces_visto":null,"numero_de_veces_total":null,"niveles_tutorial":null,"tutorial_recursos_castellano":null,"tutorial_recursos_catalan":null,"dias_disponibles":null,"dias_de_la_semana":null,"dias_del_mes":null,"other_lang_post_id":null,"lang":"ca","campanya_descripcion":null,"campanya_fecha_inicio":null,"campanya_fecha_fin":null,"campanya_legales":null,"campanya_imagen":null,"campanya_characteristics":null,"campanya_url":null,"campanya_posicion_visualizacion":null,"campanya_estado":null,"_links":{"self":[{"href":"https:\/\/www.ametllerorigenwp.com\/ca\/wp-json\/wp\/v2\/posts\/12794","targetHints":{"allow":["GET"]}}],"collection":[{"href":"https:\/\/www.ametllerorigenwp.com\/ca\/wp-json\/wp\/v2\/posts"}],"about":[{"href":"https:\/\/www.ametllerorigenwp.com\/ca\/wp-json\/wp\/v2\/types\/post"}],"author":[{"embeddable":true,"href":"https:\/\/www.ametllerorigenwp.com\/ca\/wp-json\/wp\/v2\/users\/5"}],"replies":[{"embeddable":true,"href":"https:\/\/www.ametllerorigenwp.com\/ca\/wp-json\/wp\/v2\/comments?post=12794"}],"version-history":[{"count":2,"href":"https:\/\/www.ametllerorigenwp.com\/ca\/wp-json\/wp\/v2\/posts\/12794\/revisions"}],"predecessor-version":[{"id":12798,"href":"https:\/\/www.ametllerorigenwp.com\/ca\/wp-json\/wp\/v2\/posts\/12794\/revisions\/12798"}],"wp:featuredmedia":[{"embeddable":true,"href":"https:\/\/www.ametllerorigenwp.com\/ca\/wp-json\/wp\/v2\/media\/12795"}],"wp:attachment":[{"href":"https:\/\/www.ametllerorigenwp.com\/ca\/wp-json\/wp\/v2\/media?parent=12794"}],"wp:term":[{"taxonomy":"category","embeddable":true,"href":"https:\/\/www.ametllerorigenwp.com\/ca\/wp-json\/wp\/v2\/categories?post=12794"},{"taxonomy":"post_tag","embeddable":true,"href":"https:\/\/www.ametllerorigenwp.com\/ca\/wp-json\/wp\/v2\/tags?post=12794"}],"curies":[{"name":"wp","href":"https:\/\/api.w.org\/{rel}","templated":true}]}}