{"id":12823,"date":"2024-10-17T01:00:01","date_gmt":"2024-10-17T01:00:01","guid":{"rendered":"https:\/\/www.ametllerorigenwp.com\/?p=12823"},"modified":"2024-10-16T17:53:18","modified_gmt":"2024-10-16T17:53:18","slug":"els-nostres-brous-perfectes-pels-dies-freds","status":"publish","type":"post","link":"https:\/\/www.ametllerorigenwp.com\/ca\/els-nostres-brous-perfectes-pels-dies-freds\/","title":{"rendered":"Els nostres brous, perfectes pels dies freds"},"content":{"rendered":"<p><span style=\"font-weight: 400;\">Baixen les temperatures i cada vegada venen m\u00e9s de gust plats calents i, sobretot, de cullera. I \u00e9s que no hi ha res m\u00e9s reconfortant que <\/span><a href=\"https:\/\/www.ametllerorigen.com\/ca\/plats-cuinats\/sopes-i-gaspatxos\"><span style=\"font-weight: 400;\">un brou<\/span><\/a><span style=\"font-weight: 400;\"> calent. <\/span><b>Des d\u2019Ametller Origen t\u2019ho posem f\u00e0cil amb els nostres brous preparats.<\/b> <b>D\u2019ossos, escudella, pollastre, tha\u00ef, verdures\u2026 Quin \u00e9s el teu preferit?<\/b><\/p>\n<p><span style=\"font-weight: 400;\">Aprofita ara que es troben en promoci\u00f3 a la teva botiga habitual o a la botiga <\/span><a href=\"https:\/\/www.ametllerorigen.com\/ca\/brous%20%20ao?_q=brous%20%20ao&amp;map=ft\"><span style=\"font-weight: 400;\">online<\/span><\/a><span style=\"font-weight: 400;\">\u00a0 i gaudeix-los al m\u00e0xim!<\/span><\/p>\n","protected":false},"excerpt":{"rendered":"<p>Baixen les temperatures i cada vegada venen m\u00e9s de gust plats calents i, sobretot, de cullera. I \u00e9s que no hi ha res m\u00e9s reconfortant que un brou calent. Des d\u2019Ametller Origen t\u2019ho posem f\u00e0cil amb els nostres brous preparats. D\u2019ossos, escudella, pollastre, tha\u00ef, verdures\u2026 Quin \u00e9s el teu preferit? Aprofita ara que es troben &hellip; <a href=\"https:\/\/www.ametllerorigenwp.com\/ca\/els-nostres-brous-perfectes-pels-dies-freds\/\" class=\"more-link\">Continua llegint <span class=\"screen-reader-text\">\u00abEls nostres brous, perfectes pels dies freds\u00bb<\/span><\/a><\/p>\n","protected":false},"author":5,"featured_media":12834,"comment_status":"closed","ping_status":"closed","sticky":false,"template":"","format":"standard","meta":{"_uag_custom_page_level_css":"","advgb_blocks_editor_width":"","advgb_blocks_columns_visual_guide":"","footnotes":""},"categories":[2],"tags":[],"class_list":["post-12823","post","type-post","status-publish","format-standard","has-post-thumbnail","hentry","category-noticies"],"author_meta":{"display_name":"Mireia Zaragoza","author_link":"https:\/\/www.ametllerorigenwp.com\/ca\/author\/mzaragoza\/"},"featured_img":"https:\/\/www.ametllerorigenwp.com\/wp-content\/uploads\/2024\/10\/App_brou-300x102.jpg","uagb_featured_image_src":{"full":["https:\/\/www.ametllerorigenwp.com\/wp-content\/uploads\/2024\/10\/App_brou.jpg",1000,340,false],"thumbnail":["https:\/\/www.ametllerorigenwp.com\/wp-content\/uploads\/2024\/10\/App_brou-150x150.jpg",150,150,true],"medium":["https:\/\/www.ametllerorigenwp.com\/wp-content\/uploads\/2024\/10\/App_brou-300x102.jpg",300,102,true],"medium_large":["https:\/\/www.ametllerorigenwp.com\/wp-content\/uploads\/2024\/10\/App_brou-768x261.jpg",768,261,true],"large":["https:\/\/www.ametllerorigenwp.com\/wp-content\/uploads\/2024\/10\/App_brou.jpg",840,286,false],"1536x1536":["https:\/\/www.ametllerorigenwp.com\/wp-content\/uploads\/2024\/10\/App_brou.jpg",1000,340,false],"2048x2048":["https:\/\/www.ametllerorigenwp.com\/wp-content\/uploads\/2024\/10\/App_brou.jpg",1000,340,false],"post-thumbnail":["https:\/\/www.ametllerorigenwp.com\/wp-content\/uploads\/2024\/10\/App_brou.jpg",1000,340,false]},"uagb_author_info":{"display_name":"Mireia Zaragoza","author_link":"https:\/\/www.ametllerorigenwp.com\/ca\/author\/mzaragoza\/"},"uagb_comment_info":0,"uagb_excerpt":"Baixen les temperatures i cada vegada venen m\u00e9s de gust plats calents i, sobretot, de cullera. I \u00e9s que no hi ha res m\u00e9s reconfortant que un brou calent. Des d\u2019Ametller Origen t\u2019ho posem f\u00e0cil amb els nostres brous preparats. D\u2019ossos, escudella, pollastre, tha\u00ef, verdures\u2026 Quin \u00e9s el teu preferit? Aprofita ara que es troben&hellip;","coauthors":[],"tax_additional":{"categories":{"linked":["<a href=\"https:\/\/www.ametllerorigenwp.com\/ca\/category\/noticies\/\" class=\"advgb-post-tax-term\">Noticies<\/a>"],"unlinked":["<span class=\"advgb-post-tax-term\">Noticies<\/span>"]}},"comment_count":"0","relative_dates":{"created":"Posted 2 anys ago","modified":"Updated 2 anys ago"},"absolute_dates":{"created":"Posted on 17 d'octubre de 2024","modified":"Updated on 16 d'octubre de 2024"},"absolute_dates_time":{"created":"Posted on 17 d'octubre de 2024 01:00","modified":"Updated on 16 d'octubre de 2024 17:53"},"featured_img_caption":"","series_order":"","show_in_app":true,"fecha_inicio_destacado":null,"hora_inicio_visualizacion":null,"minutos_inicio_visualizacion":null,"fecha_final_destacado":null,"hora_final_visualizacion":null,"minutos_final_visualizacion":null,"posicion_visualizacion":null,"estado_destacado":null,"niveles_destacados":null,"url_del_enlace":null,"banner_destacado":null,"posicion_visualizacion_de_la_noticia":"01","estado_noticia":["Visible"],"fecha_de_inicio_de_visualizacion_del_tutorial":null,"hora_inicio_visualizacion_tutorial":null,"minutos_inicio_visualizacion_tutorial":null,"fecha_de_final_de_visualizacion_del_tutorial":null,"hora_final_visualizacion_tutorial":null,"minutos_final_visualizacion_tutorial":null,"numero_de_veces_visto":null,"numero_de_veces_total":null,"niveles_tutorial":null,"tutorial_recursos_castellano":null,"tutorial_recursos_catalan":null,"dias_disponibles":null,"dias_de_la_semana":null,"dias_del_mes":null,"other_lang_post_id":null,"lang":"ca","campanya_descripcion":null,"campanya_fecha_inicio":null,"campanya_fecha_fin":null,"campanya_legales":null,"campanya_imagen":null,"campanya_characteristics":null,"campanya_url":null,"campanya_posicion_visualizacion":null,"campanya_estado":null,"_links":{"self":[{"href":"https:\/\/www.ametllerorigenwp.com\/ca\/wp-json\/wp\/v2\/posts\/12823","targetHints":{"allow":["GET"]}}],"collection":[{"href":"https:\/\/www.ametllerorigenwp.com\/ca\/wp-json\/wp\/v2\/posts"}],"about":[{"href":"https:\/\/www.ametllerorigenwp.com\/ca\/wp-json\/wp\/v2\/types\/post"}],"author":[{"embeddable":true,"href":"https:\/\/www.ametllerorigenwp.com\/ca\/wp-json\/wp\/v2\/users\/5"}],"replies":[{"embeddable":true,"href":"https:\/\/www.ametllerorigenwp.com\/ca\/wp-json\/wp\/v2\/comments?post=12823"}],"version-history":[{"count":1,"href":"https:\/\/www.ametllerorigenwp.com\/ca\/wp-json\/wp\/v2\/posts\/12823\/revisions"}],"predecessor-version":[{"id":12836,"href":"https:\/\/www.ametllerorigenwp.com\/ca\/wp-json\/wp\/v2\/posts\/12823\/revisions\/12836"}],"wp:featuredmedia":[{"embeddable":true,"href":"https:\/\/www.ametllerorigenwp.com\/ca\/wp-json\/wp\/v2\/media\/12834"}],"wp:attachment":[{"href":"https:\/\/www.ametllerorigenwp.com\/ca\/wp-json\/wp\/v2\/media?parent=12823"}],"wp:term":[{"taxonomy":"category","embeddable":true,"href":"https:\/\/www.ametllerorigenwp.com\/ca\/wp-json\/wp\/v2\/categories?post=12823"},{"taxonomy":"post_tag","embeddable":true,"href":"https:\/\/www.ametllerorigenwp.com\/ca\/wp-json\/wp\/v2\/tags?post=12823"}],"curies":[{"name":"wp","href":"https:\/\/api.w.org\/{rel}","templated":true}]}}