{"id":12840,"date":"2024-10-18T01:00:51","date_gmt":"2024-10-18T01:00:51","guid":{"rendered":"https:\/\/www.ametllerorigenwp.com\/?p=12840"},"modified":"2024-10-17T13:24:19","modified_gmt":"2024-10-17T13:24:19","slug":"tens-plans-pel-21-de-novembre-torna-el-sopar-mes-solidari","status":"publish","type":"post","link":"https:\/\/www.ametllerorigenwp.com\/ca\/tens-plans-pel-21-de-novembre-torna-el-sopar-mes-solidari\/","title":{"rendered":"Tens plans pel 21 de novembre? Torna el sopar m\u00e9s solidari!"},"content":{"rendered":"<p><span style=\"font-weight: 400;\">Un any m\u00e9s, <\/span><b>torna el Sopar Solidari de Nadal d\u2019Ametller Origen<\/b><span style=\"font-weight: 400;\">.\u00a0 <\/span><b>De la m\u00e0 del presentador Quim Masferrer i de la influencer C\u00e8lia Espanya, descobrirem un Nadal ple d&#8217;hist\u00f2ries!<\/b><\/p>\n<p><span style=\"font-weight: 400;\">Una nit on no faltar\u00e0 la m\u00fasica de la cantant<\/span><b> Val\u00e8ria Tapia<\/b><span style=\"font-weight: 400;\">, les sorpreses i moltes hist\u00f2ries per<\/span><b> donar la benvinguda al Nadal i recaptar fons per millorar la qualitat de vida dels pacients i les fam\u00edlies usu\u00e0ries de La Casa de Sofia<\/b><span style=\"font-weight: 400;\">, un model d\u2019atenci\u00f3 de nens amb patologia complexa, cr\u00f2nica o amb malaltia avan\u00e7ada, liderat per <\/span><b>l\u2019Hospital Sant Joan de D\u00e9u Barcelona.<\/b><\/p>\n<p><span style=\"font-weight: 400;\">Vine i podr\u00e0s gaudir de la companyia i els plats dels millors xefs del pa\u00eds <\/span><b>Nandu Jubany, Jordi Cruz, Hideki Matsuhisa, Lluc Crusellas i Oriol Balaguer.\u00a0<\/b><\/p>\n<p><span style=\"font-weight: 400;\">T\u2019esperem en aquesta nit plena d\u2019hist\u00f2ries. Compra la teva <\/span><a href=\"https:\/\/tallers.ametllerorigen.com\/iiisoparsolidaridenadalenbeneficidelhospitalsantjoandedeubarcelona\"><span style=\"font-weight: 400;\">entrada<\/span><\/a><span style=\"font-weight: 400;\"> abans que s\u2019esgotin!\u00a0<\/span><\/p>\n<p>&nbsp;<\/p>\n","protected":false},"excerpt":{"rendered":"<p>Un any m\u00e9s, torna el Sopar Solidari de Nadal d\u2019Ametller Origen.\u00a0 De la m\u00e0 del presentador Quim Masferrer i de la influencer C\u00e8lia Espanya, descobrirem un Nadal ple d&#8217;hist\u00f2ries! Una nit on no faltar\u00e0 la m\u00fasica de la cantant Val\u00e8ria Tapia, les sorpreses i moltes hist\u00f2ries per donar la benvinguda al Nadal i recaptar fons &hellip; <a href=\"https:\/\/www.ametllerorigenwp.com\/ca\/tens-plans-pel-21-de-novembre-torna-el-sopar-mes-solidari\/\" class=\"more-link\">Continua llegint <span class=\"screen-reader-text\">\u00abTens plans pel 21 de novembre? Torna el sopar m\u00e9s solidari!\u00bb<\/span><\/a><\/p>\n","protected":false},"author":5,"featured_media":12846,"comment_status":"closed","ping_status":"closed","sticky":false,"template":"","format":"standard","meta":{"_uag_custom_page_level_css":"","advgb_blocks_editor_width":"","advgb_blocks_columns_visual_guide":"","footnotes":""},"categories":[2],"tags":[],"class_list":["post-12840","post","type-post","status-publish","format-standard","has-post-thumbnail","hentry","category-noticies"],"author_meta":{"display_name":"Mireia Zaragoza","author_link":"https:\/\/www.ametllerorigenwp.com\/ca\/author\/mzaragoza\/"},"featured_img":"https:\/\/www.ametllerorigenwp.com\/wp-content\/uploads\/2024\/10\/Proyecto-nuevo-9-300x102.jpeg","uagb_featured_image_src":{"full":["https:\/\/www.ametllerorigenwp.com\/wp-content\/uploads\/2024\/10\/Proyecto-nuevo-9.jpeg",1000,340,false],"thumbnail":["https:\/\/www.ametllerorigenwp.com\/wp-content\/uploads\/2024\/10\/Proyecto-nuevo-9-150x150.jpeg",150,150,true],"medium":["https:\/\/www.ametllerorigenwp.com\/wp-content\/uploads\/2024\/10\/Proyecto-nuevo-9-300x102.jpeg",300,102,true],"medium_large":["https:\/\/www.ametllerorigenwp.com\/wp-content\/uploads\/2024\/10\/Proyecto-nuevo-9-768x261.jpeg",768,261,true],"large":["https:\/\/www.ametllerorigenwp.com\/wp-content\/uploads\/2024\/10\/Proyecto-nuevo-9.jpeg",840,286,false],"1536x1536":["https:\/\/www.ametllerorigenwp.com\/wp-content\/uploads\/2024\/10\/Proyecto-nuevo-9.jpeg",1000,340,false],"2048x2048":["https:\/\/www.ametllerorigenwp.com\/wp-content\/uploads\/2024\/10\/Proyecto-nuevo-9.jpeg",1000,340,false],"post-thumbnail":["https:\/\/www.ametllerorigenwp.com\/wp-content\/uploads\/2024\/10\/Proyecto-nuevo-9.jpeg",1000,340,false]},"uagb_author_info":{"display_name":"Mireia Zaragoza","author_link":"https:\/\/www.ametllerorigenwp.com\/ca\/author\/mzaragoza\/"},"uagb_comment_info":0,"uagb_excerpt":"Un any m\u00e9s, torna el Sopar Solidari de Nadal d\u2019Ametller Origen.\u00a0 De la m\u00e0 del presentador Quim Masferrer i de la influencer C\u00e8lia Espanya, descobrirem un Nadal ple d&#8217;hist\u00f2ries! Una nit on no faltar\u00e0 la m\u00fasica de la cantant Val\u00e8ria Tapia, les sorpreses i moltes hist\u00f2ries per donar la benvinguda al Nadal i recaptar fons&hellip;","coauthors":[],"tax_additional":{"categories":{"linked":["<a href=\"https:\/\/www.ametllerorigenwp.com\/ca\/category\/noticies\/\" class=\"advgb-post-tax-term\">Noticies<\/a>"],"unlinked":["<span class=\"advgb-post-tax-term\">Noticies<\/span>"]}},"comment_count":"0","relative_dates":{"created":"Posted 2 anys ago","modified":"Updated 2 anys ago"},"absolute_dates":{"created":"Posted on 18 d'octubre de 2024","modified":"Updated on 17 d'octubre de 2024"},"absolute_dates_time":{"created":"Posted on 18 d'octubre de 2024 01:00","modified":"Updated on 17 d'octubre de 2024 13:24"},"featured_img_caption":"","series_order":"","show_in_app":true,"fecha_inicio_destacado":null,"hora_inicio_visualizacion":null,"minutos_inicio_visualizacion":null,"fecha_final_destacado":null,"hora_final_visualizacion":null,"minutos_final_visualizacion":null,"posicion_visualizacion":null,"estado_destacado":null,"niveles_destacados":null,"url_del_enlace":null,"banner_destacado":null,"posicion_visualizacion_de_la_noticia":"01","estado_noticia":["Visible"],"fecha_de_inicio_de_visualizacion_del_tutorial":null,"hora_inicio_visualizacion_tutorial":null,"minutos_inicio_visualizacion_tutorial":null,"fecha_de_final_de_visualizacion_del_tutorial":null,"hora_final_visualizacion_tutorial":null,"minutos_final_visualizacion_tutorial":null,"numero_de_veces_visto":null,"numero_de_veces_total":null,"niveles_tutorial":null,"tutorial_recursos_castellano":null,"tutorial_recursos_catalan":null,"dias_disponibles":null,"dias_de_la_semana":null,"dias_del_mes":null,"other_lang_post_id":null,"lang":"ca","campanya_descripcion":null,"campanya_fecha_inicio":null,"campanya_fecha_fin":null,"campanya_legales":null,"campanya_imagen":null,"campanya_characteristics":null,"campanya_url":null,"campanya_posicion_visualizacion":null,"campanya_estado":null,"_links":{"self":[{"href":"https:\/\/www.ametllerorigenwp.com\/ca\/wp-json\/wp\/v2\/posts\/12840","targetHints":{"allow":["GET"]}}],"collection":[{"href":"https:\/\/www.ametllerorigenwp.com\/ca\/wp-json\/wp\/v2\/posts"}],"about":[{"href":"https:\/\/www.ametllerorigenwp.com\/ca\/wp-json\/wp\/v2\/types\/post"}],"author":[{"embeddable":true,"href":"https:\/\/www.ametllerorigenwp.com\/ca\/wp-json\/wp\/v2\/users\/5"}],"replies":[{"embeddable":true,"href":"https:\/\/www.ametllerorigenwp.com\/ca\/wp-json\/wp\/v2\/comments?post=12840"}],"version-history":[{"count":1,"href":"https:\/\/www.ametllerorigenwp.com\/ca\/wp-json\/wp\/v2\/posts\/12840\/revisions"}],"predecessor-version":[{"id":12845,"href":"https:\/\/www.ametllerorigenwp.com\/ca\/wp-json\/wp\/v2\/posts\/12840\/revisions\/12845"}],"wp:featuredmedia":[{"embeddable":true,"href":"https:\/\/www.ametllerorigenwp.com\/ca\/wp-json\/wp\/v2\/media\/12846"}],"wp:attachment":[{"href":"https:\/\/www.ametllerorigenwp.com\/ca\/wp-json\/wp\/v2\/media?parent=12840"}],"wp:term":[{"taxonomy":"category","embeddable":true,"href":"https:\/\/www.ametllerorigenwp.com\/ca\/wp-json\/wp\/v2\/categories?post=12840"},{"taxonomy":"post_tag","embeddable":true,"href":"https:\/\/www.ametllerorigenwp.com\/ca\/wp-json\/wp\/v2\/tags?post=12840"}],"curies":[{"name":"wp","href":"https:\/\/api.w.org\/{rel}","templated":true}]}}