{"id":12859,"date":"2024-10-22T01:00:19","date_gmt":"2024-10-22T01:00:19","guid":{"rendered":"https:\/\/www.ametllerorigenwp.com\/?p=12859"},"modified":"2024-10-18T11:23:11","modified_gmt":"2024-10-18T11:23:11","slug":"betacarotens-contra-el-cancer-de-mama-2","status":"publish","type":"post","link":"https:\/\/www.ametllerorigenwp.com\/ca\/betacarotens-contra-el-cancer-de-mama-2\/","title":{"rendered":"Betacarotens contra el c\u00e0ncer de mama"},"content":{"rendered":"<p><span style=\"font-weight: 400;\">Coincidint amb el <\/span><b>Dia Mundial del C\u00e0ncer de Mama, posem en marxa, un any m\u00e9s, una acci\u00f3 solid\u00e0ria per donar suport a la investigaci\u00f3 del c\u00e0ncer de mama. Destinarem 1 \u20ac per cada crema de carbassa de 485 ml que venguem a totes les botigues f\u00edsiques i a la <\/b><a href=\"https:\/\/www.ametllerorigen.com\/ca\/crema-de-carbassa-ametller-origen-485-ml\/p\"><b>botiga online<\/b><\/a><b>,\u00a0 fins dissabte 26 d\u2019octubre.\u00a0<\/b><\/p>\n<p><span style=\"font-weight: 400;\">Els betacarotens s\u00f3n presents a aliments com la <\/span><b>carbassa, la pastanaga o el moniato<\/b><span style=\"font-weight: 400;\">. A m\u00e9s de donar el color groc, taronja o vermell a les fruites i verdures, tenen moltes propietats.<\/span><b> De fet, la ingesta de betacarotens podria tenir beneficis en la reducci\u00f3 del c\u00e0ncer de mama, <\/b><span style=\"font-weight: 400;\">combinat amb una dieta equilibrada i activitat f\u00edsica.\u00a0<\/span><\/p>\n<p><span style=\"font-weight: 400;\">Gaudeix de la nostra crema de carbassa i posa el teu granet de sorra!\u00a0<\/span><\/p>\n<p><br style=\"font-weight: 400;\" \/><br style=\"font-weight: 400;\" \/><\/p>\n","protected":false},"excerpt":{"rendered":"<p>Coincidint amb el Dia Mundial del C\u00e0ncer de Mama, posem en marxa, un any m\u00e9s, una acci\u00f3 solid\u00e0ria per donar suport a la investigaci\u00f3 del c\u00e0ncer de mama. Destinarem 1 \u20ac per cada crema de carbassa de 485 ml que venguem a totes les botigues f\u00edsiques i a la botiga online,\u00a0 fins dissabte 26 d\u2019octubre.\u00a0 &hellip; <a href=\"https:\/\/www.ametllerorigenwp.com\/ca\/betacarotens-contra-el-cancer-de-mama-2\/\" class=\"more-link\">Continua llegint <span class=\"screen-reader-text\">\u00abBetacarotens contra el c\u00e0ncer de mama\u00bb<\/span><\/a><\/p>\n","protected":false},"author":5,"featured_media":12860,"comment_status":"closed","ping_status":"closed","sticky":false,"template":"","format":"standard","meta":{"_uag_custom_page_level_css":"","advgb_blocks_editor_width":"","advgb_blocks_columns_visual_guide":"","footnotes":""},"categories":[2],"tags":[],"class_list":["post-12859","post","type-post","status-publish","format-standard","has-post-thumbnail","hentry","category-noticies"],"author_meta":{"display_name":"Mireia Zaragoza","author_link":"https:\/\/www.ametllerorigenwp.com\/ca\/author\/mzaragoza\/"},"featured_img":"https:\/\/www.ametllerorigenwp.com\/wp-content\/uploads\/2024\/10\/B_APP_CANCER_CAT_1000x340px-300x102.jpg","uagb_featured_image_src":{"full":["https:\/\/www.ametllerorigenwp.com\/wp-content\/uploads\/2024\/10\/B_APP_CANCER_CAT_1000x340px.jpg",1000,340,false],"thumbnail":["https:\/\/www.ametllerorigenwp.com\/wp-content\/uploads\/2024\/10\/B_APP_CANCER_CAT_1000x340px-150x150.jpg",150,150,true],"medium":["https:\/\/www.ametllerorigenwp.com\/wp-content\/uploads\/2024\/10\/B_APP_CANCER_CAT_1000x340px-300x102.jpg",300,102,true],"medium_large":["https:\/\/www.ametllerorigenwp.com\/wp-content\/uploads\/2024\/10\/B_APP_CANCER_CAT_1000x340px-768x261.jpg",768,261,true],"large":["https:\/\/www.ametllerorigenwp.com\/wp-content\/uploads\/2024\/10\/B_APP_CANCER_CAT_1000x340px.jpg",840,286,false],"1536x1536":["https:\/\/www.ametllerorigenwp.com\/wp-content\/uploads\/2024\/10\/B_APP_CANCER_CAT_1000x340px.jpg",1000,340,false],"2048x2048":["https:\/\/www.ametllerorigenwp.com\/wp-content\/uploads\/2024\/10\/B_APP_CANCER_CAT_1000x340px.jpg",1000,340,false],"post-thumbnail":["https:\/\/www.ametllerorigenwp.com\/wp-content\/uploads\/2024\/10\/B_APP_CANCER_CAT_1000x340px.jpg",1000,340,false]},"uagb_author_info":{"display_name":"Mireia Zaragoza","author_link":"https:\/\/www.ametllerorigenwp.com\/ca\/author\/mzaragoza\/"},"uagb_comment_info":0,"uagb_excerpt":"Coincidint amb el Dia Mundial del C\u00e0ncer de Mama, posem en marxa, un any m\u00e9s, una acci\u00f3 solid\u00e0ria per donar suport a la investigaci\u00f3 del c\u00e0ncer de mama. Destinarem 1 \u20ac per cada crema de carbassa de 485 ml que venguem a totes les botigues f\u00edsiques i a la botiga online,\u00a0 fins dissabte 26 d\u2019octubre.\u00a0&hellip;","coauthors":[],"tax_additional":{"categories":{"linked":["<a href=\"https:\/\/www.ametllerorigenwp.com\/ca\/category\/noticies\/\" class=\"advgb-post-tax-term\">Noticies<\/a>"],"unlinked":["<span class=\"advgb-post-tax-term\">Noticies<\/span>"]}},"comment_count":"0","relative_dates":{"created":"Posted 2 anys ago","modified":"Updated 2 anys ago"},"absolute_dates":{"created":"Posted on 22 d'octubre de 2024","modified":"Updated on 18 d'octubre de 2024"},"absolute_dates_time":{"created":"Posted on 22 d'octubre de 2024 01:00","modified":"Updated on 18 d'octubre de 2024 11:23"},"featured_img_caption":"","series_order":"","show_in_app":true,"fecha_inicio_destacado":null,"hora_inicio_visualizacion":null,"minutos_inicio_visualizacion":null,"fecha_final_destacado":null,"hora_final_visualizacion":null,"minutos_final_visualizacion":null,"posicion_visualizacion":null,"estado_destacado":null,"niveles_destacados":null,"url_del_enlace":null,"banner_destacado":null,"posicion_visualizacion_de_la_noticia":"01","estado_noticia":["Visible"],"fecha_de_inicio_de_visualizacion_del_tutorial":null,"hora_inicio_visualizacion_tutorial":null,"minutos_inicio_visualizacion_tutorial":null,"fecha_de_final_de_visualizacion_del_tutorial":null,"hora_final_visualizacion_tutorial":null,"minutos_final_visualizacion_tutorial":null,"numero_de_veces_visto":null,"numero_de_veces_total":null,"niveles_tutorial":null,"tutorial_recursos_castellano":null,"tutorial_recursos_catalan":null,"dias_disponibles":null,"dias_de_la_semana":null,"dias_del_mes":null,"other_lang_post_id":12864,"lang":"ca","campanya_descripcion":null,"campanya_fecha_inicio":null,"campanya_fecha_fin":null,"campanya_legales":null,"campanya_imagen":null,"campanya_characteristics":null,"campanya_url":null,"campanya_posicion_visualizacion":null,"campanya_estado":null,"_links":{"self":[{"href":"https:\/\/www.ametllerorigenwp.com\/ca\/wp-json\/wp\/v2\/posts\/12859","targetHints":{"allow":["GET"]}}],"collection":[{"href":"https:\/\/www.ametllerorigenwp.com\/ca\/wp-json\/wp\/v2\/posts"}],"about":[{"href":"https:\/\/www.ametllerorigenwp.com\/ca\/wp-json\/wp\/v2\/types\/post"}],"author":[{"embeddable":true,"href":"https:\/\/www.ametllerorigenwp.com\/ca\/wp-json\/wp\/v2\/users\/5"}],"replies":[{"embeddable":true,"href":"https:\/\/www.ametllerorigenwp.com\/ca\/wp-json\/wp\/v2\/comments?post=12859"}],"version-history":[{"count":2,"href":"https:\/\/www.ametllerorigenwp.com\/ca\/wp-json\/wp\/v2\/posts\/12859\/revisions"}],"predecessor-version":[{"id":12863,"href":"https:\/\/www.ametllerorigenwp.com\/ca\/wp-json\/wp\/v2\/posts\/12859\/revisions\/12863"}],"wp:featuredmedia":[{"embeddable":true,"href":"https:\/\/www.ametllerorigenwp.com\/ca\/wp-json\/wp\/v2\/media\/12860"}],"wp:attachment":[{"href":"https:\/\/www.ametllerorigenwp.com\/ca\/wp-json\/wp\/v2\/media?parent=12859"}],"wp:term":[{"taxonomy":"category","embeddable":true,"href":"https:\/\/www.ametllerorigenwp.com\/ca\/wp-json\/wp\/v2\/categories?post=12859"},{"taxonomy":"post_tag","embeddable":true,"href":"https:\/\/www.ametllerorigenwp.com\/ca\/wp-json\/wp\/v2\/tags?post=12859"}],"curies":[{"name":"wp","href":"https:\/\/api.w.org\/{rel}","templated":true}]}}