{"id":12935,"date":"2024-11-02T01:00:33","date_gmt":"2024-11-02T01:00:33","guid":{"rendered":"https:\/\/www.ametllerorigenwp.com\/?p=12935"},"modified":"2024-10-31T12:44:40","modified_gmt":"2024-10-31T12:44:40","slug":"una-tardor-plena-de-sabors-amb-els-millors-tallers","status":"publish","type":"post","link":"https:\/\/www.ametllerorigenwp.com\/ca\/una-tardor-plena-de-sabors-amb-els-millors-tallers\/","title":{"rendered":"Una tardor plena de sabors amb els millors tallers!"},"content":{"rendered":"<p><b>Busques plans divertits per viure aquesta tardor? No et perdis el nostre <\/b><a href=\"https:\/\/tallers.ametllerorigen.com\/\"><b>calendari<\/b><\/a><b> de tallers i activitats!<\/b><span style=\"font-weight: 400;\"> Gaudeix del <\/span><b>showcooking de tardor amb el xef Rafa Capilla<\/b><span style=\"font-weight: 400;\"> o deixa\u2019t seduir pels sabors del <\/span><b>sopar gastron\u00f2mic dedicat als amants de la tardor.<\/b><\/p>\n<p><span style=\"font-weight: 400;\">Si ets fan dels sandvitxos, vine al <\/span><b>taller de sandvitxos amb la instagramer @albitrips<\/b><span style=\"font-weight: 400;\"> i apr\u00e8n a preparar tres variants delicioses!<\/span><\/p>\n<p><span style=\"font-weight: 400;\">I aix\u00f2 no \u00e9s tot! No et perdis el III Sopar Solidari de Nadal en benefici de Sant Joan de D\u00e9u Barcelona, una nit inoblidable plena d\u2019hist\u00f2ries.<\/span><\/p>\n<p><b>Anima\u2019t i reserva la teva pla\u00e7a!<\/b><\/p>\n","protected":false},"excerpt":{"rendered":"<p>Busques plans divertits per viure aquesta tardor? No et perdis el nostre calendari de tallers i activitats! Gaudeix del showcooking de tardor amb el xef Rafa Capilla o deixa\u2019t seduir pels sabors del sopar gastron\u00f2mic dedicat als amants de la tardor. Si ets fan dels sandvitxos, vine al taller de sandvitxos amb la instagramer @albitrips &hellip; <a href=\"https:\/\/www.ametllerorigenwp.com\/ca\/una-tardor-plena-de-sabors-amb-els-millors-tallers\/\" class=\"more-link\">Continua llegint <span class=\"screen-reader-text\">\u00abUna tardor plena de sabors amb els millors tallers!\u00bb<\/span><\/a><\/p>\n","protected":false},"author":5,"featured_media":3845,"comment_status":"closed","ping_status":"closed","sticky":false,"template":"","format":"standard","meta":{"_uag_custom_page_level_css":"","advgb_blocks_editor_width":"","advgb_blocks_columns_visual_guide":"","footnotes":""},"categories":[2],"tags":[],"class_list":["post-12935","post","type-post","status-publish","format-standard","has-post-thumbnail","hentry","category-noticies"],"author_meta":{"display_name":"Mireia Zaragoza","author_link":"https:\/\/www.ametllerorigenwp.com\/ca\/author\/mzaragoza\/"},"featured_img":"https:\/\/www.ametllerorigenwp.com\/wp-content\/uploads\/2021\/10\/tallers_novembre-300x102.png","uagb_featured_image_src":{"full":["https:\/\/www.ametllerorigenwp.com\/wp-content\/uploads\/2021\/10\/tallers_novembre.png",1000,340,false],"thumbnail":["https:\/\/www.ametllerorigenwp.com\/wp-content\/uploads\/2021\/10\/tallers_novembre-150x150.png",150,150,true],"medium":["https:\/\/www.ametllerorigenwp.com\/wp-content\/uploads\/2021\/10\/tallers_novembre-300x102.png",300,102,true],"medium_large":["https:\/\/www.ametllerorigenwp.com\/wp-content\/uploads\/2021\/10\/tallers_novembre-768x261.png",768,261,true],"large":["https:\/\/www.ametllerorigenwp.com\/wp-content\/uploads\/2021\/10\/tallers_novembre.png",840,286,false],"1536x1536":["https:\/\/www.ametllerorigenwp.com\/wp-content\/uploads\/2021\/10\/tallers_novembre.png",1000,340,false],"2048x2048":["https:\/\/www.ametllerorigenwp.com\/wp-content\/uploads\/2021\/10\/tallers_novembre.png",1000,340,false],"post-thumbnail":["https:\/\/www.ametllerorigenwp.com\/wp-content\/uploads\/2021\/10\/tallers_novembre.png",1000,340,false]},"uagb_author_info":{"display_name":"Mireia Zaragoza","author_link":"https:\/\/www.ametllerorigenwp.com\/ca\/author\/mzaragoza\/"},"uagb_comment_info":0,"uagb_excerpt":"Busques plans divertits per viure aquesta tardor? No et perdis el nostre calendari de tallers i activitats! Gaudeix del showcooking de tardor amb el xef Rafa Capilla o deixa\u2019t seduir pels sabors del sopar gastron\u00f2mic dedicat als amants de la tardor. Si ets fan dels sandvitxos, vine al taller de sandvitxos amb la instagramer @albitrips&hellip;","coauthors":[],"tax_additional":{"categories":{"linked":["<a href=\"https:\/\/www.ametllerorigenwp.com\/ca\/category\/noticies\/\" class=\"advgb-post-tax-term\">Noticies<\/a>"],"unlinked":["<span class=\"advgb-post-tax-term\">Noticies<\/span>"]}},"comment_count":"0","relative_dates":{"created":"Posted 1 any ago","modified":"Updated 1 any ago"},"absolute_dates":{"created":"Posted on 2 de novembre de 2024","modified":"Updated on 31 d'octubre de 2024"},"absolute_dates_time":{"created":"Posted on 2 de novembre de 2024 01:00","modified":"Updated on 31 d'octubre de 2024 12:44"},"featured_img_caption":"","series_order":"","show_in_app":true,"fecha_inicio_destacado":null,"hora_inicio_visualizacion":null,"minutos_inicio_visualizacion":null,"fecha_final_destacado":null,"hora_final_visualizacion":null,"minutos_final_visualizacion":null,"posicion_visualizacion":null,"estado_destacado":null,"niveles_destacados":null,"url_del_enlace":null,"banner_destacado":null,"posicion_visualizacion_de_la_noticia":"01","estado_noticia":["Visible"],"fecha_de_inicio_de_visualizacion_del_tutorial":null,"hora_inicio_visualizacion_tutorial":null,"minutos_inicio_visualizacion_tutorial":null,"fecha_de_final_de_visualizacion_del_tutorial":null,"hora_final_visualizacion_tutorial":null,"minutos_final_visualizacion_tutorial":null,"numero_de_veces_visto":null,"numero_de_veces_total":null,"niveles_tutorial":null,"tutorial_recursos_castellano":null,"tutorial_recursos_catalan":null,"dias_disponibles":null,"dias_de_la_semana":null,"dias_del_mes":null,"other_lang_post_id":12937,"lang":"ca","campanya_descripcion":null,"campanya_fecha_inicio":null,"campanya_fecha_fin":null,"campanya_legales":null,"campanya_imagen":null,"campanya_characteristics":null,"campanya_url":null,"campanya_posicion_visualizacion":null,"campanya_estado":null,"_links":{"self":[{"href":"https:\/\/www.ametllerorigenwp.com\/ca\/wp-json\/wp\/v2\/posts\/12935","targetHints":{"allow":["GET"]}}],"collection":[{"href":"https:\/\/www.ametllerorigenwp.com\/ca\/wp-json\/wp\/v2\/posts"}],"about":[{"href":"https:\/\/www.ametllerorigenwp.com\/ca\/wp-json\/wp\/v2\/types\/post"}],"author":[{"embeddable":true,"href":"https:\/\/www.ametllerorigenwp.com\/ca\/wp-json\/wp\/v2\/users\/5"}],"replies":[{"embeddable":true,"href":"https:\/\/www.ametllerorigenwp.com\/ca\/wp-json\/wp\/v2\/comments?post=12935"}],"version-history":[{"count":1,"href":"https:\/\/www.ametllerorigenwp.com\/ca\/wp-json\/wp\/v2\/posts\/12935\/revisions"}],"predecessor-version":[{"id":12936,"href":"https:\/\/www.ametllerorigenwp.com\/ca\/wp-json\/wp\/v2\/posts\/12935\/revisions\/12936"}],"wp:featuredmedia":[{"embeddable":true,"href":"https:\/\/www.ametllerorigenwp.com\/ca\/wp-json\/wp\/v2\/media\/3845"}],"wp:attachment":[{"href":"https:\/\/www.ametllerorigenwp.com\/ca\/wp-json\/wp\/v2\/media?parent=12935"}],"wp:term":[{"taxonomy":"category","embeddable":true,"href":"https:\/\/www.ametllerorigenwp.com\/ca\/wp-json\/wp\/v2\/categories?post=12935"},{"taxonomy":"post_tag","embeddable":true,"href":"https:\/\/www.ametllerorigenwp.com\/ca\/wp-json\/wp\/v2\/tags?post=12935"}],"curies":[{"name":"wp","href":"https:\/\/api.w.org\/{rel}","templated":true}]}}