{"id":12955,"date":"2024-11-05T16:07:24","date_gmt":"2024-11-05T16:07:24","guid":{"rendered":"https:\/\/www.ametllerorigenwp.com\/?p=12955"},"modified":"2024-11-05T16:08:50","modified_gmt":"2024-11-05T16:08:50","slug":"posa-el-teu-granet-de-sorra-pels-afectats-de-la-dana","status":"publish","type":"post","link":"https:\/\/www.ametllerorigenwp.com\/ca\/posa-el-teu-granet-de-sorra-pels-afectats-de-la-dana\/","title":{"rendered":"Posa el teu granet de sorra pels afectats de la DANA"},"content":{"rendered":"<p>A Val\u00e8ncia necessiten recursos per combatre els efectes de la DANA. Per aix\u00f2,<strong> hem iniciat una campanya de recaptaci\u00f3 perqu\u00e8 entre tots puguem estendre una m\u00e0 als damnificats a trav\u00e9s de la Creu Roja.<\/strong><\/p>\n<p><strong>Des d\u2019Ametller Origen ja hem aportat 50.000 \u20ac, i hem obert una caixa de donacions perqu\u00e8 aquesta xifra segueixi creixent.<\/strong><\/p>\n<p>A qu\u00e8 es destinaran els fons?<\/p>\n<p dir=\"auto\">\u00a0Avui, seran pales i raspalls per treure el fang; dem\u00e0, plats calents per alimentar els damnificats, i dem\u00e0 passat, suport psicol\u00f2gic per a qui m\u00e9s ho necessita. <strong>La recaptaci\u00f3 de fons \u00e9s clau per respondre amb rapidesa a les necessitats de cada moment.\u00a0<\/strong><\/p>\n<p>Fes la teva donaci\u00f3 a les nostres botigues o a la <a href=\"https:\/\/www.ametllerorigen.com\/ca\/content\/dana\">botiga online<\/a> i demostrem que junts podem fer-ho possible!<\/p>\n","protected":false},"excerpt":{"rendered":"<p>A Val\u00e8ncia necessiten recursos per combatre els efectes de la DANA. Per aix\u00f2, hem iniciat una campanya de recaptaci\u00f3 perqu\u00e8 entre tots puguem estendre una m\u00e0 als damnificats a trav\u00e9s de la Creu Roja. Des d\u2019Ametller Origen ja hem aportat 50.000 \u20ac, i hem obert una caixa de donacions perqu\u00e8 aquesta xifra segueixi creixent. A &hellip; <a href=\"https:\/\/www.ametllerorigenwp.com\/ca\/posa-el-teu-granet-de-sorra-pels-afectats-de-la-dana\/\" class=\"more-link\">Continua llegint <span class=\"screen-reader-text\">\u00abPosa el teu granet de sorra pels afectats de la DANA\u00bb<\/span><\/a><\/p>\n","protected":false},"author":5,"featured_media":12956,"comment_status":"closed","ping_status":"closed","sticky":false,"template":"","format":"standard","meta":{"_uag_custom_page_level_css":"","advgb_blocks_editor_width":"","advgb_blocks_columns_visual_guide":"","footnotes":""},"categories":[2],"tags":[],"class_list":["post-12955","post","type-post","status-publish","format-standard","has-post-thumbnail","hentry","category-noticies"],"author_meta":{"display_name":"Mireia Zaragoza","author_link":"https:\/\/www.ametllerorigenwp.com\/ca\/author\/mzaragoza\/"},"featured_img":"https:\/\/www.ametllerorigenwp.com\/wp-content\/uploads\/2024\/11\/B_APP_DANA_CA-300x105.jpg","uagb_featured_image_src":{"full":["https:\/\/www.ametllerorigenwp.com\/wp-content\/uploads\/2024\/11\/B_APP_DANA_CA.jpg",1422,498,false],"thumbnail":["https:\/\/www.ametllerorigenwp.com\/wp-content\/uploads\/2024\/11\/B_APP_DANA_CA-150x150.jpg",150,150,true],"medium":["https:\/\/www.ametllerorigenwp.com\/wp-content\/uploads\/2024\/11\/B_APP_DANA_CA-300x105.jpg",300,105,true],"medium_large":["https:\/\/www.ametllerorigenwp.com\/wp-content\/uploads\/2024\/11\/B_APP_DANA_CA-768x269.jpg",768,269,true],"large":["https:\/\/www.ametllerorigenwp.com\/wp-content\/uploads\/2024\/11\/B_APP_DANA_CA-1024x359.jpg",840,294,true],"1536x1536":["https:\/\/www.ametllerorigenwp.com\/wp-content\/uploads\/2024\/11\/B_APP_DANA_CA.jpg",1422,498,false],"2048x2048":["https:\/\/www.ametllerorigenwp.com\/wp-content\/uploads\/2024\/11\/B_APP_DANA_CA.jpg",1422,498,false],"post-thumbnail":["https:\/\/www.ametllerorigenwp.com\/wp-content\/uploads\/2024\/11\/B_APP_DANA_CA-1200x420.jpg",1200,420,true]},"uagb_author_info":{"display_name":"Mireia Zaragoza","author_link":"https:\/\/www.ametllerorigenwp.com\/ca\/author\/mzaragoza\/"},"uagb_comment_info":0,"uagb_excerpt":"A Val\u00e8ncia necessiten recursos per combatre els efectes de la DANA. Per aix\u00f2, hem iniciat una campanya de recaptaci\u00f3 perqu\u00e8 entre tots puguem estendre una m\u00e0 als damnificats a trav\u00e9s de la Creu Roja. Des d\u2019Ametller Origen ja hem aportat 50.000 \u20ac, i hem obert una caixa de donacions perqu\u00e8 aquesta xifra segueixi creixent. A&hellip;","coauthors":[],"tax_additional":{"categories":{"linked":["<a href=\"https:\/\/www.ametllerorigenwp.com\/ca\/category\/noticies\/\" class=\"advgb-post-tax-term\">Noticies<\/a>"],"unlinked":["<span class=\"advgb-post-tax-term\">Noticies<\/span>"]}},"comment_count":"0","relative_dates":{"created":"Posted 1 any ago","modified":"Updated 1 any ago"},"absolute_dates":{"created":"Posted on 5 de novembre de 2024","modified":"Updated on 5 de novembre de 2024"},"absolute_dates_time":{"created":"Posted on 5 de novembre de 2024 16:07","modified":"Updated on 5 de novembre de 2024 16:08"},"featured_img_caption":"","series_order":"","show_in_app":true,"fecha_inicio_destacado":null,"hora_inicio_visualizacion":null,"minutos_inicio_visualizacion":null,"fecha_final_destacado":null,"hora_final_visualizacion":null,"minutos_final_visualizacion":null,"posicion_visualizacion":null,"estado_destacado":null,"niveles_destacados":null,"url_del_enlace":null,"banner_destacado":null,"posicion_visualizacion_de_la_noticia":"01","estado_noticia":["Visible"],"fecha_de_inicio_de_visualizacion_del_tutorial":null,"hora_inicio_visualizacion_tutorial":null,"minutos_inicio_visualizacion_tutorial":null,"fecha_de_final_de_visualizacion_del_tutorial":null,"hora_final_visualizacion_tutorial":null,"minutos_final_visualizacion_tutorial":null,"numero_de_veces_visto":null,"numero_de_veces_total":null,"niveles_tutorial":null,"tutorial_recursos_castellano":null,"tutorial_recursos_catalan":null,"dias_disponibles":null,"dias_de_la_semana":null,"dias_del_mes":null,"other_lang_post_id":null,"lang":"ca","campanya_descripcion":null,"campanya_fecha_inicio":null,"campanya_fecha_fin":null,"campanya_legales":null,"campanya_imagen":null,"campanya_characteristics":null,"campanya_url":null,"campanya_posicion_visualizacion":null,"campanya_estado":null,"_links":{"self":[{"href":"https:\/\/www.ametllerorigenwp.com\/ca\/wp-json\/wp\/v2\/posts\/12955","targetHints":{"allow":["GET"]}}],"collection":[{"href":"https:\/\/www.ametllerorigenwp.com\/ca\/wp-json\/wp\/v2\/posts"}],"about":[{"href":"https:\/\/www.ametllerorigenwp.com\/ca\/wp-json\/wp\/v2\/types\/post"}],"author":[{"embeddable":true,"href":"https:\/\/www.ametllerorigenwp.com\/ca\/wp-json\/wp\/v2\/users\/5"}],"replies":[{"embeddable":true,"href":"https:\/\/www.ametllerorigenwp.com\/ca\/wp-json\/wp\/v2\/comments?post=12955"}],"version-history":[{"count":2,"href":"https:\/\/www.ametllerorigenwp.com\/ca\/wp-json\/wp\/v2\/posts\/12955\/revisions"}],"predecessor-version":[{"id":12961,"href":"https:\/\/www.ametllerorigenwp.com\/ca\/wp-json\/wp\/v2\/posts\/12955\/revisions\/12961"}],"wp:featuredmedia":[{"embeddable":true,"href":"https:\/\/www.ametllerorigenwp.com\/ca\/wp-json\/wp\/v2\/media\/12956"}],"wp:attachment":[{"href":"https:\/\/www.ametllerorigenwp.com\/ca\/wp-json\/wp\/v2\/media?parent=12955"}],"wp:term":[{"taxonomy":"category","embeddable":true,"href":"https:\/\/www.ametllerorigenwp.com\/ca\/wp-json\/wp\/v2\/categories?post=12955"},{"taxonomy":"post_tag","embeddable":true,"href":"https:\/\/www.ametllerorigenwp.com\/ca\/wp-json\/wp\/v2\/tags?post=12955"}],"curies":[{"name":"wp","href":"https:\/\/api.w.org\/{rel}","templated":true}]}}