{"id":13009,"date":"2024-11-13T01:00:36","date_gmt":"2024-11-13T01:00:36","guid":{"rendered":"https:\/\/www.ametllerorigenwp.com\/?p=13009"},"modified":"2024-11-12T18:42:59","modified_gmt":"2024-11-12T18:42:59","slug":"ultimes-places-pel-iii-sopar-solidari-de-nadal","status":"publish","type":"post","link":"https:\/\/www.ametllerorigenwp.com\/ca\/ultimes-places-pel-iii-sopar-solidari-de-nadal\/","title":{"rendered":"\u00daltimes places pel III Sopar solidari de Nadal!"},"content":{"rendered":"<p>Ja queda menys per la nit m\u00e9s especial de l\u2019any, la tercera edici\u00f3 del <strong>Sopar solidari de Nadal d\u2019Ametller Origen en benefici de l\u2019Hospital Sant Joan de D\u00e9u Barcelona en el que tota la recaptaci\u00f3 es destinar\u00e0 al projecte de La Casa de Sofia.<\/strong><\/p>\n<p>Enguany, la gala estar\u00e0 condu\u00efda pel presentador Quim Masferrer i la influencer C\u00e8lia Espanya amb la m\u00fasica de la Valeria Tapia i la Maria Subir\u00e0. Una nit plena d\u2019hist\u00f2ries on gaudir\u00e0s de la companyia i dels plats dels millors xefs del pa\u00eds: Nandu Jubany, Jordi Cruz, Hideki Matsuhisa, Lluc Crusellas i l\u2019Oriol Balaguer.<\/p>\n<p><strong>Compra la teva <a href=\"https:\/\/tallers.ametllerorigen.com\/iiisoparsolidaridenadalenbeneficidelhospitalsantjoandedeubarcelona\">entrada<\/a> i aporta el teu granet de sorra!\u00a0<\/strong><\/p>\n","protected":false},"excerpt":{"rendered":"<p>Ja queda menys per la nit m\u00e9s especial de l\u2019any, la tercera edici\u00f3 del Sopar solidari de Nadal d\u2019Ametller Origen en benefici de l\u2019Hospital Sant Joan de D\u00e9u Barcelona en el que tota la recaptaci\u00f3 es destinar\u00e0 al projecte de La Casa de Sofia. Enguany, la gala estar\u00e0 condu\u00efda pel presentador Quim Masferrer i la &hellip; <a href=\"https:\/\/www.ametllerorigenwp.com\/ca\/ultimes-places-pel-iii-sopar-solidari-de-nadal\/\" class=\"more-link\">Continua llegint <span class=\"screen-reader-text\">\u00ab\u00daltimes places pel III Sopar solidari de Nadal!\u00bb<\/span><\/a><\/p>\n","protected":false},"author":5,"featured_media":12846,"comment_status":"closed","ping_status":"closed","sticky":false,"template":"","format":"standard","meta":{"_uag_custom_page_level_css":"","advgb_blocks_editor_width":"","advgb_blocks_columns_visual_guide":"","footnotes":""},"categories":[2],"tags":[],"class_list":["post-13009","post","type-post","status-publish","format-standard","has-post-thumbnail","hentry","category-noticies"],"author_meta":{"display_name":"Mireia Zaragoza","author_link":"https:\/\/www.ametllerorigenwp.com\/ca\/author\/mzaragoza\/"},"featured_img":"https:\/\/www.ametllerorigenwp.com\/wp-content\/uploads\/2024\/10\/Proyecto-nuevo-9-300x102.jpeg","uagb_featured_image_src":{"full":["https:\/\/www.ametllerorigenwp.com\/wp-content\/uploads\/2024\/10\/Proyecto-nuevo-9.jpeg",1000,340,false],"thumbnail":["https:\/\/www.ametllerorigenwp.com\/wp-content\/uploads\/2024\/10\/Proyecto-nuevo-9-150x150.jpeg",150,150,true],"medium":["https:\/\/www.ametllerorigenwp.com\/wp-content\/uploads\/2024\/10\/Proyecto-nuevo-9-300x102.jpeg",300,102,true],"medium_large":["https:\/\/www.ametllerorigenwp.com\/wp-content\/uploads\/2024\/10\/Proyecto-nuevo-9-768x261.jpeg",768,261,true],"large":["https:\/\/www.ametllerorigenwp.com\/wp-content\/uploads\/2024\/10\/Proyecto-nuevo-9.jpeg",840,286,false],"1536x1536":["https:\/\/www.ametllerorigenwp.com\/wp-content\/uploads\/2024\/10\/Proyecto-nuevo-9.jpeg",1000,340,false],"2048x2048":["https:\/\/www.ametllerorigenwp.com\/wp-content\/uploads\/2024\/10\/Proyecto-nuevo-9.jpeg",1000,340,false],"post-thumbnail":["https:\/\/www.ametllerorigenwp.com\/wp-content\/uploads\/2024\/10\/Proyecto-nuevo-9.jpeg",1000,340,false]},"uagb_author_info":{"display_name":"Mireia Zaragoza","author_link":"https:\/\/www.ametllerorigenwp.com\/ca\/author\/mzaragoza\/"},"uagb_comment_info":0,"uagb_excerpt":"Ja queda menys per la nit m\u00e9s especial de l\u2019any, la tercera edici\u00f3 del Sopar solidari de Nadal d\u2019Ametller Origen en benefici de l\u2019Hospital Sant Joan de D\u00e9u Barcelona en el que tota la recaptaci\u00f3 es destinar\u00e0 al projecte de La Casa de Sofia. Enguany, la gala estar\u00e0 condu\u00efda pel presentador Quim Masferrer i la&hellip;","coauthors":[],"tax_additional":{"categories":{"linked":["<a href=\"https:\/\/www.ametllerorigenwp.com\/ca\/category\/noticies\/\" class=\"advgb-post-tax-term\">Noticies<\/a>"],"unlinked":["<span class=\"advgb-post-tax-term\">Noticies<\/span>"]}},"comment_count":"0","relative_dates":{"created":"Posted 1 any ago","modified":"Updated 1 any ago"},"absolute_dates":{"created":"Posted on 13 de novembre de 2024","modified":"Updated on 12 de novembre de 2024"},"absolute_dates_time":{"created":"Posted on 13 de novembre de 2024 01:00","modified":"Updated on 12 de novembre de 2024 18:42"},"featured_img_caption":"","series_order":"","show_in_app":true,"fecha_inicio_destacado":null,"hora_inicio_visualizacion":null,"minutos_inicio_visualizacion":null,"fecha_final_destacado":null,"hora_final_visualizacion":null,"minutos_final_visualizacion":null,"posicion_visualizacion":null,"estado_destacado":null,"niveles_destacados":null,"url_del_enlace":null,"banner_destacado":null,"posicion_visualizacion_de_la_noticia":"01","estado_noticia":["Visible"],"fecha_de_inicio_de_visualizacion_del_tutorial":null,"hora_inicio_visualizacion_tutorial":null,"minutos_inicio_visualizacion_tutorial":null,"fecha_de_final_de_visualizacion_del_tutorial":null,"hora_final_visualizacion_tutorial":null,"minutos_final_visualizacion_tutorial":null,"numero_de_veces_visto":null,"numero_de_veces_total":null,"niveles_tutorial":null,"tutorial_recursos_castellano":null,"tutorial_recursos_catalan":null,"dias_disponibles":null,"dias_de_la_semana":null,"dias_del_mes":null,"other_lang_post_id":13012,"lang":"ca","campanya_descripcion":null,"campanya_fecha_inicio":null,"campanya_fecha_fin":null,"campanya_legales":null,"campanya_imagen":null,"campanya_characteristics":null,"campanya_url":null,"campanya_posicion_visualizacion":null,"campanya_estado":null,"_links":{"self":[{"href":"https:\/\/www.ametllerorigenwp.com\/ca\/wp-json\/wp\/v2\/posts\/13009","targetHints":{"allow":["GET"]}}],"collection":[{"href":"https:\/\/www.ametllerorigenwp.com\/ca\/wp-json\/wp\/v2\/posts"}],"about":[{"href":"https:\/\/www.ametllerorigenwp.com\/ca\/wp-json\/wp\/v2\/types\/post"}],"author":[{"embeddable":true,"href":"https:\/\/www.ametllerorigenwp.com\/ca\/wp-json\/wp\/v2\/users\/5"}],"replies":[{"embeddable":true,"href":"https:\/\/www.ametllerorigenwp.com\/ca\/wp-json\/wp\/v2\/comments?post=13009"}],"version-history":[{"count":2,"href":"https:\/\/www.ametllerorigenwp.com\/ca\/wp-json\/wp\/v2\/posts\/13009\/revisions"}],"predecessor-version":[{"id":13011,"href":"https:\/\/www.ametllerorigenwp.com\/ca\/wp-json\/wp\/v2\/posts\/13009\/revisions\/13011"}],"wp:featuredmedia":[{"embeddable":true,"href":"https:\/\/www.ametllerorigenwp.com\/ca\/wp-json\/wp\/v2\/media\/12846"}],"wp:attachment":[{"href":"https:\/\/www.ametllerorigenwp.com\/ca\/wp-json\/wp\/v2\/media?parent=13009"}],"wp:term":[{"taxonomy":"category","embeddable":true,"href":"https:\/\/www.ametllerorigenwp.com\/ca\/wp-json\/wp\/v2\/categories?post=13009"},{"taxonomy":"post_tag","embeddable":true,"href":"https:\/\/www.ametllerorigenwp.com\/ca\/wp-json\/wp\/v2\/tags?post=13009"}],"curies":[{"name":"wp","href":"https:\/\/api.w.org\/{rel}","templated":true}]}}