{"id":1301,"date":"2021-03-21T13:44:00","date_gmt":"2021-03-21T13:44:00","guid":{"rendered":"https:\/\/www.ametllerorigenwp.com\/?p=1301"},"modified":"2021-03-22T18:02:56","modified_gmt":"2021-03-22T18:02:56","slug":"degusta-el-millor-bacalla-per-quaresma","status":"publish","type":"post","link":"https:\/\/www.ametllerorigenwp.com\/ca\/degusta-el-millor-bacalla-per-quaresma\/","title":{"rendered":"Bacall\u00e0 per quaresma"},"content":{"rendered":"\n<p>Sabies que el bacall\u00e0 \u00e9s el plat estrella de quaresma? Es tracta d\u2019un <strong>peix blanc molt apreciat, gust\u00f3s i de f\u00e0cil digesti\u00f3<\/strong>, que t\u2019aporta un munt de beneficis per a la teva salut. El bacall\u00e0 \u00e9s un dels peixos m\u00e9s magres i aix\u00f2 li proporciona una carn blanca molt melosa. \u00c9s <strong>una font molt important de prote\u00efnes, d&#8217;origen animal, aix\u00ed com d\u2019\u00e0cids grassos Omega 3, <\/strong>que ajuden a controlar els nivells de colesterol. Aquest peix tamb\u00e9 ens aporta <strong>minerals<\/strong>, com el seleni i el f\u00f2sfor, i <strong>vitamines<\/strong>, especialment B6 i B12. Si es compra fresc, \u00e9s un dels peixos m\u00e9s baixos en sal. <\/p>\n\n\n\n<p>Si et ve de gust una recepta amb bacall\u00e0, en aquest <strong><a href=\"https:\/\/www.instagram.com\/tv\/CMc93wdI5qI\/?igshid=whs903m8y4ms\">v\u00eddeo<\/a><\/strong> t\u2019ensenyem com preparar una deliciosa amanida de xat\u00f3 amb bacall\u00e0. T\u2019animes?<\/p>\n\n\n\n<p>Si ho prefereixes, pots gaudir d\u2019un bon assortiment de productes elaborats amb bacall\u00e0 a la nostra <strong><a href=\"https:\/\/www.ametllerorigen.com\/ca\/tallem-el-bacalla\">botiga online<\/a><\/strong>!<\/p>\n","protected":false},"excerpt":{"rendered":"<p>Sabies que el bacall\u00e0 \u00e9s el plat estrella de quaresma? Es tracta d\u2019un peix blanc molt apreciat, gust\u00f3s i de f\u00e0cil digesti\u00f3, que t\u2019aporta un munt de beneficis per a la teva salut. El bacall\u00e0 \u00e9s un dels peixos m\u00e9s magres i aix\u00f2 li proporciona una carn blanca molt melosa. \u00c9s una font molt important &hellip; <a href=\"https:\/\/www.ametllerorigenwp.com\/ca\/degusta-el-millor-bacalla-per-quaresma\/\" class=\"more-link\">Continua llegint <span class=\"screen-reader-text\">\u00abBacall\u00e0 per quaresma\u00bb<\/span><\/a><\/p>\n","protected":false},"author":5,"featured_media":1298,"comment_status":"open","ping_status":"open","sticky":false,"template":"","format":"standard","meta":{"_uag_custom_page_level_css":"","advgb_blocks_editor_width":"","advgb_blocks_columns_visual_guide":"","footnotes":""},"categories":[2],"tags":[],"class_list":["post-1301","post","type-post","status-publish","format-standard","has-post-thumbnail","hentry","category-noticies"],"author_meta":{"display_name":"Mireia Zaragoza","author_link":"https:\/\/www.ametllerorigenwp.com\/ca\/author\/mzaragoza\/"},"featured_img":"https:\/\/www.ametllerorigenwp.com\/wp-content\/uploads\/2021\/03\/bacalla-300x102.jpg","uagb_featured_image_src":{"full":["https:\/\/www.ametllerorigenwp.com\/wp-content\/uploads\/2021\/03\/bacalla.jpg",1000,340,false],"thumbnail":["https:\/\/www.ametllerorigenwp.com\/wp-content\/uploads\/2021\/03\/bacalla-150x150.jpg",150,150,true],"medium":["https:\/\/www.ametllerorigenwp.com\/wp-content\/uploads\/2021\/03\/bacalla-300x102.jpg",300,102,true],"medium_large":["https:\/\/www.ametllerorigenwp.com\/wp-content\/uploads\/2021\/03\/bacalla-768x261.jpg",768,261,true],"large":["https:\/\/www.ametllerorigenwp.com\/wp-content\/uploads\/2021\/03\/bacalla.jpg",840,286,false],"1536x1536":["https:\/\/www.ametllerorigenwp.com\/wp-content\/uploads\/2021\/03\/bacalla.jpg",1000,340,false],"2048x2048":["https:\/\/www.ametllerorigenwp.com\/wp-content\/uploads\/2021\/03\/bacalla.jpg",1000,340,false],"post-thumbnail":["https:\/\/www.ametllerorigenwp.com\/wp-content\/uploads\/2021\/03\/bacalla.jpg",1000,340,false]},"uagb_author_info":{"display_name":"Mireia Zaragoza","author_link":"https:\/\/www.ametllerorigenwp.com\/ca\/author\/mzaragoza\/"},"uagb_comment_info":0,"uagb_excerpt":"Sabies que el bacall\u00e0 \u00e9s el plat estrella de quaresma? Es tracta d\u2019un peix blanc molt apreciat, gust\u00f3s i de f\u00e0cil digesti\u00f3, que t\u2019aporta un munt de beneficis per a la teva salut. El bacall\u00e0 \u00e9s un dels peixos m\u00e9s magres i aix\u00f2 li proporciona una carn blanca molt melosa. \u00c9s una font molt important&hellip;","coauthors":[],"tax_additional":{"categories":{"linked":["<a href=\"https:\/\/www.ametllerorigenwp.com\/ca\/category\/noticies\/\" class=\"advgb-post-tax-term\">Noticies<\/a>"],"unlinked":["<span class=\"advgb-post-tax-term\">Noticies<\/span>"]}},"comment_count":"0","relative_dates":{"created":"Posted 5 anys ago","modified":"Updated 5 anys ago"},"absolute_dates":{"created":"Posted on 21 de mar\u00e7 de 2021","modified":"Updated on 22 de mar\u00e7 de 2021"},"absolute_dates_time":{"created":"Posted on 21 de mar\u00e7 de 2021 13:44","modified":"Updated on 22 de mar\u00e7 de 2021 18:02"},"featured_img_caption":"","series_order":"","show_in_app":true,"fecha_inicio_destacado":null,"hora_inicio_visualizacion":null,"minutos_inicio_visualizacion":null,"fecha_final_destacado":null,"hora_final_visualizacion":null,"minutos_final_visualizacion":null,"posicion_visualizacion":null,"estado_destacado":null,"niveles_destacados":null,"url_del_enlace":null,"banner_destacado":null,"posicion_visualizacion_de_la_noticia":null,"estado_noticia":null,"fecha_de_inicio_de_visualizacion_del_tutorial":null,"hora_inicio_visualizacion_tutorial":null,"minutos_inicio_visualizacion_tutorial":null,"fecha_de_final_de_visualizacion_del_tutorial":null,"hora_final_visualizacion_tutorial":null,"minutos_final_visualizacion_tutorial":null,"numero_de_veces_visto":null,"numero_de_veces_total":null,"niveles_tutorial":null,"tutorial_recursos_castellano":null,"tutorial_recursos_catalan":null,"dias_disponibles":null,"dias_de_la_semana":null,"dias_del_mes":null,"other_lang_post_id":null,"lang":"ca","campanya_descripcion":null,"campanya_fecha_inicio":null,"campanya_fecha_fin":null,"campanya_legales":null,"campanya_imagen":null,"campanya_characteristics":null,"campanya_url":null,"campanya_posicion_visualizacion":null,"campanya_estado":null,"_links":{"self":[{"href":"https:\/\/www.ametllerorigenwp.com\/ca\/wp-json\/wp\/v2\/posts\/1301","targetHints":{"allow":["GET"]}}],"collection":[{"href":"https:\/\/www.ametllerorigenwp.com\/ca\/wp-json\/wp\/v2\/posts"}],"about":[{"href":"https:\/\/www.ametllerorigenwp.com\/ca\/wp-json\/wp\/v2\/types\/post"}],"author":[{"embeddable":true,"href":"https:\/\/www.ametllerorigenwp.com\/ca\/wp-json\/wp\/v2\/users\/5"}],"replies":[{"embeddable":true,"href":"https:\/\/www.ametllerorigenwp.com\/ca\/wp-json\/wp\/v2\/comments?post=1301"}],"version-history":[{"count":5,"href":"https:\/\/www.ametllerorigenwp.com\/ca\/wp-json\/wp\/v2\/posts\/1301\/revisions"}],"predecessor-version":[{"id":1336,"href":"https:\/\/www.ametllerorigenwp.com\/ca\/wp-json\/wp\/v2\/posts\/1301\/revisions\/1336"}],"wp:featuredmedia":[{"embeddable":true,"href":"https:\/\/www.ametllerorigenwp.com\/ca\/wp-json\/wp\/v2\/media\/1298"}],"wp:attachment":[{"href":"https:\/\/www.ametllerorigenwp.com\/ca\/wp-json\/wp\/v2\/media?parent=1301"}],"wp:term":[{"taxonomy":"category","embeddable":true,"href":"https:\/\/www.ametllerorigenwp.com\/ca\/wp-json\/wp\/v2\/categories?post=1301"},{"taxonomy":"post_tag","embeddable":true,"href":"https:\/\/www.ametllerorigenwp.com\/ca\/wp-json\/wp\/v2\/tags?post=1301"}],"curies":[{"name":"wp","href":"https:\/\/api.w.org\/{rel}","templated":true}]}}