{"id":13038,"date":"2024-11-19T01:00:15","date_gmt":"2024-11-19T01:00:15","guid":{"rendered":"https:\/\/www.ametllerorigenwp.com\/?p=13038"},"modified":"2024-11-19T21:07:04","modified_gmt":"2024-11-19T21:07:04","slug":"mes-de-160-000-e-per-als-afectats-de-la-dana","status":"publish","type":"post","link":"https:\/\/www.ametllerorigenwp.com\/ca\/mes-de-160-000-e-per-als-afectats-de-la-dana\/","title":{"rendered":"M\u00e9s de 160.000 \u20ac per als afectats de la DANA!"},"content":{"rendered":"<p>Estem molt orgullosos de comunicar-vos e<strong>l resultat de l&#8217;acci\u00f3 &#8216;Una m\u00e0 estesa per Val\u00e8ncia&#8217;<\/strong>.\u00a0\u00a0Davant del desastre de la DANA a Val\u00e8ncia, <strong>vam posar-nos a treballar, de la m\u00e0 de la Creu Roja a Catalunya, per aportar el nostre granet de sorra<\/strong>, i una vegada m\u00e9s, hem demostrat la fortalesa i la generositat de la nostra comunitat.<\/p>\n<p>Gr\u00e0cies a totes les vostres donacions i a <strong>una aportaci\u00f3 inicial que vam fer des d&#8217;Ametller Origen de\u00a050.000 \u20ac,<\/strong> <strong>hem recaptat m\u00e9s de 160.000\u202f\u20ac\u00a0que es destinaran a ajudar als afectats d&#8217;aquesta DANA tan\u00a0devastadora<\/strong>. En els pr\u00f2xims dies us donarem m\u00e9s detalls del dest\u00ed m\u00e9s concret d&#8217;aquesta recaptaci\u00f3.<\/p>\n<p>Gr\u00e0cies per ser-hi sempre!<\/p>\n","protected":false},"excerpt":{"rendered":"<p>Estem molt orgullosos de comunicar-vos el resultat de l&#8217;acci\u00f3 &#8216;Una m\u00e0 estesa per Val\u00e8ncia&#8217;.\u00a0\u00a0Davant del desastre de la DANA a Val\u00e8ncia, vam posar-nos a treballar, de la m\u00e0 de la Creu Roja a Catalunya, per aportar el nostre granet de sorra, i una vegada m\u00e9s, hem demostrat la fortalesa i la generositat de la nostra &hellip; <a href=\"https:\/\/www.ametllerorigenwp.com\/ca\/mes-de-160-000-e-per-als-afectats-de-la-dana\/\" class=\"more-link\">Continua llegint <span class=\"screen-reader-text\">\u00abM\u00e9s de 160.000 \u20ac per als afectats de la DANA!\u00bb<\/span><\/a><\/p>\n","protected":false},"author":5,"featured_media":12986,"comment_status":"closed","ping_status":"closed","sticky":false,"template":"","format":"standard","meta":{"_uag_custom_page_level_css":"","advgb_blocks_editor_width":"","advgb_blocks_columns_visual_guide":"","footnotes":""},"categories":[2],"tags":[],"class_list":["post-13038","post","type-post","status-publish","format-standard","has-post-thumbnail","hentry","category-noticies"],"author_meta":{"display_name":"Mireia Zaragoza","author_link":"https:\/\/www.ametllerorigenwp.com\/ca\/author\/mzaragoza\/"},"featured_img":"https:\/\/www.ametllerorigenwp.com\/wp-content\/uploads\/2023\/05\/B_APP_DANA_CA-300x105.jpg","uagb_featured_image_src":{"full":["https:\/\/www.ametllerorigenwp.com\/wp-content\/uploads\/2023\/05\/B_APP_DANA_CA.jpg",1422,498,false],"thumbnail":["https:\/\/www.ametllerorigenwp.com\/wp-content\/uploads\/2023\/05\/B_APP_DANA_CA-150x150.jpg",150,150,true],"medium":["https:\/\/www.ametllerorigenwp.com\/wp-content\/uploads\/2023\/05\/B_APP_DANA_CA-300x105.jpg",300,105,true],"medium_large":["https:\/\/www.ametllerorigenwp.com\/wp-content\/uploads\/2023\/05\/B_APP_DANA_CA-768x269.jpg",768,269,true],"large":["https:\/\/www.ametllerorigenwp.com\/wp-content\/uploads\/2023\/05\/B_APP_DANA_CA-1024x359.jpg",840,294,true],"1536x1536":["https:\/\/www.ametllerorigenwp.com\/wp-content\/uploads\/2023\/05\/B_APP_DANA_CA.jpg",1422,498,false],"2048x2048":["https:\/\/www.ametllerorigenwp.com\/wp-content\/uploads\/2023\/05\/B_APP_DANA_CA.jpg",1422,498,false],"post-thumbnail":["https:\/\/www.ametllerorigenwp.com\/wp-content\/uploads\/2023\/05\/B_APP_DANA_CA-1200x420.jpg",1200,420,true]},"uagb_author_info":{"display_name":"Mireia Zaragoza","author_link":"https:\/\/www.ametllerorigenwp.com\/ca\/author\/mzaragoza\/"},"uagb_comment_info":0,"uagb_excerpt":"Estem molt orgullosos de comunicar-vos el resultat de l&#8217;acci\u00f3 &#8216;Una m\u00e0 estesa per Val\u00e8ncia&#8217;.\u00a0\u00a0Davant del desastre de la DANA a Val\u00e8ncia, vam posar-nos a treballar, de la m\u00e0 de la Creu Roja a Catalunya, per aportar el nostre granet de sorra, i una vegada m\u00e9s, hem demostrat la fortalesa i la generositat de la nostra&hellip;","coauthors":[],"tax_additional":{"categories":{"linked":["<a href=\"https:\/\/www.ametllerorigenwp.com\/ca\/category\/noticies\/\" class=\"advgb-post-tax-term\">Noticies<\/a>"],"unlinked":["<span class=\"advgb-post-tax-term\">Noticies<\/span>"]}},"comment_count":"0","relative_dates":{"created":"Posted 1 any ago","modified":"Updated 1 any ago"},"absolute_dates":{"created":"Posted on 19 de novembre de 2024","modified":"Updated on 19 de novembre de 2024"},"absolute_dates_time":{"created":"Posted on 19 de novembre de 2024 01:00","modified":"Updated on 19 de novembre de 2024 21:07"},"featured_img_caption":"","series_order":"","show_in_app":true,"fecha_inicio_destacado":null,"hora_inicio_visualizacion":null,"minutos_inicio_visualizacion":null,"fecha_final_destacado":null,"hora_final_visualizacion":null,"minutos_final_visualizacion":null,"posicion_visualizacion":null,"estado_destacado":null,"niveles_destacados":null,"url_del_enlace":null,"banner_destacado":null,"posicion_visualizacion_de_la_noticia":"01","estado_noticia":["Visible"],"fecha_de_inicio_de_visualizacion_del_tutorial":null,"hora_inicio_visualizacion_tutorial":null,"minutos_inicio_visualizacion_tutorial":null,"fecha_de_final_de_visualizacion_del_tutorial":null,"hora_final_visualizacion_tutorial":null,"minutos_final_visualizacion_tutorial":null,"numero_de_veces_visto":null,"numero_de_veces_total":null,"niveles_tutorial":null,"tutorial_recursos_castellano":null,"tutorial_recursos_catalan":null,"dias_disponibles":null,"dias_de_la_semana":null,"dias_del_mes":null,"other_lang_post_id":13040,"lang":"ca","campanya_descripcion":null,"campanya_fecha_inicio":null,"campanya_fecha_fin":null,"campanya_legales":null,"campanya_imagen":null,"campanya_characteristics":null,"campanya_url":null,"campanya_posicion_visualizacion":null,"campanya_estado":null,"_links":{"self":[{"href":"https:\/\/www.ametllerorigenwp.com\/ca\/wp-json\/wp\/v2\/posts\/13038","targetHints":{"allow":["GET"]}}],"collection":[{"href":"https:\/\/www.ametllerorigenwp.com\/ca\/wp-json\/wp\/v2\/posts"}],"about":[{"href":"https:\/\/www.ametllerorigenwp.com\/ca\/wp-json\/wp\/v2\/types\/post"}],"author":[{"embeddable":true,"href":"https:\/\/www.ametllerorigenwp.com\/ca\/wp-json\/wp\/v2\/users\/5"}],"replies":[{"embeddable":true,"href":"https:\/\/www.ametllerorigenwp.com\/ca\/wp-json\/wp\/v2\/comments?post=13038"}],"version-history":[{"count":4,"href":"https:\/\/www.ametllerorigenwp.com\/ca\/wp-json\/wp\/v2\/posts\/13038\/revisions"}],"predecessor-version":[{"id":13044,"href":"https:\/\/www.ametllerorigenwp.com\/ca\/wp-json\/wp\/v2\/posts\/13038\/revisions\/13044"}],"wp:featuredmedia":[{"embeddable":true,"href":"https:\/\/www.ametllerorigenwp.com\/ca\/wp-json\/wp\/v2\/media\/12986"}],"wp:attachment":[{"href":"https:\/\/www.ametllerorigenwp.com\/ca\/wp-json\/wp\/v2\/media?parent=13038"}],"wp:term":[{"taxonomy":"category","embeddable":true,"href":"https:\/\/www.ametllerorigenwp.com\/ca\/wp-json\/wp\/v2\/categories?post=13038"},{"taxonomy":"post_tag","embeddable":true,"href":"https:\/\/www.ametllerorigenwp.com\/ca\/wp-json\/wp\/v2\/tags?post=13038"}],"curies":[{"name":"wp","href":"https:\/\/api.w.org\/{rel}","templated":true}]}}