{"id":13046,"date":"2024-11-23T01:00:15","date_gmt":"2024-11-23T01:00:15","guid":{"rendered":"https:\/\/www.ametllerorigenwp.com\/?p=13046"},"modified":"2024-11-22T13:41:07","modified_gmt":"2024-11-22T13:41:07","slug":"una-nit-de-solidaritat-i-emocio-en-benefici-de-la-casa-de-sofia","status":"publish","type":"post","link":"https:\/\/www.ametllerorigenwp.com\/ca\/una-nit-de-solidaritat-i-emocio-en-benefici-de-la-casa-de-sofia\/","title":{"rendered":"Una nit de solidaritat i emoci\u00f3 en benefici de La Casa de Sofia"},"content":{"rendered":"<p><span style=\"font-weight: 400;\">La nit del dijous 21 va ser realment m\u00e0gica! <strong>M\u00e9s de 1.080 persones van viure una vetllada \u00fanica i solid\u00e0ria al III Sopar Solidari d&#8217;Ametller Origen, celebrat enguany en benefici de l&#8217;Hospital Sant Joan de D\u00e9u de Barcelona.<\/strong><\/span><\/p>\n<p><span style=\"font-weight: 400;\">Els assistents van gaudir d&#8217;una nit plena d\u2019hist\u00f2ries i moments inoblidables, de la m\u00e0 del presentador Quim Masferrer i la influencer Celia Espanya, amb actuacions musicals de les\u00a0 cantants Valeria Tapia i Maria Subir\u00e0. A m\u00e9s, van poder degustar plats dels millors xefs del pa\u00eds: Nandu Jubany, Jordi Cruz, Hideki Matsuhisa, Oriol Balaguer i Lluc Crusellas.\u00a0<\/span><\/p>\n<p><span style=\"font-weight: 400;\"><strong>Gr\u00e0cies a totes les persones que han fet possible aquesta edici\u00f3 del Sopar solidari d\u2019Ametller Origen, hem aconseguit recaptar 54.000 \u20ac, que es destinar\u00e1n \u00edntegrament a La Casa de Sofia<\/strong>, un projecte de l\u2019Hospital Sant Joan de D\u00e9u Barcelona que ofereix atenci\u00f3 a nens amb malalties complexes, cr\u00f2niques o avan\u00e7ades.<\/span><\/p>\n<p><span style=\"font-weight: 400;\">Moltes gr\u00e0cies per fer cam\u00ed amb nosaltres!\u00a0<\/span><\/p>\n<p><span style=\"font-weight: 400;\">Aquest esdeveniment compta amb la col\u00b7laboraci\u00f3 de Aldel\u00eds, Aqualife, Arla Food, Artyplan, Audens Food, Barnhouse, Biocop, Bliss, Born, Caf\u00e8s Novell, C\u00e0rnia, Cedisco, Covert Security, Costa Caleta, Cultivar, Damm, Driscoll\u2019s, Ecoocel by Tavfood, Ecocart, Ejido Cart\u00f3n, Entremont, Europastry, Eversia, Global Berry, Greenpack Plastic Free, Grup Vall Companys, Germans Barri, Grupo Catal\u00e1, Hinojosa, Iberconseil, InnovaPack, La Granja, La Vanguardia, L\u2019Etivaz, Mid\u00f3, Mitjans, Natursoy, Nomen Foods, Orsero, Ous Roig, Panasonic, Panet, Pirinat, Pr\u00e9sident, ProfessPack, PwC Espa\u00f1a, Quesos El Pastor, Rac1, Raimaber Fluid Tech, Roen Plastic, Santiveri, Slashmobility, Sim\u00f3n Coll, Sushi Hua By Hideki Matsuhisa, Tacisa, T\u00eate de Moine, Torra, Torrent, Torrons Vicens, Valcoiberia, Vi\u00f1als, Waterfire i Yosoy.<\/span><\/p>\n","protected":false},"excerpt":{"rendered":"<p>La nit del dijous 21 va ser realment m\u00e0gica! M\u00e9s de 1.080 persones van viure una vetllada \u00fanica i solid\u00e0ria al III Sopar Solidari d&#8217;Ametller Origen, celebrat enguany en benefici de l&#8217;Hospital Sant Joan de D\u00e9u de Barcelona. Els assistents van gaudir d&#8217;una nit plena d\u2019hist\u00f2ries i moments inoblidables, de la m\u00e0 del presentador Quim &hellip; <a href=\"https:\/\/www.ametllerorigenwp.com\/ca\/una-nit-de-solidaritat-i-emocio-en-benefici-de-la-casa-de-sofia\/\" class=\"more-link\">Continua llegint <span class=\"screen-reader-text\">\u00abUna nit de solidaritat i emoci\u00f3 en benefici de La Casa de Sofia\u00bb<\/span><\/a><\/p>\n","protected":false},"author":5,"featured_media":13047,"comment_status":"closed","ping_status":"closed","sticky":false,"template":"","format":"standard","meta":{"_uag_custom_page_level_css":"","advgb_blocks_editor_width":"","advgb_blocks_columns_visual_guide":"","footnotes":""},"categories":[2],"tags":[],"class_list":["post-13046","post","type-post","status-publish","format-standard","has-post-thumbnail","hentry","category-noticies"],"author_meta":{"display_name":"Mireia Zaragoza","author_link":"https:\/\/www.ametllerorigenwp.com\/ca\/author\/mzaragoza\/"},"featured_img":"https:\/\/www.ametllerorigenwp.com\/wp-content\/uploads\/2024\/11\/Sopar-Solidari-Ametller-Origen-002-\u00a9-2024-Miquel-Monfort-1-300x102.jpg","uagb_featured_image_src":{"full":["https:\/\/www.ametllerorigenwp.com\/wp-content\/uploads\/2024\/11\/Sopar-Solidari-Ametller-Origen-002-\u00a9-2024-Miquel-Monfort-1.jpg",1000,340,false],"thumbnail":["https:\/\/www.ametllerorigenwp.com\/wp-content\/uploads\/2024\/11\/Sopar-Solidari-Ametller-Origen-002-\u00a9-2024-Miquel-Monfort-1-150x150.jpg",150,150,true],"medium":["https:\/\/www.ametllerorigenwp.com\/wp-content\/uploads\/2024\/11\/Sopar-Solidari-Ametller-Origen-002-\u00a9-2024-Miquel-Monfort-1-300x102.jpg",300,102,true],"medium_large":["https:\/\/www.ametllerorigenwp.com\/wp-content\/uploads\/2024\/11\/Sopar-Solidari-Ametller-Origen-002-\u00a9-2024-Miquel-Monfort-1-768x261.jpg",768,261,true],"large":["https:\/\/www.ametllerorigenwp.com\/wp-content\/uploads\/2024\/11\/Sopar-Solidari-Ametller-Origen-002-\u00a9-2024-Miquel-Monfort-1.jpg",840,286,false],"1536x1536":["https:\/\/www.ametllerorigenwp.com\/wp-content\/uploads\/2024\/11\/Sopar-Solidari-Ametller-Origen-002-\u00a9-2024-Miquel-Monfort-1.jpg",1000,340,false],"2048x2048":["https:\/\/www.ametllerorigenwp.com\/wp-content\/uploads\/2024\/11\/Sopar-Solidari-Ametller-Origen-002-\u00a9-2024-Miquel-Monfort-1.jpg",1000,340,false],"post-thumbnail":["https:\/\/www.ametllerorigenwp.com\/wp-content\/uploads\/2024\/11\/Sopar-Solidari-Ametller-Origen-002-\u00a9-2024-Miquel-Monfort-1.jpg",1000,340,false]},"uagb_author_info":{"display_name":"Mireia Zaragoza","author_link":"https:\/\/www.ametllerorigenwp.com\/ca\/author\/mzaragoza\/"},"uagb_comment_info":0,"uagb_excerpt":"La nit del dijous 21 va ser realment m\u00e0gica! M\u00e9s de 1.080 persones van viure una vetllada \u00fanica i solid\u00e0ria al III Sopar Solidari d&#8217;Ametller Origen, celebrat enguany en benefici de l&#8217;Hospital Sant Joan de D\u00e9u de Barcelona. Els assistents van gaudir d&#8217;una nit plena d\u2019hist\u00f2ries i moments inoblidables, de la m\u00e0 del presentador Quim&hellip;","coauthors":[],"tax_additional":{"categories":{"linked":["<a href=\"https:\/\/www.ametllerorigenwp.com\/ca\/category\/noticies\/\" class=\"advgb-post-tax-term\">Noticies<\/a>"],"unlinked":["<span class=\"advgb-post-tax-term\">Noticies<\/span>"]}},"comment_count":"0","relative_dates":{"created":"Posted 1 any ago","modified":"Updated 1 any ago"},"absolute_dates":{"created":"Posted on 23 de novembre de 2024","modified":"Updated on 22 de novembre de 2024"},"absolute_dates_time":{"created":"Posted on 23 de novembre de 2024 01:00","modified":"Updated on 22 de novembre de 2024 13:41"},"featured_img_caption":"","series_order":"","show_in_app":true,"fecha_inicio_destacado":null,"hora_inicio_visualizacion":null,"minutos_inicio_visualizacion":null,"fecha_final_destacado":null,"hora_final_visualizacion":null,"minutos_final_visualizacion":null,"posicion_visualizacion":null,"estado_destacado":null,"niveles_destacados":null,"url_del_enlace":null,"banner_destacado":null,"posicion_visualizacion_de_la_noticia":"01","estado_noticia":["Visible"],"fecha_de_inicio_de_visualizacion_del_tutorial":null,"hora_inicio_visualizacion_tutorial":null,"minutos_inicio_visualizacion_tutorial":null,"fecha_de_final_de_visualizacion_del_tutorial":null,"hora_final_visualizacion_tutorial":null,"minutos_final_visualizacion_tutorial":null,"numero_de_veces_visto":null,"numero_de_veces_total":null,"niveles_tutorial":null,"tutorial_recursos_castellano":null,"tutorial_recursos_catalan":null,"dias_disponibles":null,"dias_de_la_semana":null,"dias_del_mes":null,"other_lang_post_id":13050,"lang":"ca","campanya_descripcion":null,"campanya_fecha_inicio":null,"campanya_fecha_fin":null,"campanya_legales":null,"campanya_imagen":null,"campanya_characteristics":null,"campanya_url":null,"campanya_posicion_visualizacion":null,"campanya_estado":null,"_links":{"self":[{"href":"https:\/\/www.ametllerorigenwp.com\/ca\/wp-json\/wp\/v2\/posts\/13046","targetHints":{"allow":["GET"]}}],"collection":[{"href":"https:\/\/www.ametllerorigenwp.com\/ca\/wp-json\/wp\/v2\/posts"}],"about":[{"href":"https:\/\/www.ametllerorigenwp.com\/ca\/wp-json\/wp\/v2\/types\/post"}],"author":[{"embeddable":true,"href":"https:\/\/www.ametllerorigenwp.com\/ca\/wp-json\/wp\/v2\/users\/5"}],"replies":[{"embeddable":true,"href":"https:\/\/www.ametllerorigenwp.com\/ca\/wp-json\/wp\/v2\/comments?post=13046"}],"version-history":[{"count":1,"href":"https:\/\/www.ametllerorigenwp.com\/ca\/wp-json\/wp\/v2\/posts\/13046\/revisions"}],"predecessor-version":[{"id":13049,"href":"https:\/\/www.ametllerorigenwp.com\/ca\/wp-json\/wp\/v2\/posts\/13046\/revisions\/13049"}],"wp:featuredmedia":[{"embeddable":true,"href":"https:\/\/www.ametllerorigenwp.com\/ca\/wp-json\/wp\/v2\/media\/13047"}],"wp:attachment":[{"href":"https:\/\/www.ametllerorigenwp.com\/ca\/wp-json\/wp\/v2\/media?parent=13046"}],"wp:term":[{"taxonomy":"category","embeddable":true,"href":"https:\/\/www.ametllerorigenwp.com\/ca\/wp-json\/wp\/v2\/categories?post=13046"},{"taxonomy":"post_tag","embeddable":true,"href":"https:\/\/www.ametllerorigenwp.com\/ca\/wp-json\/wp\/v2\/tags?post=13046"}],"curies":[{"name":"wp","href":"https:\/\/api.w.org\/{rel}","templated":true}]}}