{"id":13089,"date":"2024-11-30T01:00:40","date_gmt":"2024-11-30T01:00:40","guid":{"rendered":"https:\/\/www.ametllerorigenwp.com\/?p=13089"},"modified":"2024-11-29T20:11:46","modified_gmt":"2024-11-29T20:11:46","slug":"prepara-lagenda-amb-els-nous-tallers-de-desembre","status":"publish","type":"post","link":"https:\/\/www.ametllerorigenwp.com\/ca\/prepara-lagenda-amb-els-nous-tallers-de-desembre\/","title":{"rendered":"Prepara l\u2019Agenda amb els nous tallers de desembre!"},"content":{"rendered":"<p><span style=\"font-weight: 400;\">Vols passar una tarda divertida i entretinguda aquest desembre? Consulta el nostre<\/span><a href=\"https:\/\/mercat-autors.ametllerorigen.com\/\"> <span style=\"font-weight: 400;\">calendari<\/span><\/a><span style=\"font-weight: 400;\"> i gaudeix dels millors tallers nadalencs!\u00a0<\/span><\/p>\n<p><span style=\"font-weight: 400;\">Amants del dol\u00e7, no et perdis el <strong>tast de torrons de Nadal amb el xef Nandu Jubany i el tast de panettones amb el sommelier Xavier Bassa.\u00a0<\/strong><\/span><\/p>\n<p><span style=\"font-weight: 400;\">Tanmateix, si vols treure el cuinetes que portes dins aquest Nadal, aquests tallers s\u00f3n per a tu: <strong>receptes de Nadal antimalbaratament de la m\u00e0 de la xef Ada Parellada i receptes nadalenques amb formatges italians.\u00a0<\/strong><\/span><\/p>\n<p><span style=\"font-weight: 400;\">I aix\u00f2 no \u00e9s tot! Tamb\u00e9 podr\u00e0s participar en <strong>el taller de tauletes nadalenques amb @ferrussian i en el de canap\u00e8s amb @albitrips,<\/strong> on aprendr\u00e0s a crear delicades i atractives del\u00edcies per a les teves festes!<\/span><\/p>\n<p><span style=\"font-weight: 400;\">Vine i gaudeix d\u2019un Nadal ple de sabor!\u00a0<\/span><\/p>\n","protected":false},"excerpt":{"rendered":"<p>Vols passar una tarda divertida i entretinguda aquest desembre? Consulta el nostre calendari i gaudeix dels millors tallers nadalencs!\u00a0 Amants del dol\u00e7, no et perdis el tast de torrons de Nadal amb el xef Nandu Jubany i el tast de panettones amb el sommelier Xavier Bassa.\u00a0 Tanmateix, si vols treure el cuinetes que portes dins &hellip; <a href=\"https:\/\/www.ametllerorigenwp.com\/ca\/prepara-lagenda-amb-els-nous-tallers-de-desembre\/\" class=\"more-link\">Continua llegint <span class=\"screen-reader-text\">\u00abPrepara l\u2019Agenda amb els nous tallers de desembre!\u00bb<\/span><\/a><\/p>\n","protected":false},"author":5,"featured_media":12468,"comment_status":"closed","ping_status":"closed","sticky":false,"template":"","format":"standard","meta":{"_uag_custom_page_level_css":"","advgb_blocks_editor_width":"","advgb_blocks_columns_visual_guide":"","footnotes":""},"categories":[2],"tags":[],"class_list":["post-13089","post","type-post","status-publish","format-standard","has-post-thumbnail","hentry","category-noticies"],"author_meta":{"display_name":"Mireia Zaragoza","author_link":"https:\/\/www.ametllerorigenwp.com\/ca\/author\/mzaragoza\/"},"featured_img":"https:\/\/www.ametllerorigenwp.com\/wp-content\/uploads\/2024\/08\/COMMS_FOTO_APP_TALLERS_SETEMBRE-1-300x102.jpeg","uagb_featured_image_src":{"full":["https:\/\/www.ametllerorigenwp.com\/wp-content\/uploads\/2024\/08\/COMMS_FOTO_APP_TALLERS_SETEMBRE-1.jpeg",1000,340,false],"thumbnail":["https:\/\/www.ametllerorigenwp.com\/wp-content\/uploads\/2024\/08\/COMMS_FOTO_APP_TALLERS_SETEMBRE-1-150x150.jpeg",150,150,true],"medium":["https:\/\/www.ametllerorigenwp.com\/wp-content\/uploads\/2024\/08\/COMMS_FOTO_APP_TALLERS_SETEMBRE-1-300x102.jpeg",300,102,true],"medium_large":["https:\/\/www.ametllerorigenwp.com\/wp-content\/uploads\/2024\/08\/COMMS_FOTO_APP_TALLERS_SETEMBRE-1-768x261.jpeg",768,261,true],"large":["https:\/\/www.ametllerorigenwp.com\/wp-content\/uploads\/2024\/08\/COMMS_FOTO_APP_TALLERS_SETEMBRE-1.jpeg",840,286,false],"1536x1536":["https:\/\/www.ametllerorigenwp.com\/wp-content\/uploads\/2024\/08\/COMMS_FOTO_APP_TALLERS_SETEMBRE-1.jpeg",1000,340,false],"2048x2048":["https:\/\/www.ametllerorigenwp.com\/wp-content\/uploads\/2024\/08\/COMMS_FOTO_APP_TALLERS_SETEMBRE-1.jpeg",1000,340,false],"post-thumbnail":["https:\/\/www.ametllerorigenwp.com\/wp-content\/uploads\/2024\/08\/COMMS_FOTO_APP_TALLERS_SETEMBRE-1.jpeg",1000,340,false]},"uagb_author_info":{"display_name":"Mireia Zaragoza","author_link":"https:\/\/www.ametllerorigenwp.com\/ca\/author\/mzaragoza\/"},"uagb_comment_info":0,"uagb_excerpt":"Vols passar una tarda divertida i entretinguda aquest desembre? Consulta el nostre calendari i gaudeix dels millors tallers nadalencs!\u00a0 Amants del dol\u00e7, no et perdis el tast de torrons de Nadal amb el xef Nandu Jubany i el tast de panettones amb el sommelier Xavier Bassa.\u00a0 Tanmateix, si vols treure el cuinetes que portes dins&hellip;","coauthors":[],"tax_additional":{"categories":{"linked":["<a href=\"https:\/\/www.ametllerorigenwp.com\/ca\/category\/noticies\/\" class=\"advgb-post-tax-term\">Noticies<\/a>"],"unlinked":["<span class=\"advgb-post-tax-term\">Noticies<\/span>"]}},"comment_count":"0","relative_dates":{"created":"Posted 1 any ago","modified":"Updated 1 any ago"},"absolute_dates":{"created":"Posted on 30 de novembre de 2024","modified":"Updated on 29 de novembre de 2024"},"absolute_dates_time":{"created":"Posted on 30 de novembre de 2024 01:00","modified":"Updated on 29 de novembre de 2024 20:11"},"featured_img_caption":"","series_order":"","show_in_app":true,"fecha_inicio_destacado":null,"hora_inicio_visualizacion":null,"minutos_inicio_visualizacion":null,"fecha_final_destacado":null,"hora_final_visualizacion":null,"minutos_final_visualizacion":null,"posicion_visualizacion":null,"estado_destacado":null,"niveles_destacados":null,"url_del_enlace":null,"banner_destacado":null,"posicion_visualizacion_de_la_noticia":"01","estado_noticia":["Visible"],"fecha_de_inicio_de_visualizacion_del_tutorial":null,"hora_inicio_visualizacion_tutorial":null,"minutos_inicio_visualizacion_tutorial":null,"fecha_de_final_de_visualizacion_del_tutorial":null,"hora_final_visualizacion_tutorial":null,"minutos_final_visualizacion_tutorial":null,"numero_de_veces_visto":null,"numero_de_veces_total":null,"niveles_tutorial":null,"tutorial_recursos_castellano":null,"tutorial_recursos_catalan":null,"dias_disponibles":null,"dias_de_la_semana":null,"dias_del_mes":null,"other_lang_post_id":13091,"lang":"ca","campanya_descripcion":null,"campanya_fecha_inicio":null,"campanya_fecha_fin":null,"campanya_legales":null,"campanya_imagen":null,"campanya_characteristics":null,"campanya_url":null,"campanya_posicion_visualizacion":null,"campanya_estado":null,"_links":{"self":[{"href":"https:\/\/www.ametllerorigenwp.com\/ca\/wp-json\/wp\/v2\/posts\/13089","targetHints":{"allow":["GET"]}}],"collection":[{"href":"https:\/\/www.ametllerorigenwp.com\/ca\/wp-json\/wp\/v2\/posts"}],"about":[{"href":"https:\/\/www.ametllerorigenwp.com\/ca\/wp-json\/wp\/v2\/types\/post"}],"author":[{"embeddable":true,"href":"https:\/\/www.ametllerorigenwp.com\/ca\/wp-json\/wp\/v2\/users\/5"}],"replies":[{"embeddable":true,"href":"https:\/\/www.ametllerorigenwp.com\/ca\/wp-json\/wp\/v2\/comments?post=13089"}],"version-history":[{"count":3,"href":"https:\/\/www.ametllerorigenwp.com\/ca\/wp-json\/wp\/v2\/posts\/13089\/revisions"}],"predecessor-version":[{"id":13094,"href":"https:\/\/www.ametllerorigenwp.com\/ca\/wp-json\/wp\/v2\/posts\/13089\/revisions\/13094"}],"wp:featuredmedia":[{"embeddable":true,"href":"https:\/\/www.ametllerorigenwp.com\/ca\/wp-json\/wp\/v2\/media\/12468"}],"wp:attachment":[{"href":"https:\/\/www.ametllerorigenwp.com\/ca\/wp-json\/wp\/v2\/media?parent=13089"}],"wp:term":[{"taxonomy":"category","embeddable":true,"href":"https:\/\/www.ametllerorigenwp.com\/ca\/wp-json\/wp\/v2\/categories?post=13089"},{"taxonomy":"post_tag","embeddable":true,"href":"https:\/\/www.ametllerorigenwp.com\/ca\/wp-json\/wp\/v2\/tags?post=13089"}],"curies":[{"name":"wp","href":"https:\/\/api.w.org\/{rel}","templated":true}]}}