{"id":13148,"date":"2024-12-21T15:30:15","date_gmt":"2024-12-21T15:30:15","guid":{"rendered":"https:\/\/www.ametllerorigenwp.com\/?p=13148"},"modified":"2024-12-21T15:30:15","modified_gmt":"2024-12-21T15:30:15","slug":"gaudeix-de-la-nova-revista-fem-cami","status":"publish","type":"post","link":"https:\/\/www.ametllerorigenwp.com\/ca\/gaudeix-de-la-nova-revista-fem-cami\/","title":{"rendered":"Gaudeix de la nova revista Fem Cam\u00ed!"},"content":{"rendered":"<p>Et falta lectura per aquestes festes? <strong>Ja pots llegir el des\u00e8 n\u00famero de la revista Fem Cam\u00ed,\u00a0<\/strong>on trobar\u00e0s <strong>l\u2019entrevista a l\u2019actor catal\u00e0 Marc Clotet.<\/strong> Tanmateix, hi descobrir\u00e0s <strong>les receptes m\u00e9s delicioses de temporada de les xefs Carme Ruscalleda, Ada Parellada i Vicent Guimer\u00e0<\/strong>, el men\u00fa dels 30 aliments d\u2019origen vegetal i els articles del Carlos Casabona, l&#8217;Antonio Cerrillo i el Pep Nogu\u00e9.<\/p>\n<p><strong>Troba-la a la teva botiga habitual o <a href=\"https:\/\/www.femcami.org\/ca\/revista-fem-cami\/fem-cami-desembre-2024\/\">llegeix-la online.<\/a>\u00a0<\/strong>Feli\u00e7 lectura!<\/p>\n","protected":false},"excerpt":{"rendered":"<p>Et falta lectura per aquestes festes? Ja pots llegir el des\u00e8 n\u00famero de la revista Fem Cam\u00ed,\u00a0on trobar\u00e0s l\u2019entrevista a l\u2019actor catal\u00e0 Marc Clotet. Tanmateix, hi descobrir\u00e0s les receptes m\u00e9s delicioses de temporada de les xefs Carme Ruscalleda, Ada Parellada i Vicent Guimer\u00e0, el men\u00fa dels 30 aliments d\u2019origen vegetal i els articles del Carlos &hellip; <a href=\"https:\/\/www.ametllerorigenwp.com\/ca\/gaudeix-de-la-nova-revista-fem-cami\/\" class=\"more-link\">Continua llegint <span class=\"screen-reader-text\">\u00abGaudeix de la nova revista Fem Cam\u00ed!\u00bb<\/span><\/a><\/p>\n","protected":false},"author":5,"featured_media":13150,"comment_status":"closed","ping_status":"closed","sticky":false,"template":"","format":"standard","meta":{"_uag_custom_page_level_css":"","advgb_blocks_editor_width":"","advgb_blocks_columns_visual_guide":"","footnotes":""},"categories":[2],"tags":[],"class_list":["post-13148","post","type-post","status-publish","format-standard","has-post-thumbnail","hentry","category-noticies"],"author_meta":{"display_name":"Mireia Zaragoza","author_link":"https:\/\/www.ametllerorigenwp.com\/ca\/author\/mzaragoza\/"},"featured_img":"https:\/\/www.ametllerorigenwp.com\/wp-content\/uploads\/2024\/12\/B_APP_FC10_CAT-300x105.jpg","uagb_featured_image_src":{"full":["https:\/\/www.ametllerorigenwp.com\/wp-content\/uploads\/2024\/12\/B_APP_FC10_CAT.jpg",1422,498,false],"thumbnail":["https:\/\/www.ametllerorigenwp.com\/wp-content\/uploads\/2024\/12\/B_APP_FC10_CAT-150x150.jpg",150,150,true],"medium":["https:\/\/www.ametllerorigenwp.com\/wp-content\/uploads\/2024\/12\/B_APP_FC10_CAT-300x105.jpg",300,105,true],"medium_large":["https:\/\/www.ametllerorigenwp.com\/wp-content\/uploads\/2024\/12\/B_APP_FC10_CAT-768x269.jpg",768,269,true],"large":["https:\/\/www.ametllerorigenwp.com\/wp-content\/uploads\/2024\/12\/B_APP_FC10_CAT-1024x359.jpg",840,294,true],"1536x1536":["https:\/\/www.ametllerorigenwp.com\/wp-content\/uploads\/2024\/12\/B_APP_FC10_CAT.jpg",1422,498,false],"2048x2048":["https:\/\/www.ametllerorigenwp.com\/wp-content\/uploads\/2024\/12\/B_APP_FC10_CAT.jpg",1422,498,false],"post-thumbnail":["https:\/\/www.ametllerorigenwp.com\/wp-content\/uploads\/2024\/12\/B_APP_FC10_CAT-1200x420.jpg",1200,420,true]},"uagb_author_info":{"display_name":"Mireia Zaragoza","author_link":"https:\/\/www.ametllerorigenwp.com\/ca\/author\/mzaragoza\/"},"uagb_comment_info":0,"uagb_excerpt":"Et falta lectura per aquestes festes? Ja pots llegir el des\u00e8 n\u00famero de la revista Fem Cam\u00ed,\u00a0on trobar\u00e0s l\u2019entrevista a l\u2019actor catal\u00e0 Marc Clotet. Tanmateix, hi descobrir\u00e0s les receptes m\u00e9s delicioses de temporada de les xefs Carme Ruscalleda, Ada Parellada i Vicent Guimer\u00e0, el men\u00fa dels 30 aliments d\u2019origen vegetal i els articles del Carlos&hellip;","coauthors":[],"tax_additional":{"categories":{"linked":["<a href=\"https:\/\/www.ametllerorigenwp.com\/ca\/category\/noticies\/\" class=\"advgb-post-tax-term\">Noticies<\/a>"],"unlinked":["<span class=\"advgb-post-tax-term\">Noticies<\/span>"]}},"comment_count":"0","relative_dates":{"created":"Posted 1 any ago","modified":"Updated 1 any ago"},"absolute_dates":{"created":"Posted on 21 de desembre de 2024","modified":"Updated on 21 de desembre de 2024"},"absolute_dates_time":{"created":"Posted on 21 de desembre de 2024 15:30","modified":"Updated on 21 de desembre de 2024 15:30"},"featured_img_caption":"","series_order":"","show_in_app":true,"fecha_inicio_destacado":null,"hora_inicio_visualizacion":null,"minutos_inicio_visualizacion":null,"fecha_final_destacado":null,"hora_final_visualizacion":null,"minutos_final_visualizacion":null,"posicion_visualizacion":null,"estado_destacado":null,"niveles_destacados":null,"url_del_enlace":null,"banner_destacado":null,"posicion_visualizacion_de_la_noticia":"01","estado_noticia":["Visible"],"fecha_de_inicio_de_visualizacion_del_tutorial":null,"hora_inicio_visualizacion_tutorial":null,"minutos_inicio_visualizacion_tutorial":null,"fecha_de_final_de_visualizacion_del_tutorial":null,"hora_final_visualizacion_tutorial":null,"minutos_final_visualizacion_tutorial":null,"numero_de_veces_visto":null,"numero_de_veces_total":null,"niveles_tutorial":null,"tutorial_recursos_castellano":null,"tutorial_recursos_catalan":null,"dias_disponibles":null,"dias_de_la_semana":null,"dias_del_mes":null,"other_lang_post_id":13154,"lang":"ca","campanya_descripcion":null,"campanya_fecha_inicio":null,"campanya_fecha_fin":null,"campanya_legales":null,"campanya_imagen":null,"campanya_characteristics":null,"campanya_url":null,"campanya_posicion_visualizacion":null,"campanya_estado":null,"_links":{"self":[{"href":"https:\/\/www.ametllerorigenwp.com\/ca\/wp-json\/wp\/v2\/posts\/13148","targetHints":{"allow":["GET"]}}],"collection":[{"href":"https:\/\/www.ametllerorigenwp.com\/ca\/wp-json\/wp\/v2\/posts"}],"about":[{"href":"https:\/\/www.ametllerorigenwp.com\/ca\/wp-json\/wp\/v2\/types\/post"}],"author":[{"embeddable":true,"href":"https:\/\/www.ametllerorigenwp.com\/ca\/wp-json\/wp\/v2\/users\/5"}],"replies":[{"embeddable":true,"href":"https:\/\/www.ametllerorigenwp.com\/ca\/wp-json\/wp\/v2\/comments?post=13148"}],"version-history":[{"count":2,"href":"https:\/\/www.ametllerorigenwp.com\/ca\/wp-json\/wp\/v2\/posts\/13148\/revisions"}],"predecessor-version":[{"id":13152,"href":"https:\/\/www.ametllerorigenwp.com\/ca\/wp-json\/wp\/v2\/posts\/13148\/revisions\/13152"}],"wp:featuredmedia":[{"embeddable":true,"href":"https:\/\/www.ametllerorigenwp.com\/ca\/wp-json\/wp\/v2\/media\/13150"}],"wp:attachment":[{"href":"https:\/\/www.ametllerorigenwp.com\/ca\/wp-json\/wp\/v2\/media?parent=13148"}],"wp:term":[{"taxonomy":"category","embeddable":true,"href":"https:\/\/www.ametllerorigenwp.com\/ca\/wp-json\/wp\/v2\/categories?post=13148"},{"taxonomy":"post_tag","embeddable":true,"href":"https:\/\/www.ametllerorigenwp.com\/ca\/wp-json\/wp\/v2\/tags?post=13148"}],"curies":[{"name":"wp","href":"https:\/\/api.w.org\/{rel}","templated":true}]}}