{"id":13224,"date":"2025-02-13T01:00:44","date_gmt":"2025-02-13T01:00:44","guid":{"rendered":"https:\/\/www.ametllerorigenwp.com\/?p=13224"},"modified":"2025-02-12T16:57:14","modified_gmt":"2025-02-12T16:57:14","slug":"amant-dels-calcots-la-gran-calcotada-dametller-origen-ja-es-aqui","status":"publish","type":"post","link":"https:\/\/www.ametllerorigenwp.com\/ca\/amant-dels-calcots-la-gran-calcotada-dametller-origen-ja-es-aqui\/","title":{"rendered":"Amant dels cal\u00e7ots, La Gran Cal\u00e7otada d\u2019Ametller Origen ja \u00e9s aqu\u00ed!"},"content":{"rendered":"<p><span style=\"font-weight: 400;\">Vols gaudir<\/span> <span style=\"font-weight: 400;\">d&#8217;una deliciosa tradici\u00f3 catalana amb la millor companyia mentre nosaltres posem la resta? <\/span><b>Et convidem el pr\u00f2xim dissabte 15 de mar\u00e7 a gaudir de La Gran Cal\u00e7otada d\u2019Ametller Origen a la Masia Josep Masachs<\/b><span style=\"font-weight: 400;\">.\u00a0<\/span><\/p>\n<p><span style=\"font-weight: 400;\">Un dia de ple de diversi\u00f3 on no hi faltar\u00e0 <\/span><b>m\u00fasica en directe, exhibicions tradicionals, activitats per als m\u00e9s petits de la casa, i un men\u00fa delici\u00f3s amb vermut, cal\u00e7ots, carn a la brasa, postres i beguda!<\/b><\/p>\n<p><span style=\"font-weight: 400;\">Compra ja les teves <\/span><a href=\"https:\/\/tallers.ametllerorigen.com\/lagrancalcotadadametllerorigen\"><span style=\"font-weight: 400;\">entrades<\/span><\/a><span style=\"font-weight: 400;\"> abans que s\u2019esgotin!<\/span><\/p>\n","protected":false},"excerpt":{"rendered":"<p>Vols gaudir d&#8217;una deliciosa tradici\u00f3 catalana amb la millor companyia mentre nosaltres posem la resta? Et convidem el pr\u00f2xim dissabte 15 de mar\u00e7 a gaudir de La Gran Cal\u00e7otada d\u2019Ametller Origen a la Masia Josep Masachs.\u00a0 Un dia de ple de diversi\u00f3 on no hi faltar\u00e0 m\u00fasica en directe, exhibicions tradicionals, activitats per als m\u00e9s &hellip; <a href=\"https:\/\/www.ametllerorigenwp.com\/ca\/amant-dels-calcots-la-gran-calcotada-dametller-origen-ja-es-aqui\/\" class=\"more-link\">Continua llegint <span class=\"screen-reader-text\">\u00abAmant dels cal\u00e7ots, La Gran Cal\u00e7otada d\u2019Ametller Origen ja \u00e9s aqu\u00ed!\u00bb<\/span><\/a><\/p>\n","protected":false},"author":5,"featured_media":13225,"comment_status":"closed","ping_status":"closed","sticky":false,"template":"","format":"standard","meta":{"_uag_custom_page_level_css":"","advgb_blocks_editor_width":"","advgb_blocks_columns_visual_guide":"","footnotes":""},"categories":[2],"tags":[],"class_list":["post-13224","post","type-post","status-publish","format-standard","has-post-thumbnail","hentry","category-noticies"],"author_meta":{"display_name":"Mireia Zaragoza","author_link":"https:\/\/www.ametllerorigenwp.com\/ca\/author\/mzaragoza\/"},"featured_img":"https:\/\/www.ametllerorigenwp.com\/wp-content\/uploads\/2025\/02\/Proyecto-nuevo-14-300x102.jpg","uagb_featured_image_src":{"full":["https:\/\/www.ametllerorigenwp.com\/wp-content\/uploads\/2025\/02\/Proyecto-nuevo-14.jpg",1000,340,false],"thumbnail":["https:\/\/www.ametllerorigenwp.com\/wp-content\/uploads\/2025\/02\/Proyecto-nuevo-14-150x150.jpg",150,150,true],"medium":["https:\/\/www.ametllerorigenwp.com\/wp-content\/uploads\/2025\/02\/Proyecto-nuevo-14-300x102.jpg",300,102,true],"medium_large":["https:\/\/www.ametllerorigenwp.com\/wp-content\/uploads\/2025\/02\/Proyecto-nuevo-14-768x261.jpg",768,261,true],"large":["https:\/\/www.ametllerorigenwp.com\/wp-content\/uploads\/2025\/02\/Proyecto-nuevo-14.jpg",840,286,false],"1536x1536":["https:\/\/www.ametllerorigenwp.com\/wp-content\/uploads\/2025\/02\/Proyecto-nuevo-14.jpg",1000,340,false],"2048x2048":["https:\/\/www.ametllerorigenwp.com\/wp-content\/uploads\/2025\/02\/Proyecto-nuevo-14.jpg",1000,340,false],"post-thumbnail":["https:\/\/www.ametllerorigenwp.com\/wp-content\/uploads\/2025\/02\/Proyecto-nuevo-14.jpg",1000,340,false]},"uagb_author_info":{"display_name":"Mireia Zaragoza","author_link":"https:\/\/www.ametllerorigenwp.com\/ca\/author\/mzaragoza\/"},"uagb_comment_info":0,"uagb_excerpt":"Vols gaudir d&#8217;una deliciosa tradici\u00f3 catalana amb la millor companyia mentre nosaltres posem la resta? Et convidem el pr\u00f2xim dissabte 15 de mar\u00e7 a gaudir de La Gran Cal\u00e7otada d\u2019Ametller Origen a la Masia Josep Masachs.\u00a0 Un dia de ple de diversi\u00f3 on no hi faltar\u00e0 m\u00fasica en directe, exhibicions tradicionals, activitats per als m\u00e9s&hellip;","coauthors":[],"tax_additional":{"categories":{"linked":["<a href=\"https:\/\/www.ametllerorigenwp.com\/ca\/category\/noticies\/\" class=\"advgb-post-tax-term\">Noticies<\/a>"],"unlinked":["<span class=\"advgb-post-tax-term\">Noticies<\/span>"]}},"comment_count":"0","relative_dates":{"created":"Posted 1 any ago","modified":"Updated 1 any ago"},"absolute_dates":{"created":"Posted on 13 de febrer de 2025","modified":"Updated on 12 de febrer de 2025"},"absolute_dates_time":{"created":"Posted on 13 de febrer de 2025 01:00","modified":"Updated on 12 de febrer de 2025 16:57"},"featured_img_caption":"","series_order":"","show_in_app":true,"fecha_inicio_destacado":null,"hora_inicio_visualizacion":null,"minutos_inicio_visualizacion":null,"fecha_final_destacado":null,"hora_final_visualizacion":null,"minutos_final_visualizacion":null,"posicion_visualizacion":null,"estado_destacado":null,"niveles_destacados":null,"url_del_enlace":null,"banner_destacado":null,"posicion_visualizacion_de_la_noticia":"01","estado_noticia":["Visible"],"fecha_de_inicio_de_visualizacion_del_tutorial":null,"hora_inicio_visualizacion_tutorial":null,"minutos_inicio_visualizacion_tutorial":null,"fecha_de_final_de_visualizacion_del_tutorial":null,"hora_final_visualizacion_tutorial":null,"minutos_final_visualizacion_tutorial":null,"numero_de_veces_visto":null,"numero_de_veces_total":null,"niveles_tutorial":null,"tutorial_recursos_castellano":null,"tutorial_recursos_catalan":null,"dias_disponibles":null,"dias_de_la_semana":null,"dias_del_mes":null,"other_lang_post_id":13228,"lang":"ca","campanya_descripcion":null,"campanya_fecha_inicio":null,"campanya_fecha_fin":null,"campanya_legales":null,"campanya_imagen":null,"campanya_characteristics":null,"campanya_url":null,"campanya_posicion_visualizacion":null,"campanya_estado":null,"_links":{"self":[{"href":"https:\/\/www.ametllerorigenwp.com\/ca\/wp-json\/wp\/v2\/posts\/13224","targetHints":{"allow":["GET"]}}],"collection":[{"href":"https:\/\/www.ametllerorigenwp.com\/ca\/wp-json\/wp\/v2\/posts"}],"about":[{"href":"https:\/\/www.ametllerorigenwp.com\/ca\/wp-json\/wp\/v2\/types\/post"}],"author":[{"embeddable":true,"href":"https:\/\/www.ametllerorigenwp.com\/ca\/wp-json\/wp\/v2\/users\/5"}],"replies":[{"embeddable":true,"href":"https:\/\/www.ametllerorigenwp.com\/ca\/wp-json\/wp\/v2\/comments?post=13224"}],"version-history":[{"count":1,"href":"https:\/\/www.ametllerorigenwp.com\/ca\/wp-json\/wp\/v2\/posts\/13224\/revisions"}],"predecessor-version":[{"id":13227,"href":"https:\/\/www.ametllerorigenwp.com\/ca\/wp-json\/wp\/v2\/posts\/13224\/revisions\/13227"}],"wp:featuredmedia":[{"embeddable":true,"href":"https:\/\/www.ametllerorigenwp.com\/ca\/wp-json\/wp\/v2\/media\/13225"}],"wp:attachment":[{"href":"https:\/\/www.ametllerorigenwp.com\/ca\/wp-json\/wp\/v2\/media?parent=13224"}],"wp:term":[{"taxonomy":"category","embeddable":true,"href":"https:\/\/www.ametllerorigenwp.com\/ca\/wp-json\/wp\/v2\/categories?post=13224"},{"taxonomy":"post_tag","embeddable":true,"href":"https:\/\/www.ametllerorigenwp.com\/ca\/wp-json\/wp\/v2\/tags?post=13224"}],"curies":[{"name":"wp","href":"https:\/\/api.w.org\/{rel}","templated":true}]}}