{"id":13241,"date":"2025-03-07T01:00:10","date_gmt":"2025-03-07T01:00:10","guid":{"rendered":"https:\/\/www.ametllerorigenwp.com\/?p=13241"},"modified":"2025-03-06T16:45:09","modified_gmt":"2025-03-06T16:45:09","slug":"prepara-lagenda-amb-els-tallers-de-marc","status":"publish","type":"post","link":"https:\/\/www.ametllerorigenwp.com\/ca\/prepara-lagenda-amb-els-tallers-de-marc\/","title":{"rendered":"Prepara l\u2019agenda amb els tallers de mar\u00e7!"},"content":{"rendered":"<p>Vols passar una tarda divertida i entretinguda? Consulta el nostre <a href=\"https:\/\/tallers.ametllerorigen.com\/\" target=\"_blank\" rel=\"noopener nofollow noreferrer\">calendari<\/a> de mar\u00e7 i gaudeix dels millors tallers!<\/p>\n<p>Si ets un amant dels cal\u00e7ots,<strong> no et perdis el <b>maridatge de vins amb cal\u00e7ots amb el sommelier Xavier Bassa.<\/b><\/strong> I si encara no tens la teva entrada, afanya\u2019t que queden les \u00faltimes places per viure <strong><b>La Gran Cal\u00e7otada: una combinaci\u00f3 perfecta de sabor i tradici\u00f3<\/b>!<br \/>\n<\/strong><br \/>\nTanmateix, si el que vols \u00e9s aprendre a cuinar receptes f\u00e0cils i r\u00e0pides, no et perdis el <strong><b>showcooking de <\/b><b>cuina Pim Pam amb el xef Arnau Par\u00eds <\/b><b>&amp; Specials<\/b>.<br \/>\n<\/strong><br \/>\nI aix\u00f2 no \u00e9s tot! Per als amants de l\u2019alimentaci\u00f3 saludable i sostenible <strong><b>estrenem les Nutri Talks<\/b>, <b>un espai on aprendr\u00e0s sobre h\u00e0bits nutricionals<\/b>. <\/strong>Aquest mes, <strong><b>de la m\u00e0 de la nutricionista Ana Viu, apr\u00e8n a cuidar la teva salut intestinal <\/b><\/strong>alhora que gaudeixes d\u2019un berenar amb aliments antiinflamatoris.<br \/>\n<strong><br \/>\n<\/strong>T\u2019hi esperem !<\/p>\n","protected":false},"excerpt":{"rendered":"<p>Vols passar una tarda divertida i entretinguda? Consulta el nostre calendari de mar\u00e7 i gaudeix dels millors tallers! Si ets un amant dels cal\u00e7ots, no et perdis el maridatge de vins amb cal\u00e7ots amb el sommelier Xavier Bassa. I si encara no tens la teva entrada, afanya\u2019t que queden les \u00faltimes places per viure La &hellip; <a href=\"https:\/\/www.ametllerorigenwp.com\/ca\/prepara-lagenda-amb-els-tallers-de-marc\/\" class=\"more-link\">Continua llegint <span class=\"screen-reader-text\">\u00abPrepara l\u2019agenda amb els tallers de mar\u00e7!\u00bb<\/span><\/a><\/p>\n","protected":false},"author":5,"featured_media":13252,"comment_status":"closed","ping_status":"closed","sticky":false,"template":"","format":"standard","meta":{"_uag_custom_page_level_css":"","advgb_blocks_editor_width":"","advgb_blocks_columns_visual_guide":"","footnotes":""},"categories":[2],"tags":[],"class_list":["post-13241","post","type-post","status-publish","format-standard","has-post-thumbnail","hentry","category-noticies"],"author_meta":{"display_name":"Mireia Zaragoza","author_link":"https:\/\/www.ametllerorigenwp.com\/ca\/author\/mzaragoza\/"},"featured_img":"https:\/\/www.ametllerorigenwp.com\/wp-content\/uploads\/2025\/03\/COMMS_GEN_APP_ESDEVENIMENTS_1000x340-300x102.jpg","uagb_featured_image_src":{"full":["https:\/\/www.ametllerorigenwp.com\/wp-content\/uploads\/2025\/03\/COMMS_GEN_APP_ESDEVENIMENTS_1000x340.jpg",1001,341,false],"thumbnail":["https:\/\/www.ametllerorigenwp.com\/wp-content\/uploads\/2025\/03\/COMMS_GEN_APP_ESDEVENIMENTS_1000x340-150x150.jpg",150,150,true],"medium":["https:\/\/www.ametllerorigenwp.com\/wp-content\/uploads\/2025\/03\/COMMS_GEN_APP_ESDEVENIMENTS_1000x340-300x102.jpg",300,102,true],"medium_large":["https:\/\/www.ametllerorigenwp.com\/wp-content\/uploads\/2025\/03\/COMMS_GEN_APP_ESDEVENIMENTS_1000x340-768x262.jpg",768,262,true],"large":["https:\/\/www.ametllerorigenwp.com\/wp-content\/uploads\/2025\/03\/COMMS_GEN_APP_ESDEVENIMENTS_1000x340.jpg",840,286,false],"1536x1536":["https:\/\/www.ametllerorigenwp.com\/wp-content\/uploads\/2025\/03\/COMMS_GEN_APP_ESDEVENIMENTS_1000x340.jpg",1001,341,false],"2048x2048":["https:\/\/www.ametllerorigenwp.com\/wp-content\/uploads\/2025\/03\/COMMS_GEN_APP_ESDEVENIMENTS_1000x340.jpg",1001,341,false],"post-thumbnail":["https:\/\/www.ametllerorigenwp.com\/wp-content\/uploads\/2025\/03\/COMMS_GEN_APP_ESDEVENIMENTS_1000x340.jpg",1001,341,false]},"uagb_author_info":{"display_name":"Mireia Zaragoza","author_link":"https:\/\/www.ametllerorigenwp.com\/ca\/author\/mzaragoza\/"},"uagb_comment_info":0,"uagb_excerpt":"Vols passar una tarda divertida i entretinguda? Consulta el nostre calendari de mar\u00e7 i gaudeix dels millors tallers! Si ets un amant dels cal\u00e7ots, no et perdis el maridatge de vins amb cal\u00e7ots amb el sommelier Xavier Bassa. I si encara no tens la teva entrada, afanya\u2019t que queden les \u00faltimes places per viure La&hellip;","coauthors":[],"tax_additional":{"categories":{"linked":["<a href=\"https:\/\/www.ametllerorigenwp.com\/ca\/category\/noticies\/\" class=\"advgb-post-tax-term\">Noticies<\/a>"],"unlinked":["<span class=\"advgb-post-tax-term\">Noticies<\/span>"]}},"comment_count":"0","relative_dates":{"created":"Posted 1 any ago","modified":"Updated 1 any ago"},"absolute_dates":{"created":"Posted on 7 de mar\u00e7 de 2025","modified":"Updated on 6 de mar\u00e7 de 2025"},"absolute_dates_time":{"created":"Posted on 7 de mar\u00e7 de 2025 01:00","modified":"Updated on 6 de mar\u00e7 de 2025 16:45"},"featured_img_caption":"","series_order":"","show_in_app":true,"fecha_inicio_destacado":null,"hora_inicio_visualizacion":null,"minutos_inicio_visualizacion":null,"fecha_final_destacado":null,"hora_final_visualizacion":null,"minutos_final_visualizacion":null,"posicion_visualizacion":null,"estado_destacado":null,"niveles_destacados":null,"url_del_enlace":null,"banner_destacado":null,"posicion_visualizacion_de_la_noticia":"01","estado_noticia":["Visible"],"fecha_de_inicio_de_visualizacion_del_tutorial":null,"hora_inicio_visualizacion_tutorial":null,"minutos_inicio_visualizacion_tutorial":null,"fecha_de_final_de_visualizacion_del_tutorial":null,"hora_final_visualizacion_tutorial":null,"minutos_final_visualizacion_tutorial":null,"numero_de_veces_visto":null,"numero_de_veces_total":null,"niveles_tutorial":null,"tutorial_recursos_castellano":null,"tutorial_recursos_catalan":null,"dias_disponibles":null,"dias_de_la_semana":null,"dias_del_mes":null,"other_lang_post_id":13256,"lang":"ca","campanya_descripcion":null,"campanya_fecha_inicio":null,"campanya_fecha_fin":null,"campanya_legales":null,"campanya_imagen":null,"campanya_characteristics":null,"campanya_url":null,"campanya_posicion_visualizacion":null,"campanya_estado":null,"_links":{"self":[{"href":"https:\/\/www.ametllerorigenwp.com\/ca\/wp-json\/wp\/v2\/posts\/13241","targetHints":{"allow":["GET"]}}],"collection":[{"href":"https:\/\/www.ametllerorigenwp.com\/ca\/wp-json\/wp\/v2\/posts"}],"about":[{"href":"https:\/\/www.ametllerorigenwp.com\/ca\/wp-json\/wp\/v2\/types\/post"}],"author":[{"embeddable":true,"href":"https:\/\/www.ametllerorigenwp.com\/ca\/wp-json\/wp\/v2\/users\/5"}],"replies":[{"embeddable":true,"href":"https:\/\/www.ametllerorigenwp.com\/ca\/wp-json\/wp\/v2\/comments?post=13241"}],"version-history":[{"count":1,"href":"https:\/\/www.ametllerorigenwp.com\/ca\/wp-json\/wp\/v2\/posts\/13241\/revisions"}],"predecessor-version":[{"id":13254,"href":"https:\/\/www.ametllerorigenwp.com\/ca\/wp-json\/wp\/v2\/posts\/13241\/revisions\/13254"}],"wp:featuredmedia":[{"embeddable":true,"href":"https:\/\/www.ametllerorigenwp.com\/ca\/wp-json\/wp\/v2\/media\/13252"}],"wp:attachment":[{"href":"https:\/\/www.ametllerorigenwp.com\/ca\/wp-json\/wp\/v2\/media?parent=13241"}],"wp:term":[{"taxonomy":"category","embeddable":true,"href":"https:\/\/www.ametllerorigenwp.com\/ca\/wp-json\/wp\/v2\/categories?post=13241"},{"taxonomy":"post_tag","embeddable":true,"href":"https:\/\/www.ametllerorigenwp.com\/ca\/wp-json\/wp\/v2\/tags?post=13241"}],"curies":[{"name":"wp","href":"https:\/\/api.w.org\/{rel}","templated":true}]}}