{"id":13324,"date":"2025-04-23T14:12:40","date_gmt":"2025-04-23T14:12:40","guid":{"rendered":"https:\/\/www.ametllerorigenwp.com\/?p=13324"},"modified":"2025-05-15T14:49:51","modified_gmt":"2025-05-15T14:49:51","slug":"apuntat-al-millor-pla-de-cap-de-setmana-el-vermutet-dametller-origen","status":"publish","type":"post","link":"https:\/\/www.ametllerorigenwp.com\/ca\/apuntat-al-millor-pla-de-cap-de-setmana-el-vermutet-dametller-origen\/","title":{"rendered":"Apunta\u2019t al millor pla de cap de setmana: el Vermutet d\u2019Ametller Origen"},"content":{"rendered":"<div class=\"TypographyPresentation TypographyPresentation--medium RichText3-paragraph--withVSpacingNormal RichText3-paragraph HighlightSol HighlightSol--buildingBlock\"><strong>Vols gaudir d\u2019una experi\u00e8ncia \u00fanica amb nosaltres? Et convidem el pr\u00f2xim dissabte 10 de maig al Vermutet d&#8217;Ametller Origen a la terrassa de Norrsken House Barcelona!<\/strong><\/div>\n<div class=\"TypographyPresentation TypographyPresentation--medium RichText3-paragraph--withVSpacingNormal RichText3-paragraph HighlightSol HighlightSol--buildingBlock\"><\/div>\n<div class=\"TypographyPresentation TypographyPresentation--medium RichText3-paragraph--withVSpacingNormal RichText3-paragraph HighlightSol HighlightSol--buildingBlock\">Comparteix una jornada inoblidable en bona companyia i deixa\u2019t seduir durant quatre hores per\u00a0<strong>les millors vistes al mar, m\u00fasica en directe\u00a0<\/strong>a c\u00e0rrec de Tura &amp; The Soul Band, i per descomptat, d&#8217;una\u00a0<strong>proposta gastron\u00f2mica deliciosa on el vermut n&#8217;\u00e9s el protagonista<\/strong>.<\/div>\n<div class=\"TypographyPresentation TypographyPresentation--medium RichText3-paragraph--withVSpacingNormal RichText3-paragraph HighlightSol HighlightSol--buildingBlock\"><\/div>\n<div class=\"TypographyPresentation TypographyPresentation--medium RichText3-paragraph--withVSpacingNormal RichText3-paragraph HighlightSol HighlightSol--buildingBlock\">Compra les <a class=\"PrimaryLink HighlightSol HighlightSol--core LinkBase\" href=\"https:\/\/tallers.ametllerorigen.com\/elvermutetdametllerorigen?utm_source=app&amp;utm_medium=appcat&amp;utm_campaign=eve_esd-micro_ao_hipervincle_sales_10052025\" target=\"_blank\" rel=\"noreferrer noopener\">teves entrades <\/a>abans que s&#8217;esgotin!<\/div>\n","protected":false},"excerpt":{"rendered":"<p>Vols gaudir d\u2019una experi\u00e8ncia \u00fanica amb nosaltres? Et convidem el pr\u00f2xim dissabte 10 de maig al Vermutet d&#8217;Ametller Origen a la terrassa de Norrsken House Barcelona! Comparteix una jornada inoblidable en bona companyia i deixa\u2019t seduir durant quatre hores per\u00a0les millors vistes al mar, m\u00fasica en directe\u00a0a c\u00e0rrec de Tura &amp; The Soul Band, i &hellip; <a href=\"https:\/\/www.ametllerorigenwp.com\/ca\/apuntat-al-millor-pla-de-cap-de-setmana-el-vermutet-dametller-origen\/\" class=\"more-link\">Continua llegint <span class=\"screen-reader-text\">\u00abApunta\u2019t al millor pla de cap de setmana: el Vermutet d\u2019Ametller Origen\u00bb<\/span><\/a><\/p>\n","protected":false},"author":5,"featured_media":13359,"comment_status":"closed","ping_status":"closed","sticky":false,"template":"","format":"standard","meta":{"_uag_custom_page_level_css":"","advgb_blocks_editor_width":"","advgb_blocks_columns_visual_guide":"","footnotes":""},"categories":[2],"tags":[],"class_list":["post-13324","post","type-post","status-publish","format-standard","has-post-thumbnail","hentry","category-noticies"],"author_meta":{"display_name":"Mireia Zaragoza","author_link":"https:\/\/www.ametllerorigenwp.com\/ca\/author\/mzaragoza\/"},"featured_img":"https:\/\/www.ametllerorigenwp.com\/wp-content\/uploads\/2025\/04\/El-Vermutet-Ametller-076-\u00a9-2025-Miquel-Monfort-1-300x102.jpg","uagb_featured_image_src":{"full":["https:\/\/www.ametllerorigenwp.com\/wp-content\/uploads\/2025\/04\/El-Vermutet-Ametller-076-\u00a9-2025-Miquel-Monfort-1.jpg",1000,340,false],"thumbnail":["https:\/\/www.ametllerorigenwp.com\/wp-content\/uploads\/2025\/04\/El-Vermutet-Ametller-076-\u00a9-2025-Miquel-Monfort-1-150x150.jpg",150,150,true],"medium":["https:\/\/www.ametllerorigenwp.com\/wp-content\/uploads\/2025\/04\/El-Vermutet-Ametller-076-\u00a9-2025-Miquel-Monfort-1-300x102.jpg",300,102,true],"medium_large":["https:\/\/www.ametllerorigenwp.com\/wp-content\/uploads\/2025\/04\/El-Vermutet-Ametller-076-\u00a9-2025-Miquel-Monfort-1-768x261.jpg",768,261,true],"large":["https:\/\/www.ametllerorigenwp.com\/wp-content\/uploads\/2025\/04\/El-Vermutet-Ametller-076-\u00a9-2025-Miquel-Monfort-1.jpg",840,286,false],"1536x1536":["https:\/\/www.ametllerorigenwp.com\/wp-content\/uploads\/2025\/04\/El-Vermutet-Ametller-076-\u00a9-2025-Miquel-Monfort-1.jpg",1000,340,false],"2048x2048":["https:\/\/www.ametllerorigenwp.com\/wp-content\/uploads\/2025\/04\/El-Vermutet-Ametller-076-\u00a9-2025-Miquel-Monfort-1.jpg",1000,340,false],"post-thumbnail":["https:\/\/www.ametllerorigenwp.com\/wp-content\/uploads\/2025\/04\/El-Vermutet-Ametller-076-\u00a9-2025-Miquel-Monfort-1.jpg",1000,340,false]},"uagb_author_info":{"display_name":"Mireia Zaragoza","author_link":"https:\/\/www.ametllerorigenwp.com\/ca\/author\/mzaragoza\/"},"uagb_comment_info":0,"uagb_excerpt":"Vols gaudir d\u2019una experi\u00e8ncia \u00fanica amb nosaltres? Et convidem el pr\u00f2xim dissabte 10 de maig al Vermutet d&#8217;Ametller Origen a la terrassa de Norrsken House Barcelona! Comparteix una jornada inoblidable en bona companyia i deixa\u2019t seduir durant quatre hores per\u00a0les millors vistes al mar, m\u00fasica en directe\u00a0a c\u00e0rrec de Tura &amp; The Soul Band, i&hellip;","coauthors":[],"tax_additional":{"categories":{"linked":["<a href=\"https:\/\/www.ametllerorigenwp.com\/ca\/category\/noticies\/\" class=\"advgb-post-tax-term\">Noticies<\/a>"],"unlinked":["<span class=\"advgb-post-tax-term\">Noticies<\/span>"]}},"comment_count":"0","relative_dates":{"created":"Posted 1 any ago","modified":"Updated 12 mesos ago"},"absolute_dates":{"created":"Posted on 23 d'abril de 2025","modified":"Updated on 15 de maig de 2025"},"absolute_dates_time":{"created":"Posted on 23 d'abril de 2025 14:12","modified":"Updated on 15 de maig de 2025 14:49"},"featured_img_caption":"","series_order":"","show_in_app":true,"fecha_inicio_destacado":null,"hora_inicio_visualizacion":null,"minutos_inicio_visualizacion":null,"fecha_final_destacado":null,"hora_final_visualizacion":null,"minutos_final_visualizacion":null,"posicion_visualizacion":null,"estado_destacado":null,"niveles_destacados":null,"url_del_enlace":null,"banner_destacado":null,"posicion_visualizacion_de_la_noticia":"01","estado_noticia":["Visible"],"fecha_de_inicio_de_visualizacion_del_tutorial":null,"hora_inicio_visualizacion_tutorial":null,"minutos_inicio_visualizacion_tutorial":null,"fecha_de_final_de_visualizacion_del_tutorial":null,"hora_final_visualizacion_tutorial":null,"minutos_final_visualizacion_tutorial":null,"numero_de_veces_visto":null,"numero_de_veces_total":null,"niveles_tutorial":null,"tutorial_recursos_castellano":null,"tutorial_recursos_catalan":null,"dias_disponibles":null,"dias_de_la_semana":null,"dias_del_mes":null,"other_lang_post_id":13328,"lang":"ca","campanya_descripcion":null,"campanya_fecha_inicio":null,"campanya_fecha_fin":null,"campanya_legales":null,"campanya_imagen":null,"campanya_characteristics":null,"campanya_url":null,"campanya_posicion_visualizacion":null,"campanya_estado":null,"_links":{"self":[{"href":"https:\/\/www.ametllerorigenwp.com\/ca\/wp-json\/wp\/v2\/posts\/13324","targetHints":{"allow":["GET"]}}],"collection":[{"href":"https:\/\/www.ametllerorigenwp.com\/ca\/wp-json\/wp\/v2\/posts"}],"about":[{"href":"https:\/\/www.ametllerorigenwp.com\/ca\/wp-json\/wp\/v2\/types\/post"}],"author":[{"embeddable":true,"href":"https:\/\/www.ametllerorigenwp.com\/ca\/wp-json\/wp\/v2\/users\/5"}],"replies":[{"embeddable":true,"href":"https:\/\/www.ametllerorigenwp.com\/ca\/wp-json\/wp\/v2\/comments?post=13324"}],"version-history":[{"count":2,"href":"https:\/\/www.ametllerorigenwp.com\/ca\/wp-json\/wp\/v2\/posts\/13324\/revisions"}],"predecessor-version":[{"id":13361,"href":"https:\/\/www.ametllerorigenwp.com\/ca\/wp-json\/wp\/v2\/posts\/13324\/revisions\/13361"}],"wp:featuredmedia":[{"embeddable":true,"href":"https:\/\/www.ametllerorigenwp.com\/ca\/wp-json\/wp\/v2\/media\/13359"}],"wp:attachment":[{"href":"https:\/\/www.ametllerorigenwp.com\/ca\/wp-json\/wp\/v2\/media?parent=13324"}],"wp:term":[{"taxonomy":"category","embeddable":true,"href":"https:\/\/www.ametllerorigenwp.com\/ca\/wp-json\/wp\/v2\/categories?post=13324"},{"taxonomy":"post_tag","embeddable":true,"href":"https:\/\/www.ametllerorigenwp.com\/ca\/wp-json\/wp\/v2\/tags?post=13324"}],"curies":[{"name":"wp","href":"https:\/\/api.w.org\/{rel}","templated":true}]}}