{"id":13397,"date":"2025-06-28T01:00:45","date_gmt":"2025-06-28T01:00:45","guid":{"rendered":"https:\/\/www.ametllerorigenwp.com\/?p=13397"},"modified":"2025-06-27T10:22:02","modified_gmt":"2025-06-27T10:22:02","slug":"viu-un-estiu-ple-de-sabor-experiencies-de-juliol","status":"publish","type":"post","link":"https:\/\/www.ametllerorigenwp.com\/ca\/viu-un-estiu-ple-de-sabor-experiencies-de-juliol\/","title":{"rendered":"Viu un estiu ple de sabor: experi\u00e8ncies de juliol!"},"content":{"rendered":"<p><span style=\"font-weight: 400;\">L&#8217;estiu ja \u00e9s aqu\u00ed i et portem un <\/span><a href=\"https:\/\/tallers.ametllerorigen.com\/?month=7&amp;year=2025?utm_source=aoapps.net&amp;utm_medium=appcat&amp;utm_campaign=eve_tallers_ao_noticia_sales_27062025\"><span style=\"font-weight: 400;\">calendari<\/span><\/a><span style=\"font-weight: 400;\"> ple d&#8217;experi\u00e8ncies per gaudir-ne al m\u00e0xim! Descobreix els secrets dels nostres tom\u00e0quets amb una <\/span><b>visita a l&#8217;hivernacle d&#8217;I+D<\/b><span style=\"font-weight: 400;\"> o delecta el teu paladar amb un <\/span><b>maridatge de vins i caves amb tom\u00e0quets<\/b><span style=\"font-weight: 400;\">.<\/span><\/p>\n<p><span style=\"font-weight: 400;\">Assaboreix el millor producte de temporada a <\/span><b>&#8220;El Gastron\u00f2mic: Sabors d&#8217;estiu&#8221;<\/b><span style=\"font-weight: 400;\">, viatja sense moure&#8217;t de la ciutat a <\/span><b>&#8220;El Gastron\u00f2mic: un tast d&#8217;It\u00e0lia&#8221;<\/b><span style=\"font-weight: 400;\"> o treu l\u2019artista que portes dins amb el taller <\/span><b>&#8220;Pintura i degustaci\u00f3: especial fruita dol\u00e7a&#8221;<\/b><span style=\"font-weight: 400;\">.<\/span><\/p>\n<p><span style=\"font-weight: 400;\">Si el que vols \u00e9s perfeccionar les teves habilitats culin\u00e0ries, no et perdis el <\/span><i><span style=\"font-weight: 400;\">showcooking <\/span><\/i><b>\u201cCuina de tradici\u00f3: arrossos de mar i muntanya\u201d<\/b><span style=\"font-weight: 400;\"> o el de <\/span><b>receptes de temporada amb la xef Martina Puigvert<\/b><span style=\"font-weight: 400;\">. I aix\u00f2 no \u00e9s tot: pels amants dels tallers de cuina hem organitzat un taller d\u2019<\/span><b>amanides r\u00e0pides d\u2019estiu amb la instagramer @albitrips<\/b><span style=\"font-weight: 400;\"> i un altre de <\/span><b>postres d\u2019estiu festives amb el cuiner Cesc Alonso<\/b><span style=\"font-weight: 400;\">.<\/span><\/p>\n<p><span style=\"font-weight: 400;\">No t&#8217;ho pensis m\u00e9s i reserva ja la teva entrada!<\/span><\/p>\n","protected":false},"excerpt":{"rendered":"<p>L&#8217;estiu ja \u00e9s aqu\u00ed i et portem un calendari ple d&#8217;experi\u00e8ncies per gaudir-ne al m\u00e0xim! Descobreix els secrets dels nostres tom\u00e0quets amb una visita a l&#8217;hivernacle d&#8217;I+D o delecta el teu paladar amb un maridatge de vins i caves amb tom\u00e0quets. Assaboreix el millor producte de temporada a &#8220;El Gastron\u00f2mic: Sabors d&#8217;estiu&#8221;, viatja sense moure&#8217;t &hellip; <a href=\"https:\/\/www.ametllerorigenwp.com\/ca\/viu-un-estiu-ple-de-sabor-experiencies-de-juliol\/\" class=\"more-link\">Continua llegint <span class=\"screen-reader-text\">\u00abViu un estiu ple de sabor: experi\u00e8ncies de juliol!\u00bb<\/span><\/a><\/p>\n","protected":false},"author":5,"featured_media":13398,"comment_status":"closed","ping_status":"closed","sticky":false,"template":"","format":"standard","meta":{"_uag_custom_page_level_css":"","advgb_blocks_editor_width":"","advgb_blocks_columns_visual_guide":"","footnotes":""},"categories":[2],"tags":[],"class_list":["post-13397","post","type-post","status-publish","format-standard","has-post-thumbnail","hentry","category-noticies"],"author_meta":{"display_name":"Mireia Zaragoza","author_link":"https:\/\/www.ametllerorigenwp.com\/ca\/author\/mzaragoza\/"},"featured_img":"https:\/\/www.ametllerorigenwp.com\/wp-content\/uploads\/2025\/06\/Captura-2025-03-14-111615_1.5.1-1-300x102.jpg","uagb_featured_image_src":{"full":["https:\/\/www.ametllerorigenwp.com\/wp-content\/uploads\/2025\/06\/Captura-2025-03-14-111615_1.5.1-1.jpg",1000,340,false],"thumbnail":["https:\/\/www.ametllerorigenwp.com\/wp-content\/uploads\/2025\/06\/Captura-2025-03-14-111615_1.5.1-1-150x150.jpg",150,150,true],"medium":["https:\/\/www.ametllerorigenwp.com\/wp-content\/uploads\/2025\/06\/Captura-2025-03-14-111615_1.5.1-1-300x102.jpg",300,102,true],"medium_large":["https:\/\/www.ametllerorigenwp.com\/wp-content\/uploads\/2025\/06\/Captura-2025-03-14-111615_1.5.1-1-768x261.jpg",768,261,true],"large":["https:\/\/www.ametllerorigenwp.com\/wp-content\/uploads\/2025\/06\/Captura-2025-03-14-111615_1.5.1-1.jpg",840,286,false],"1536x1536":["https:\/\/www.ametllerorigenwp.com\/wp-content\/uploads\/2025\/06\/Captura-2025-03-14-111615_1.5.1-1.jpg",1000,340,false],"2048x2048":["https:\/\/www.ametllerorigenwp.com\/wp-content\/uploads\/2025\/06\/Captura-2025-03-14-111615_1.5.1-1.jpg",1000,340,false],"post-thumbnail":["https:\/\/www.ametllerorigenwp.com\/wp-content\/uploads\/2025\/06\/Captura-2025-03-14-111615_1.5.1-1.jpg",1000,340,false]},"uagb_author_info":{"display_name":"Mireia Zaragoza","author_link":"https:\/\/www.ametllerorigenwp.com\/ca\/author\/mzaragoza\/"},"uagb_comment_info":0,"uagb_excerpt":"L&#8217;estiu ja \u00e9s aqu\u00ed i et portem un calendari ple d&#8217;experi\u00e8ncies per gaudir-ne al m\u00e0xim! Descobreix els secrets dels nostres tom\u00e0quets amb una visita a l&#8217;hivernacle d&#8217;I+D o delecta el teu paladar amb un maridatge de vins i caves amb tom\u00e0quets. Assaboreix el millor producte de temporada a &#8220;El Gastron\u00f2mic: Sabors d&#8217;estiu&#8221;, viatja sense moure&#8217;t&hellip;","coauthors":[],"tax_additional":{"categories":{"linked":["<a href=\"https:\/\/www.ametllerorigenwp.com\/ca\/category\/noticies\/\" class=\"advgb-post-tax-term\">Noticies<\/a>"],"unlinked":["<span class=\"advgb-post-tax-term\">Noticies<\/span>"]}},"comment_count":"0","relative_dates":{"created":"Posted 10 mesos ago","modified":"Updated 10 mesos ago"},"absolute_dates":{"created":"Posted on 28 de juny de 2025","modified":"Updated on 27 de juny de 2025"},"absolute_dates_time":{"created":"Posted on 28 de juny de 2025 01:00","modified":"Updated on 27 de juny de 2025 10:22"},"featured_img_caption":"","series_order":"","show_in_app":true,"fecha_inicio_destacado":null,"hora_inicio_visualizacion":null,"minutos_inicio_visualizacion":null,"fecha_final_destacado":null,"hora_final_visualizacion":null,"minutos_final_visualizacion":null,"posicion_visualizacion":null,"estado_destacado":null,"niveles_destacados":null,"url_del_enlace":null,"banner_destacado":null,"posicion_visualizacion_de_la_noticia":"01","estado_noticia":["Visible"],"fecha_de_inicio_de_visualizacion_del_tutorial":null,"hora_inicio_visualizacion_tutorial":null,"minutos_inicio_visualizacion_tutorial":null,"fecha_de_final_de_visualizacion_del_tutorial":null,"hora_final_visualizacion_tutorial":null,"minutos_final_visualizacion_tutorial":null,"numero_de_veces_visto":null,"numero_de_veces_total":null,"niveles_tutorial":null,"tutorial_recursos_castellano":null,"tutorial_recursos_catalan":null,"dias_disponibles":null,"dias_de_la_semana":null,"dias_del_mes":null,"other_lang_post_id":13401,"lang":"ca","campanya_descripcion":null,"campanya_fecha_inicio":null,"campanya_fecha_fin":null,"campanya_legales":null,"campanya_imagen":null,"campanya_characteristics":null,"campanya_url":null,"campanya_posicion_visualizacion":null,"campanya_estado":null,"_links":{"self":[{"href":"https:\/\/www.ametllerorigenwp.com\/ca\/wp-json\/wp\/v2\/posts\/13397","targetHints":{"allow":["GET"]}}],"collection":[{"href":"https:\/\/www.ametllerorigenwp.com\/ca\/wp-json\/wp\/v2\/posts"}],"about":[{"href":"https:\/\/www.ametllerorigenwp.com\/ca\/wp-json\/wp\/v2\/types\/post"}],"author":[{"embeddable":true,"href":"https:\/\/www.ametllerorigenwp.com\/ca\/wp-json\/wp\/v2\/users\/5"}],"replies":[{"embeddable":true,"href":"https:\/\/www.ametllerorigenwp.com\/ca\/wp-json\/wp\/v2\/comments?post=13397"}],"version-history":[{"count":1,"href":"https:\/\/www.ametllerorigenwp.com\/ca\/wp-json\/wp\/v2\/posts\/13397\/revisions"}],"predecessor-version":[{"id":13400,"href":"https:\/\/www.ametllerorigenwp.com\/ca\/wp-json\/wp\/v2\/posts\/13397\/revisions\/13400"}],"wp:featuredmedia":[{"embeddable":true,"href":"https:\/\/www.ametllerorigenwp.com\/ca\/wp-json\/wp\/v2\/media\/13398"}],"wp:attachment":[{"href":"https:\/\/www.ametllerorigenwp.com\/ca\/wp-json\/wp\/v2\/media?parent=13397"}],"wp:term":[{"taxonomy":"category","embeddable":true,"href":"https:\/\/www.ametllerorigenwp.com\/ca\/wp-json\/wp\/v2\/categories?post=13397"},{"taxonomy":"post_tag","embeddable":true,"href":"https:\/\/www.ametllerorigenwp.com\/ca\/wp-json\/wp\/v2\/tags?post=13397"}],"curies":[{"name":"wp","href":"https:\/\/api.w.org\/{rel}","templated":true}]}}